{"id":54416,"date":"2023-05-09T18:24:28","date_gmt":"2023-05-09T21:24:28","guid":{"rendered":"https:\/\/mpiaui.com.br\/protagonismo-jovem-escolas-estaduais-de-teresina-recebem-visita-da-equipe-de-supervisao-dos-gremios-estudantis\/"},"modified":"2023-05-09T18:24:28","modified_gmt":"2023-05-09T21:24:28","slug":"protagonismo-jovem-escolas-estaduais-de-teresina-recebem-visita-da-equipe-de-supervisao-dos-gremios-estudantis","status":"publish","type":"post","link":"https:\/\/mpiaui.com.br\/antigo\/?p=54416","title":{"rendered":"Protagonismo jovem: Escolas estaduais de Teresina recebem visita da equipe de Supervis\u00e3o dos Gr\u00eamios Estudantis"},"content":{"rendered":"<p> [ad_1]<br \/>\n<\/p>\n<div>\n<p>Fortalecer a participa\u00e7\u00e3o e o protagonismo estudantil \u00e9 uma das diretrizes pedag\u00f3gicas que envolvem o planejamento estrat\u00e9gico da Secretaria da Educa\u00e7\u00e3o (Seduc). Nesse sentido, a equipe que comp\u00f5e a Supervis\u00e3o \u00e0s A\u00e7\u00f5es dos Gr\u00eamios Estudantis (SUGRES) realizou uma s\u00e9rie de visitas \u00e0s Unidades Escolares Estado de S\u00e3o Paulo, Dom\u00edcio Magalh\u00e3es de Melo e Lourival Parente, em Teresina, nesta ter\u00e7a-feira (9). A a\u00e7\u00e3o faz parte de um calend\u00e1rio de visitas com encontros formativos sobre a import\u00e2ncia do gr\u00eamio estudantil para a escola.<\/p>\n<p>De acordo com Hedson Barata, supervisor de Gr\u00eamios Estudantis, o objetivo da visita foi de orientar tanto o corpo docente e gestor da escola, como os estudantes sobre a import\u00e2ncia da instala\u00e7\u00e3o do gr\u00eamio estudantil. \u201cTivemos um encontro com os l\u00edderes de turma, fazendo a forma\u00e7\u00e3o do Gr\u00eamio Estudantil, criando tamb\u00e9m a comiss\u00e3o Pr\u00f3-Gr\u00eamio para andamento da cria\u00e7\u00e3o do Gr\u00eamio Estudantil nas escolas. O p\u00fablico-alvo s\u00e3o os alunos da 1\u00aa a 3\u00aa S\u00e9rie do Ensino M\u00e9dio matriculados regularmente nas escolas da Rede Estadual. Num primeiro momento, buscamos fazer uma forma\u00e7\u00e3o com os gestores e diretores das escolas. Depois \u00e9 feito um encontro regional com as escolas j\u00e1 visitadas para fazer atendimento aos estudantes, com palestras sobre lideran\u00e7a e constitui\u00e7\u00e3o do gr\u00eamio, direitos e deveres\u201d, esclarece.<\/p>\n<p>O cronograma de atividades previsto para 2023 inclui a meta de expandir o n\u00famero de gr\u00eamios estudantis nas escolas para realizar trabalhos com foco no protagonismo dos estudantes. \u201cO gr\u00eamio garante a participa\u00e7\u00e3o ativa dos estudantes, n\u00e3o apenas na escola, como na sociedade. Al\u00e9m de ser relevante para fortalecer a cidadania e democratizar a escola, dando voz aos jovens e levando suas considera\u00e7\u00f5es e opini\u00f5es aos respons\u00e1veis\u201d, conta Vin\u00edcius Noleto, supervisor de Gr\u00eamios Estudantis que tamb\u00e9m esteve presente na visita.<\/p>\n<p><img decoding=\"async\" loading=\"lazy\" class=\"size-medium wp-image-87801 aligncenter\" src=\"https:\/\/www.pi.gov.br\/wp-content\/uploads\/2023\/05\/WhatsApp-Image-2023-05-09-at-15.28.27-1-730x548.jpeg\" alt=\"\" width=\"730\" height=\"548\" srcset=\"https:\/\/www.pi.gov.br\/wp-content\/uploads\/2023\/05\/WhatsApp-Image-2023-05-09-at-15.28.27-1-730x548.jpeg 730w, https:\/\/www.pi.gov.br\/wp-content\/uploads\/2023\/05\/WhatsApp-Image-2023-05-09-at-15.28.27-1-1070x803.jpeg 1070w, https:\/\/www.pi.gov.br\/wp-content\/uploads\/2023\/05\/WhatsApp-Image-2023-05-09-at-15.28.27-1-768x576.jpeg 768w, https:\/\/www.pi.gov.br\/wp-content\/uploads\/2023\/05\/WhatsApp-Image-2023-05-09-at-15.28.27-1-1536x1152.jpeg 1536w, https:\/\/www.pi.gov.br\/wp-content\/uploads\/2023\/05\/WhatsApp-Image-2023-05-09-at-15.28.27-1.jpeg 1600w\" sizes=\"auto, (max-width: 730px) 100vw, 730px\"\/><\/p>\n<p>O gr\u00eamio estudantil representa os interesses dos estudantes e leva reivindica\u00e7\u00f5es \u00e0s inst\u00e2ncias escolares, al\u00e9m de propor a execu\u00e7\u00e3o das mais diversas atividades desenvolvidas nos espa\u00e7os educacionais como palestras, exposi\u00e7\u00f5es, jogos esportivos, eventos culturais, aulas complementares, dentre outros.<\/p>\n<p>\u00a0<\/p>\n<p>\u00a0<\/p>\n<\/p><\/div>\n<p><script async=\"\" defer=\"\" crossorigin=\"anonymous\" src=\"https:\/\/connect.facebook.net\/pt_BR\/sdk.js#xfbml=1&#038;version=v3.3\"><\/script><br \/>\n<br \/>[ad_2]<\/p>\n","protected":false},"excerpt":{"rendered":"<p>[ad_1] Fortalecer a participa\u00e7\u00e3o e o protagonismo estudantil \u00e9 uma das diretrizes pedag\u00f3gicas que envolvem o planejamento estrat\u00e9gico da Secretaria da Educa\u00e7\u00e3o (Seduc). Nesse sentido, a equipe que comp\u00f5e a&hellip; <\/p>\n","protected":false},"author":1,"featured_media":54417,"comment_status":"open","ping_status":"open","sticky":false,"template":"","format":"standard","meta":{"footnotes":""},"categories":[938],"tags":[],"class_list":["post-54416","post","type-post","status-publish","format-standard","has-post-thumbnail","hentry","category-governador"],"_links":{"self":[{"href":"https:\/\/mpiaui.com.br\/antigo\/index.php?rest_route=\/wp\/v2\/posts\/54416","targetHints":{"allow":["GET"]}}],"collection":[{"href":"https:\/\/mpiaui.com.br\/antigo\/index.php?rest_route=\/wp\/v2\/posts"}],"about":[{"href":"https:\/\/mpiaui.com.br\/antigo\/index.php?rest_route=\/wp\/v2\/types\/post"}],"author":[{"embeddable":true,"href":"https:\/\/mpiaui.com.br\/antigo\/index.php?rest_route=\/wp\/v2\/users\/1"}],"replies":[{"embeddable":true,"href":"https:\/\/mpiaui.com.br\/antigo\/index.php?rest_route=%2Fwp%2Fv2%2Fcomments&post=54416"}],"version-history":[{"count":0,"href":"https:\/\/mpiaui.com.br\/antigo\/index.php?rest_route=\/wp\/v2\/posts\/54416\/revisions"}],"wp:featuredmedia":[{"embeddable":true,"href":"https:\/\/mpiaui.com.br\/antigo\/index.php?rest_route=\/wp\/v2\/media\/54417"}],"wp:attachment":[{"href":"https:\/\/mpiaui.com.br\/antigo\/index.php?rest_route=%2Fwp%2Fv2%2Fmedia&parent=54416"}],"wp:term":[{"taxonomy":"category","embeddable":true,"href":"https:\/\/mpiaui.com.br\/antigo\/index.php?rest_route=%2Fwp%2Fv2%2Fcategories&post=54416"},{"taxonomy":"post_tag","embeddable":true,"href":"https:\/\/mpiaui.com.br\/antigo\/index.php?rest_route=%2Fwp%2Fv2%2Ftags&post=54416"}],"curies":[{"name":"wp","href":"https:\/\/api.w.org\/{rel}","templated":true}]}}