{"id":54420,"date":"2023-05-09T19:07:40","date_gmt":"2023-05-09T22:07:40","guid":{"rendered":"https:\/\/mpiaui.com.br\/ebc-produz-minidoc-sobre-seguranca-nas-escolas\/"},"modified":"2023-05-09T19:07:40","modified_gmt":"2023-05-09T22:07:40","slug":"ebc-produz-minidoc-sobre-seguranca-nas-escolas","status":"publish","type":"post","link":"https:\/\/mpiaui.com.br\/antigo\/?p=54420","title":{"rendered":"EBC produz minidoc sobre seguran\u00e7a nas escolas"},"content":{"rendered":"<p><\/p>\n<div>\n<p>\u201cHoje em dia, a gente t\u00e1 saindo de casa com medo de deixar nossos filhos na escola. Eu at\u00e9 me emociono de falar, porque eu me sinto no lugar dessa m\u00e3e que perdeu os filhos e isso \u00e9 muito do\u00eddo!\u201d\u00a0<\/p>\n<p>\u201cEssas not\u00edcias, essas amea\u00e7as me fazem me sentir um pouco insegura sim, me deixam um pouco receosa, mas eu me sinto segura por causa dos seguran\u00e7as, por causa da aten\u00e7\u00e3o dos professores com a gente. A \u00fanica coisa que eu sinto um pouco de falta \u00e9 que a gente poderia ser treinado, tendo no\u00e7\u00e3o do que fazer nessas situa\u00e7\u00f5es.\u201d\u00a0<\/p>\n<p>Os depoimentos s\u00e3o da diarista Maria Fabiana de Aquino Matos, m\u00e3e de tr\u00eas crian\u00e7as, e da estudante Bianca Guterres, de 15 anos.\u00a0<\/p>\n<p>Os recentes casos de viol\u00eancia nas escolas t\u00eam provocado discuss\u00f5es que v\u00e3o al\u00e9m da seguran\u00e7a p\u00fablica e englobam tamb\u00e9m problemas sociais.<\/p>\n<p>O minidoc <em>Uma Escola mais Segura\u00a0<\/em>faz uma reflex\u00e3o sobre como esses casos interferem no dia a dia de\u00a0alunos e professores. Al\u00e9m disso, traz entrevistas com\u00a0especialistas que falam sobre os perigos\u00a0das redes sociais e a import\u00e2ncia do\u00a0papel\u00a0dos pais e da escola. A reportagem aborda tamb\u00e9m as a\u00e7\u00f5es do governo federal para resolver o problema.\u00a0<\/p>\n<p>A produ\u00e7\u00e3o \u00e9 da equipe da Superintend\u00eancia de Comunica\u00e7\u00e3o Digital e M\u00eddias Sociais da<strong> EBC<\/strong>, com roteiro de Karla Wathier, imagens de Jorge Monforte, dire\u00e7\u00e3o de Leandro Rolim e edi\u00e7\u00e3o de Felipe Leite.<\/p>\n<h2>Confira o minidoc:<\/h2>\n<p><iframe loading=\"lazy\" title=\"Uma Escola Mais Segura\" width=\"1110\" height=\"624\" src=\"https:\/\/www.youtube.com\/embed\/3gOTYl49zu4?feature=oembed\" frameborder=\"0\" allow=\"accelerometer; autoplay; clipboard-write; encrypted-media; gyroscope; picture-in-picture; web-share\" allowfullscreen><\/iframe><\/p>\n<\/p><\/div>\n","protected":false},"excerpt":{"rendered":"<p>\u201cHoje em dia, a gente t\u00e1 saindo de casa com medo de deixar nossos filhos na escola. Eu at\u00e9 me emociono de falar, porque eu me sinto no lugar dessa&hellip; <\/p>\n","protected":false},"author":1,"featured_media":54421,"comment_status":"open","ping_status":"open","sticky":false,"template":"","format":"standard","meta":{"footnotes":""},"categories":[802],"tags":[],"class_list":["post-54420","post","type-post","status-publish","format-standard","has-post-thumbnail","hentry","category-nacional"],"_links":{"self":[{"href":"https:\/\/mpiaui.com.br\/antigo\/index.php?rest_route=\/wp\/v2\/posts\/54420","targetHints":{"allow":["GET"]}}],"collection":[{"href":"https:\/\/mpiaui.com.br\/antigo\/index.php?rest_route=\/wp\/v2\/posts"}],"about":[{"href":"https:\/\/mpiaui.com.br\/antigo\/index.php?rest_route=\/wp\/v2\/types\/post"}],"author":[{"embeddable":true,"href":"https:\/\/mpiaui.com.br\/antigo\/index.php?rest_route=\/wp\/v2\/users\/1"}],"replies":[{"embeddable":true,"href":"https:\/\/mpiaui.com.br\/antigo\/index.php?rest_route=%2Fwp%2Fv2%2Fcomments&post=54420"}],"version-history":[{"count":0,"href":"https:\/\/mpiaui.com.br\/antigo\/index.php?rest_route=\/wp\/v2\/posts\/54420\/revisions"}],"wp:featuredmedia":[{"embeddable":true,"href":"https:\/\/mpiaui.com.br\/antigo\/index.php?rest_route=\/wp\/v2\/media\/54421"}],"wp:attachment":[{"href":"https:\/\/mpiaui.com.br\/antigo\/index.php?rest_route=%2Fwp%2Fv2%2Fmedia&parent=54420"}],"wp:term":[{"taxonomy":"category","embeddable":true,"href":"https:\/\/mpiaui.com.br\/antigo\/index.php?rest_route=%2Fwp%2Fv2%2Fcategories&post=54420"},{"taxonomy":"post_tag","embeddable":true,"href":"https:\/\/mpiaui.com.br\/antigo\/index.php?rest_route=%2Fwp%2Fv2%2Ftags&post=54420"}],"curies":[{"name":"wp","href":"https:\/\/api.w.org\/{rel}","templated":true}]}}