{"id":54422,"date":"2023-05-09T19:53:28","date_gmt":"2023-05-09T22:53:28","guid":{"rendered":"https:\/\/mpiaui.com.br\/dino-fala-em-tomar-providencias-legais-contra-telegram\/"},"modified":"2023-05-09T19:53:28","modified_gmt":"2023-05-09T22:53:28","slug":"dino-fala-em-tomar-providencias-legais-contra-telegram","status":"publish","type":"post","link":"https:\/\/mpiaui.com.br\/antigo\/?p=54422","title":{"rendered":"Dino fala em tomar provid\u00eancias legais contra Telegram"},"content":{"rendered":"<p><\/p>\n<div>\n<p>O ministro da Justi\u00e7a e Seguran\u00e7a P\u00fablica, Fl\u00e1vio Dino, publicou, na tarde desta ter\u00e7a-feira (9), em sua conta do Twitter, mensagem afirmando que provid\u00eancias legais ser\u00e3o tomadas em rela\u00e7\u00e3o ao Telegram. Horas antes, a plataforma de mensagens instant\u00e2neas promoveu o envio em massa de comunicado a seus usu\u00e1rios contra o Projeto de Lei (PL 2630\/2020), o PL das Fake News.<\/p>\n<p>No texto, o Telegram afirma aos usu\u00e1rios da rede que o PL \u201cconcede poderes de censura ao governo\u201d. O Telegram diz ainda que o monitoramento das postagens pelas pr\u00f3prias redes sociais criaria \u201cum sistema de vigil\u00e2ncia permanente, semelhante ao de pa\u00edses com regimes antidemocr\u00e1ticos\u201d.<\/p>\n<p>Em resposta, Fl\u00e1vio Dino classificou o in\u00edcio da postagem do Telegram como \u201cum amontoado absurdo\u201d contra as institui\u00e7\u00f5es brasileiras. O ministro ainda questionou se a <em>big tech<\/em> pretende provocar novos ataques contra a democracia, como os que <a href=\"https:\/\/agenciabrasil.ebc.com.br\/geral\/noticia\/2023-01\/manifestantes-invadem-congresso-planalto-e-stf\" target=\"_blank\" rel=\"noopener\">ocorreram em 8 de janeiro<\/a>, em Bras\u00edlia, na tentativa de golpe contra o Estado brasileiro.<\/p>\n<p>\u201cA democracia est\u00e1 sob ataque no Brasil. Assim come\u00e7a um amontoado absurdo postado pela empresa Telegram contra as institui\u00e7\u00f5es brasileiras. O que pretendem? Provocar um outro 8 de janeiro? Provid\u00eancias legais est\u00e3o sendo tomadas contra esse imp\u00e9rio de mentiras e agress\u00f5es\u201d, publica ministro da Justi\u00e7a, em rede social.<\/p>\n<p>O Minist\u00e9rio da Justi\u00e7a disse \u00e0 Ag\u00eancia Brasil que a Secretaria Nacional do Consumidor (Senacon) ir\u00e1 notificar o Telegram a respeito de mensagem divulgada pela plataforma sobre o PL 2630\/2020. Al\u00e9m disso, outras medidas poder\u00e3o ser anunciadas em breve.<\/p>\n<h2>Google<\/h2>\n<p>Na semana passada, a p\u00e1gina principal do Google tamb\u00e9m exibiu, abaixo da lacuna de buscas, um link de acesso \u00e0 conte\u00fado contr\u00e1rio \u00e0 proposta que tramita no Congresso Nacional deste 2020. O governo federal, por meio da Senacon, <a href=\"https:\/\/agenciabrasil.ebc.com.br\/geral\/noticia\/2023-05\/notificada-google-retira-link-para-texto-contra-pl-das-fake-news\" target=\"_blank\" rel=\"noopener\">notificou o site e este conte\u00fado foi retirado do ar<\/a>.<\/p>\n<p>Na ocasi\u00e3o, o \u00f3rg\u00e3o ainda determinou ao Google que informe os consumidores sobre eventual conflito de interesse na quest\u00e3o, j\u00e1 que uma aprova\u00e7\u00e3o do projeto impactaria nas opera\u00e7\u00f5es da gigante de servi\u00e7os online e software.<\/p>\n<p>No entanto, o projeto de lei atacado pelas chamadas <em>big techs<\/em> <a href=\"https:\/\/agenciabrasil.ebc.com.br\/politica\/noticia\/2023-05\/arthur-lira-retira-de-pauta-votacao-do-pl-das-fake-news\" target=\"_blank\" rel=\"noopener\">teve a vota\u00e7\u00e3o adiada<\/a> pela C\u00e2mara dos Deputados.<\/p>\n<p>Ainda n\u00e3o foi definido novo prazo para que o PL das Fake News seja votado pelos parlamentares.<\/p>\n<\/p><\/div>\n","protected":false},"excerpt":{"rendered":"<p>O ministro da Justi\u00e7a e Seguran\u00e7a P\u00fablica, Fl\u00e1vio Dino, publicou, na tarde desta ter\u00e7a-feira (9), em sua conta do Twitter, mensagem afirmando que provid\u00eancias legais ser\u00e3o tomadas em rela\u00e7\u00e3o ao&hellip; <\/p>\n","protected":false},"author":1,"featured_media":54108,"comment_status":"open","ping_status":"open","sticky":false,"template":"","format":"standard","meta":{"footnotes":""},"categories":[802],"tags":[],"class_list":["post-54422","post","type-post","status-publish","format-standard","has-post-thumbnail","hentry","category-nacional"],"_links":{"self":[{"href":"https:\/\/mpiaui.com.br\/antigo\/index.php?rest_route=\/wp\/v2\/posts\/54422","targetHints":{"allow":["GET"]}}],"collection":[{"href":"https:\/\/mpiaui.com.br\/antigo\/index.php?rest_route=\/wp\/v2\/posts"}],"about":[{"href":"https:\/\/mpiaui.com.br\/antigo\/index.php?rest_route=\/wp\/v2\/types\/post"}],"author":[{"embeddable":true,"href":"https:\/\/mpiaui.com.br\/antigo\/index.php?rest_route=\/wp\/v2\/users\/1"}],"replies":[{"embeddable":true,"href":"https:\/\/mpiaui.com.br\/antigo\/index.php?rest_route=%2Fwp%2Fv2%2Fcomments&post=54422"}],"version-history":[{"count":0,"href":"https:\/\/mpiaui.com.br\/antigo\/index.php?rest_route=\/wp\/v2\/posts\/54422\/revisions"}],"wp:featuredmedia":[{"embeddable":true,"href":"https:\/\/mpiaui.com.br\/antigo\/index.php?rest_route=\/wp\/v2\/media\/54108"}],"wp:attachment":[{"href":"https:\/\/mpiaui.com.br\/antigo\/index.php?rest_route=%2Fwp%2Fv2%2Fmedia&parent=54422"}],"wp:term":[{"taxonomy":"category","embeddable":true,"href":"https:\/\/mpiaui.com.br\/antigo\/index.php?rest_route=%2Fwp%2Fv2%2Fcategories&post=54422"},{"taxonomy":"post_tag","embeddable":true,"href":"https:\/\/mpiaui.com.br\/antigo\/index.php?rest_route=%2Fwp%2Fv2%2Ftags&post=54422"}],"curies":[{"name":"wp","href":"https:\/\/api.w.org\/{rel}","templated":true}]}}