{"id":54425,"date":"2023-05-09T20:41:14","date_gmt":"2023-05-09T23:41:14","guid":{"rendered":"https:\/\/mpiaui.com.br\/morre-dr-manuel-farias-pediatra-da-regiao-litoranea-do-piaui\/"},"modified":"2023-05-09T20:41:14","modified_gmt":"2023-05-09T23:41:14","slug":"morre-dr-manuel-farias-pediatra-da-regiao-litoranea-do-piaui","status":"publish","type":"post","link":"https:\/\/mpiaui.com.br\/antigo\/?p=54425","title":{"rendered":"Morre Dr. Manuel Farias, pediatra da regi\u00e3o litor\u00e2nea do Piau\u00ed"},"content":{"rendered":"<p><\/p>\n<div id=\"post-body-2650790227372322176\" itemprop=\"description articleBody\">\n<div class=\"separator\" style=\"clear: both; text-align: center;\"><span style=\"font-family: verdana; margin-left: 1em; margin-right: 1em;\"><img loading=\"lazy\" decoding=\"async\" border=\"0\" height=\"391\" src=\"https:\/\/blogger.googleusercontent.com\/img\/b\/R29vZ2xl\/AVvXsEjpHdgAy_Ww2X9rJ8M6RLPELFNBnaTNAgBhh7QlEpErzNnbAWvx_ofdMBindK4w9CjBM396FerjXm06LNOR8_hoAKm9hEpyKm2r_-3tF0RtwWpdASsUMs0nCqKtvIRgHRTrmKc0Uf_Woh9pWL-0bxLvqP8LpM5e-HNuC3JIqoUYL50TS0Bb1zYbUcp-\/w640-h391\/Sem%20t%C3%ADtulo.jpg\" width=\"640\"\/><\/span><\/div>\n<p><span style=\"font-family: verdana;\">Na manh\u00e3 desta ter\u00e7a-feira, dia 9 de maio, o m\u00e9dico e empres\u00e1rio Manuel Farias faleceu na UTI do Hospital Marques Basto, ap\u00f3s longo per\u00edodo com a sa\u00fade comprometida.\u00a0\u00a0<\/span><span style=\"font-family: verdana;\">Manuel Farias Filho era natural da Para\u00edba e contribuiu muito para o desenvolvimento da sa\u00fade do litoral piauiense como pediatra e propriet\u00e1rio da Pronto-cl\u00ednica, localizada na Avenida Chagas Rodrigues. Al\u00e9m disso, o m\u00e9dico tamb\u00e9m possu\u00eda outros investimentos na cidade, como o Nautillus hotel.\u00a0<\/span><span style=\"font-family: verdana;\">O vel\u00f3rio est\u00e1 sendo realizado no Jardim Eterno e o sepultamento ser\u00e1 na tarde de hoje.<\/span><\/p>\n<p><span style=\"font-family: verdana;\"><b>Fonte: Blog do Pessoa<\/b><\/span><\/p>\n<\/div>\n","protected":false},"excerpt":{"rendered":"<p>Na manh\u00e3 desta ter\u00e7a-feira, dia 9 de maio, o m\u00e9dico e empres\u00e1rio Manuel Farias faleceu na UTI do Hospital Marques Basto, ap\u00f3s longo per\u00edodo com a sa\u00fade comprometida.\u00a0\u00a0Manuel Farias Filho&hellip; <\/p>\n","protected":false},"author":1,"featured_media":54426,"comment_status":"open","ping_status":"open","sticky":false,"template":"","format":"standard","meta":{"footnotes":""},"categories":[57],"tags":[],"class_list":["post-54425","post","type-post","status-publish","format-standard","has-post-thumbnail","hentry","category-parnaiba"],"_links":{"self":[{"href":"https:\/\/mpiaui.com.br\/antigo\/index.php?rest_route=\/wp\/v2\/posts\/54425","targetHints":{"allow":["GET"]}}],"collection":[{"href":"https:\/\/mpiaui.com.br\/antigo\/index.php?rest_route=\/wp\/v2\/posts"}],"about":[{"href":"https:\/\/mpiaui.com.br\/antigo\/index.php?rest_route=\/wp\/v2\/types\/post"}],"author":[{"embeddable":true,"href":"https:\/\/mpiaui.com.br\/antigo\/index.php?rest_route=\/wp\/v2\/users\/1"}],"replies":[{"embeddable":true,"href":"https:\/\/mpiaui.com.br\/antigo\/index.php?rest_route=%2Fwp%2Fv2%2Fcomments&post=54425"}],"version-history":[{"count":0,"href":"https:\/\/mpiaui.com.br\/antigo\/index.php?rest_route=\/wp\/v2\/posts\/54425\/revisions"}],"wp:featuredmedia":[{"embeddable":true,"href":"https:\/\/mpiaui.com.br\/antigo\/index.php?rest_route=\/wp\/v2\/media\/54426"}],"wp:attachment":[{"href":"https:\/\/mpiaui.com.br\/antigo\/index.php?rest_route=%2Fwp%2Fv2%2Fmedia&parent=54425"}],"wp:term":[{"taxonomy":"category","embeddable":true,"href":"https:\/\/mpiaui.com.br\/antigo\/index.php?rest_route=%2Fwp%2Fv2%2Fcategories&post=54425"},{"taxonomy":"post_tag","embeddable":true,"href":"https:\/\/mpiaui.com.br\/antigo\/index.php?rest_route=%2Fwp%2Fv2%2Ftags&post=54425"}],"curies":[{"name":"wp","href":"https:\/\/api.w.org\/{rel}","templated":true}]}}