{"id":54427,"date":"2023-05-09T21:44:27","date_gmt":"2023-05-10T00:44:27","guid":{"rendered":"https:\/\/mpiaui.com.br\/assistencia-social-de-bom-principio-do-piaui-iniciara-campanha-maio-laranja-nesta-quarta-feira-10-de-maio\/"},"modified":"2023-05-09T21:44:27","modified_gmt":"2023-05-10T00:44:27","slug":"assistencia-social-de-bom-principio-do-piaui-iniciara-campanha-maio-laranja-nesta-quarta-feira-10-de-maio","status":"publish","type":"post","link":"https:\/\/mpiaui.com.br\/antigo\/?p=54427","title":{"rendered":"Assist\u00eancia Social de Bom Princ\u00edpio do Piau\u00ed iniciar\u00e1 campanha Maio Laranja nesta quarta-feira 10 de Maio"},"content":{"rendered":"<p><\/p>\n<div id=\"post-body-1924007071533924590\" itemprop=\"description articleBody\">\n<div style=\"text-align: justify;\">\n<div class=\"separator\" style=\"clear: both; text-align: center;\"><a href=\"https:\/\/blogger.googleusercontent.com\/img\/b\/R29vZ2xl\/AVvXsEjdrKlFHvcxmAb1-sLrFtKx1SPlpTvd17Wy8XiNb8s_pWw3tqZKZoVtqpn9JBt8nSq7rPpBbYrOO1VjsPU79EGWJiSDYaqhqQJWEzJKOv1JVYubMf-yhujUn25lUHRUpJpIKTHU8RFB1w_pXrt3TrWv91wYK_OlGoThtgoUql4tFCr12OCFSzxEv_c\/s1600\/WhatsApp%20Image%202023-05-09%20at%2016.20.54.jpeg\" style=\"margin-left: 1em; margin-right: 1em;\"><img decoding=\"async\" border=\"0\" src=\"https:\/\/blogger.googleusercontent.com\/img\/b\/R29vZ2xl\/AVvXsEjdrKlFHvcxmAb1-sLrFtKx1SPlpTvd17Wy8XiNb8s_pWw3tqZKZoVtqpn9JBt8nSq7rPpBbYrOO1VjsPU79EGWJiSDYaqhqQJWEzJKOv1JVYubMf-yhujUn25lUHRUpJpIKTHU8RFB1w_pXrt3TrWv91wYK_OlGoThtgoUql4tFCr12OCFSzxEv_c\/w640-h640\/WhatsApp%20Image%202023-05-09%20at%2016.20.54.jpeg\"\/><\/a><\/div>\n<\/div>\n<p><span style=\"font-family: verdana;\">A Secretaria Municipal de Assist\u00eancia Social esteve reunida nesta ter\u00e7a-feira (09\/05) com algumas secretarias com o objetivo de formar alian\u00e7a com o intuito de promover um conjunto integrado de a\u00e7\u00f5es relativas \u00e0 CAMPANHA MAIO LARANJA, com in\u00edcio marcado para a manh\u00e3 desta quarta-feira (10) e se estendendo por todo esse m\u00eas de maio.<\/span><\/p>\n<div class=\"separator\" style=\"clear: both; text-align: center;\"><span style=\"font-family: verdana; margin-left: 1em; margin-right: 1em;\"><img decoding=\"async\" border=\"0\" src=\"https:\/\/blogger.googleusercontent.com\/img\/b\/R29vZ2xl\/AVvXsEi7VxUhtkkc574aPKI-lbHsU5p53iq5JnSu_71FbzL6UE7-rv-F1cn3eXKzbwhme6yvM--D3WUrUNjicWjuuqybeplDH_j-biYhHDV9McxdhNbA3_hJejtbdd72FpIYzN-1by_zqB1KHQNgDxPe_E5M8LNF7NJuqQiPydmKtg-VDPVef2egMLHZi2A\/w640-h366\/WhatsApp%20Image%202023-05-09%20at%2016.17.32.jpeg\"\/><\/span><\/div>\n<p><span style=\"font-family: verdana;\">Segundo a secret\u00e1ria municipal de assist\u00eancia social Rivany Carvalho, as parcerias ser\u00e3o fundamentais pera a campanha. \u201cNosso trabalho \u00e9 realizado a muitas m\u00e3os. Essa \u00e9 uma afirma\u00e7\u00e3o de extrema relev\u00e2ncia, pois refor\u00e7a que n\u00e3o \u00e9 poss\u00edvel trabalharmos sozinhos\u201d, finalizou a secret\u00e1ria Rivany Carvalho.<\/span><\/p>\n<div class=\"separator\" style=\"clear: both; text-align: center;\"><span style=\"font-family: verdana; margin-left: 1em; margin-right: 1em;\"><img decoding=\"async\" border=\"0\" src=\"https:\/\/blogger.googleusercontent.com\/img\/b\/R29vZ2xl\/AVvXsEhZGJ6JiEGYgJa2QiuPYNUxDC_p4dDo0hsV5cAcALu_oeYwcyIv2lW2g8hw-RQj8b3kiQlJQr_iarnRXHA32qoOftKrtJ1rWtnSCCSLgbNksozGnt8FJ5w4KViRwpeOrIN3SfqNP817r9anIkHgiUS1mIdKNkcmo9JHBL1BtpMkicxuKor9lpsJa20\/w640-h444\/WhatsApp%20Image%202023-05-09%20at%2016.17.33.jpeg\"\/><\/span><\/div>\n<div class=\"separator\" style=\"clear: both; text-align: center;\"><span style=\"font-family: verdana; margin-left: 1em; margin-right: 1em;\"><img decoding=\"async\" border=\"0\" src=\"https:\/\/blogger.googleusercontent.com\/img\/b\/R29vZ2xl\/AVvXsEg5kyhYSGIIK5ahkwHNVihkBEhjAUQHf8UNBSoKFwn-eQfdDM15NIFLdmL3ShJnZVgfvSgiFNKZyrS7zzibrvX587NQrbuR3TRX9Sgp2upWeXyBvZeKyUOCwpwU2rwEJ732u9_s-pAhI-I6689qPGIYp-Atb1In0iaUwli9Uh5YEKI6i8FqwWMjC-U\/w640-h514\/WhatsApp%20Image%202023-05-09%20at%2016.17.33%20(1).jpeg\"\/><\/span><\/div>\n<div class=\"separator\" style=\"clear: both; text-align: center;\"><span style=\"font-family: verdana; margin-left: 1em; margin-right: 1em;\"><img decoding=\"async\" border=\"0\" src=\"https:\/\/blogger.googleusercontent.com\/img\/b\/R29vZ2xl\/AVvXsEirrcc4Fa8yo2pgi4EpgAVzDJKjPy_eX6dsH7xdC4yBQc3vRP1rAk0hkeYnr7e5TemTGdJv1DSpousJjAphZwXOERV619S3p8UofHWH3vft2e4ff_7lnWgovhtTVJeFnholcwc5JmtOQL_3aqEbMbEYegpUdPy-NwdDBI6k-UppsIhN1ErKAjUU1OQ\/w468-h640\/WhatsApp%20Image%202023-05-09%20at%2016.17.33%20(2).jpeg\"\/><\/span><\/div>\n<p><span style=\"font-family: verdana;\">\u00a0 \u00a0 \u00a0 \u00a0 \u00a0 \u00a0 \u00a0 \u00a0 \u00a0 \u00a0 \u00a0 \u00a0 \u00a0 \u00a0 \u00a0 \u00a0 \u00a0 \u00a0 \u00a0 \u00a0 \u00a0 FONTE: SECOM &#8211; PMBPP<\/span><\/p>\n<\/div>\n","protected":false},"excerpt":{"rendered":"<p>A Secretaria Municipal de Assist\u00eancia Social esteve reunida nesta ter\u00e7a-feira (09\/05) com algumas secretarias com o objetivo de formar alian\u00e7a com o intuito de promover um conjunto integrado de a\u00e7\u00f5es&hellip; <\/p>\n","protected":false},"author":1,"featured_media":54428,"comment_status":"open","ping_status":"open","sticky":false,"template":"","format":"standard","meta":{"footnotes":""},"categories":[57],"tags":[],"class_list":["post-54427","post","type-post","status-publish","format-standard","has-post-thumbnail","hentry","category-parnaiba"],"_links":{"self":[{"href":"https:\/\/mpiaui.com.br\/antigo\/index.php?rest_route=\/wp\/v2\/posts\/54427","targetHints":{"allow":["GET"]}}],"collection":[{"href":"https:\/\/mpiaui.com.br\/antigo\/index.php?rest_route=\/wp\/v2\/posts"}],"about":[{"href":"https:\/\/mpiaui.com.br\/antigo\/index.php?rest_route=\/wp\/v2\/types\/post"}],"author":[{"embeddable":true,"href":"https:\/\/mpiaui.com.br\/antigo\/index.php?rest_route=\/wp\/v2\/users\/1"}],"replies":[{"embeddable":true,"href":"https:\/\/mpiaui.com.br\/antigo\/index.php?rest_route=%2Fwp%2Fv2%2Fcomments&post=54427"}],"version-history":[{"count":0,"href":"https:\/\/mpiaui.com.br\/antigo\/index.php?rest_route=\/wp\/v2\/posts\/54427\/revisions"}],"wp:featuredmedia":[{"embeddable":true,"href":"https:\/\/mpiaui.com.br\/antigo\/index.php?rest_route=\/wp\/v2\/media\/54428"}],"wp:attachment":[{"href":"https:\/\/mpiaui.com.br\/antigo\/index.php?rest_route=%2Fwp%2Fv2%2Fmedia&parent=54427"}],"wp:term":[{"taxonomy":"category","embeddable":true,"href":"https:\/\/mpiaui.com.br\/antigo\/index.php?rest_route=%2Fwp%2Fv2%2Fcategories&post=54427"},{"taxonomy":"post_tag","embeddable":true,"href":"https:\/\/mpiaui.com.br\/antigo\/index.php?rest_route=%2Fwp%2Fv2%2Ftags&post=54427"}],"curies":[{"name":"wp","href":"https:\/\/api.w.org\/{rel}","templated":true}]}}