{"id":54429,"date":"2023-05-09T22:05:32","date_gmt":"2023-05-10T01:05:32","guid":{"rendered":"https:\/\/mpiaui.com.br\/foragido-da-justica-do-rio-grande-do-norte-e-preso-em-parnaiba-apos-pedir-para-policiais-checarem-seu-cpf\/"},"modified":"2023-05-09T22:05:32","modified_gmt":"2023-05-10T01:05:32","slug":"foragido-da-justica-do-rio-grande-do-norte-e-preso-em-parnaiba-apos-pedir-para-policiais-checarem-seu-cpf","status":"publish","type":"post","link":"https:\/\/mpiaui.com.br\/antigo\/?p=54429","title":{"rendered":"Foragido da Justi\u00e7a do Rio Grande do Norte \u00e9 preso em Parna\u00edba ap\u00f3s pedir para policiais checarem seu CPF"},"content":{"rendered":"<p><\/p>\n<div id=\"post-body-7862879116869379204\" itemprop=\"description articleBody\">\n<div class=\"separator\" style=\"clear: both; text-align: center;\"><span style=\"font-family: verdana; margin-left: 1em; margin-right: 1em;\"><img loading=\"lazy\" decoding=\"async\" height=\"358\" src=\"https:\/\/s2-g1.glbimg.com\/6LdXSK6Ef0wxSSWqOlXWV7u2F28=\/0x0:1280x716\/984x0\/smart\/filters:strip_icc()\/i.s3.glbimg.com\/v1\/AUTH_59edd422c0c84a879bd37670ae4f538a\/internal_photos\/bs\/2019\/R\/S\/aAEaInT629wZcbB1Gz4g\/centralpar.jpg\" width=\"640\"\/><\/span><\/div>\n<p><span style=\"font-family: verdana;\"><b>\u00a0 \u00a0 \u00a0 \u00a0 \u00a0 \u00a0 \u00a0 \u00a0 \u00a0 \u00a0 \u00a0 \u00a0 \u00a0 \u00a0 \u00a0 \u00a0 \u00a0 \u00a0 \u00a0 \u00a0 \u00a0 \u00a0 \u00a0 Foto: Kairo Amaral\/TV Clube<\/b><\/span><\/p>\n<p><span style=\"font-family: verdana;\">A pol\u00edcia suspeita que o homem inventou uma hist\u00f3ria de que uma p\u00e1gina na rede social havia publicado sua foto afirmando ser um procurado da Justi\u00e7a e quis conferir na delegacia a situa\u00e7\u00e3o do seu CPF. Um homem identificado pelas iniciais K.R.S.A, de 20 anos, foi preso nesta segunda-feira (8) durante cumprimento de um mandado de pris\u00e3o preventiva por tr\u00e1fico de drogas, expedido pelo Tribunal de Justi\u00e7a do Rio Grande do Norte. A pris\u00e3o ocorreu nas depend\u00eancias da Delegacia de Crimes Contra o Patrim\u00f4nio (Depatri), em Parna\u00edba, no Litoral do Piau\u00ed.<\/span><\/p>\n<p><span style=\"font-family: verdana;\">Segundo a Pol\u00edcia Civil do Piau\u00ed, o homem foi at\u00e9 a delegacia e contou que havia um perfil de rede social de um portal da sua cidade, Areia Branca (RN), usando a sua foto como foragido da Justi\u00e7a. Ele alegou desconhecimento do caso e pediu para os policiais verificarem o seu CPF.<\/span><\/p>\n<p><span style=\"font-family: verdana;\">\u201cEle ficou sabendo da hist\u00f3ria e &#8216;caiu no mundo&#8217;, express\u00e3o que ele usou, chegou at\u00e9 Parna\u00edba, mas disse que n\u00e3o tinha nenhum conhecido aqui. Ent\u00e3o foi na delegacia e pediu para verificarmos se existia algo no nome dele\u201d, disse o agente.<\/span><\/p>\n<p><span style=\"font-family: verdana;\">Os agentes verificaram o CPF do homem e constatou que havia um mandado de pris\u00e3o preventiva em aberto, pelo crime de tr\u00e1fico de drogas, expedido pela 2\u00aa Vara da Comarca de Areia Branca \u2013 Tribunal de Justi\u00e7a do Rio Grande do Norte.<\/span><\/p>\n<p><span style=\"font-family: verdana;\">Os policiais acreditam que ele j\u00e1 sabia do mandado, mas que inventou a hist\u00f3ria de que sua foto foi divulgada em rede social como procurado. O homem foi conduzido \u00e0 Central de Flagrantes de Parna\u00edba.<\/span><\/p>\n<p><span style=\"font-family: verdana;\"><b>Fonte: G1\/PI<\/b><\/span><\/p>\n<\/div>\n","protected":false},"excerpt":{"rendered":"<p>\u00a0 \u00a0 \u00a0 \u00a0 \u00a0 \u00a0 \u00a0 \u00a0 \u00a0 \u00a0 \u00a0 \u00a0 \u00a0 \u00a0 \u00a0 \u00a0 \u00a0 \u00a0 \u00a0 \u00a0 \u00a0 \u00a0 \u00a0 Foto: Kairo Amaral\/TV Clube A pol\u00edcia suspeita&hellip; <\/p>\n","protected":false},"author":1,"featured_media":0,"comment_status":"open","ping_status":"open","sticky":false,"template":"","format":"standard","meta":{"footnotes":""},"categories":[57],"tags":[],"class_list":["post-54429","post","type-post","status-publish","format-standard","hentry","category-parnaiba"],"_links":{"self":[{"href":"https:\/\/mpiaui.com.br\/antigo\/index.php?rest_route=\/wp\/v2\/posts\/54429","targetHints":{"allow":["GET"]}}],"collection":[{"href":"https:\/\/mpiaui.com.br\/antigo\/index.php?rest_route=\/wp\/v2\/posts"}],"about":[{"href":"https:\/\/mpiaui.com.br\/antigo\/index.php?rest_route=\/wp\/v2\/types\/post"}],"author":[{"embeddable":true,"href":"https:\/\/mpiaui.com.br\/antigo\/index.php?rest_route=\/wp\/v2\/users\/1"}],"replies":[{"embeddable":true,"href":"https:\/\/mpiaui.com.br\/antigo\/index.php?rest_route=%2Fwp%2Fv2%2Fcomments&post=54429"}],"version-history":[{"count":0,"href":"https:\/\/mpiaui.com.br\/antigo\/index.php?rest_route=\/wp\/v2\/posts\/54429\/revisions"}],"wp:attachment":[{"href":"https:\/\/mpiaui.com.br\/antigo\/index.php?rest_route=%2Fwp%2Fv2%2Fmedia&parent=54429"}],"wp:term":[{"taxonomy":"category","embeddable":true,"href":"https:\/\/mpiaui.com.br\/antigo\/index.php?rest_route=%2Fwp%2Fv2%2Fcategories&post=54429"},{"taxonomy":"post_tag","embeddable":true,"href":"https:\/\/mpiaui.com.br\/antigo\/index.php?rest_route=%2Fwp%2Fv2%2Ftags&post=54429"}],"curies":[{"name":"wp","href":"https:\/\/api.w.org\/{rel}","templated":true}]}}