{"id":54430,"date":"2023-05-09T22:06:39","date_gmt":"2023-05-10T01:06:39","guid":{"rendered":"https:\/\/mpiaui.com.br\/vereador-thiago-carvalho-visita-inicio-das-obras-de-calcamento-no-bairro-sao-francisco-em-timon\/"},"modified":"2023-05-09T22:06:39","modified_gmt":"2023-05-10T01:06:39","slug":"vereador-thiago-carvalho-visita-inicio-das-obras-de-calcamento-no-bairro-sao-francisco-em-timon","status":"publish","type":"post","link":"https:\/\/mpiaui.com.br\/antigo\/?p=54430","title":{"rendered":"Vereador Thiago Carvalho visita in\u00edcio das obras de cal\u00e7amento no bairro S\u00e3o Francisco em Timon"},"content":{"rendered":"<p><\/p>\n<div data-td-block-uid=\"tdi_94\">\n<div class=\"tdb-block-inner td-fix-index\">\n<p>O vereador Thiago Carvalho acompanhou, nesta semana, o in\u00edcio das obras de cal\u00e7amento da rua 15, no bairro S\u00e3o Francisco, em Timon. Apesar de um pequeno atraso na execu\u00e7\u00e3o, as obras j\u00e1 iniciaram a todo vapor para trazer melhorias na infraestrutura da regi\u00e3o, al\u00e9m de garantir mobilidade e seguran\u00e7a para a popula\u00e7\u00e3o.<\/p>\n<p>Durante a visita, o vereador agradeceu ao Secret\u00e1rio Municipal de Obras e Infraestrutura, Lourival Alves, e \u00e0 prefeita Dinair Veloso, que tamb\u00e9m esteve presente no in\u00edcio das obras e ouviu as demandas da popula\u00e7\u00e3o e do pr\u00f3prio vereador.<\/p>\n<p>\u201cEstou muito feliz em poder visitar essa importante obra no bairro S\u00e3o Francisco e em saber que em alguns dias os moradores da rua 15 estar\u00e3o morando num local com mais seguran\u00e7a e dignidade\u201d, afirmou o vereador.<\/p>\n<p>A popula\u00e7\u00e3o de Timon pode contar com o apoio do Vereador Thiago Carvalho, que ir\u00e1 acompanhar a execu\u00e7\u00e3o da obra e outras demandas na cidade. A iniciativa representa um importante passo para o desenvolvimento do bairro S\u00e3o Francisco e para a melhoria da qualidade de vida dos moradores da regi\u00e3o. Fonte\/Assessoria.\n<\/p>\n<p><h3 class=\"jp-relatedposts-headline\"><em>Relacionado<\/em><\/h3>\n<\/p>\n<\/div>\n<\/div>\n","protected":false},"excerpt":{"rendered":"<p>O vereador Thiago Carvalho acompanhou, nesta semana, o in\u00edcio das obras de cal\u00e7amento da rua 15, no bairro S\u00e3o Francisco, em Timon. Apesar de um pequeno atraso na execu\u00e7\u00e3o, as&hellip; <\/p>\n","protected":false},"author":1,"featured_media":0,"comment_status":"open","ping_status":"open","sticky":false,"template":"","format":"standard","meta":{"footnotes":""},"categories":[534],"tags":[],"class_list":["post-54430","post","type-post","status-publish","format-standard","hentry","category-timon-ma"],"_links":{"self":[{"href":"https:\/\/mpiaui.com.br\/antigo\/index.php?rest_route=\/wp\/v2\/posts\/54430","targetHints":{"allow":["GET"]}}],"collection":[{"href":"https:\/\/mpiaui.com.br\/antigo\/index.php?rest_route=\/wp\/v2\/posts"}],"about":[{"href":"https:\/\/mpiaui.com.br\/antigo\/index.php?rest_route=\/wp\/v2\/types\/post"}],"author":[{"embeddable":true,"href":"https:\/\/mpiaui.com.br\/antigo\/index.php?rest_route=\/wp\/v2\/users\/1"}],"replies":[{"embeddable":true,"href":"https:\/\/mpiaui.com.br\/antigo\/index.php?rest_route=%2Fwp%2Fv2%2Fcomments&post=54430"}],"version-history":[{"count":0,"href":"https:\/\/mpiaui.com.br\/antigo\/index.php?rest_route=\/wp\/v2\/posts\/54430\/revisions"}],"wp:attachment":[{"href":"https:\/\/mpiaui.com.br\/antigo\/index.php?rest_route=%2Fwp%2Fv2%2Fmedia&parent=54430"}],"wp:term":[{"taxonomy":"category","embeddable":true,"href":"https:\/\/mpiaui.com.br\/antigo\/index.php?rest_route=%2Fwp%2Fv2%2Fcategories&post=54430"},{"taxonomy":"post_tag","embeddable":true,"href":"https:\/\/mpiaui.com.br\/antigo\/index.php?rest_route=%2Fwp%2Fv2%2Ftags&post=54430"}],"curies":[{"name":"wp","href":"https:\/\/api.w.org\/{rel}","templated":true}]}}