{"id":54431,"date":"2023-05-09T22:45:14","date_gmt":"2023-05-10T01:45:14","guid":{"rendered":"https:\/\/mpiaui.com.br\/fundacao-palmares-recebe-fundador-do-museu-da-heranca-pan-africana\/"},"modified":"2023-05-09T22:45:14","modified_gmt":"2023-05-10T01:45:14","slug":"fundacao-palmares-recebe-fundador-do-museu-da-heranca-pan-africana","status":"publish","type":"post","link":"https:\/\/mpiaui.com.br\/antigo\/?p=54431","title":{"rendered":"Funda\u00e7\u00e3o Palmares recebe fundador do Museu da Heran\u00e7a Pan-Africana"},"content":{"rendered":"<p><\/p>\n<div>\n<p>O projeto do Museu da Heran\u00e7a Pan-africana no Mundo (<em>Pan African Heritage World Museum<\/em>) foi apresentado nesta ter\u00e7a-feira (9) pelo fundador e presidente da entidade, o professor gan\u00eas Kojo Yankah. A apresenta\u00e7\u00e3o ocorreu na biblioteca da Funda\u00e7\u00e3o Cultural Palmares, em Bras\u00edlia, e contou com a participa\u00e7\u00e3o do presidente da entidade. O museu est\u00e1 em constru\u00e7\u00e3o na cidade de Acra, em Gana, com inaugura\u00e7\u00e3o f\u00edsica est\u00e1 prevista para 2025.<\/p>\n<p>A <a href=\"https:\/\/pahmuseum.org\/\" target=\"_blank\" rel=\"noopener\">vers\u00e3o <em>online<\/em> do museu<\/a> j\u00e1 est\u00e1 dispon\u00edvel para navega\u00e7\u00e3o dos usu\u00e1rios. O internauta pode fazer um <em>tour<\/em> digital e acessar informa\u00e7\u00f5es em diversos idiomas, inclusive em portugu\u00eas. Desde 2010, o projeto re\u00fane material fornecido por diversos pa\u00edses e organiza\u00e7\u00f5es. O conte\u00fado est\u00e1 relacionado aos registros da presen\u00e7a de negros no mundo, com destaque \u00e0s contribui\u00e7\u00f5es dos escravizados na constru\u00e7\u00e3o das civiliza\u00e7\u00f5es, sobretudo nas Am\u00e9ricas.<\/p>\n<p>A estrutura planejada do museu contar\u00e1 com uma biblioteca pan-africana e outra infantil; o Pal\u00e1cio dos Reinos Africanos (15 ancestrais e 15 atuais); o Parque Pan-Africano de Her\u00f3is e Hero\u00ednas; al\u00e9m de uma \u00e1rea destinada a plantas medicinais do continente, chal\u00e9s, sala de confer\u00eancias, pra\u00e7a de alimenta\u00e7\u00e3o de culin\u00e1ria africana; um centro de inova\u00e7\u00e3o e um hall da fama. Nessa se\u00e7\u00e3o est\u00e1 prevista a representa\u00e7\u00e3o do afro-brasileiro Zumbi dos Palmares.<\/p>\n<div class=\"dnd-widget-wrapper context-grande_6colunas type-image atom-align-left\">\n<div class=\"dnd-atom-rendered\"><!-- scald=327000:grande_6colunas {\"additionalClasses\":\"\"} --><\/p>\n<div class=\"shadow overflow-hidden rounded-lg d-block zoom-on-hover-sm shadow-hover w-100\">\n            <img decoding=\"async\" src=\"https:\/\/agenciabrasil.ebc.com.br\/sites\/default\/files\/thumbnails\/image\/loading_v2.gif\" data-echo=\"https:\/\/imagens.ebc.com.br\/gOkc76kBI_d3DP9aE2xEtM5A4Ps=\/463x0\/smart\/https:\/\/agenciabrasil.ebc.com.br\/sites\/default\/files\/thumbnails\/image\/img_5253_0.jpg?itok=15LEBtp-\" alt=\"Bras\u00edlia (DF) 09\/05\/2023  - O presidente da funda\u00e7\u00e3o Palmares, Jo\u00e3o Jorge acompanhado da embaixadora de Gana no Brasil, Abena Busia participam do  lan\u00e7amento do Museu da Heran\u00e7a Pan-africana no Mundo (Pan African Heritage World Museum).&#13;&#10;Foto: Wilson Dias\/Ag\u00eancia Brasil&#13;&#10;\" title=\"Wilson Dias\/Ag\u00eancia Brasil\" class=\"flex-fill img-cover\"\/><br \/>\n        <noscript><img decoding=\"async\" src=\"https:\/\/imagens.ebc.com.br\/gOkc76kBI_d3DP9aE2xEtM5A4Ps=\/463x0\/smart\/https:\/\/agenciabrasil.ebc.com.br\/sites\/default\/files\/thumbnails\/image\/img_5253_0.jpg?itok=15LEBtp-\" alt=\"Bras\u00edlia (DF) 09\/05\/2023  - O presidente da funda\u00e7\u00e3o Palmares, Jo\u00e3o Jorge acompanhado da embaixadora de Gana no Brasil, Abena Busia participam do  lan\u00e7amento do Museu da Heran\u00e7a Pan-africana no Mundo (Pan African Heritage World Museum).&#13;&#10;Foto: Wilson Dias\/Ag\u00eancia Brasil&#13;&#10;\" title=\"Wilson Dias\/Ag\u00eancia Brasil\" class=\"flex-fill img-cover\"\/><\/noscript>\n    <\/div>\n<p><!-- END scald=327000 --><\/div>\n<p><h6 class=\"meta\"><!--copyright=327000-->Bras\u00edlia (DF) 09\/05\/2023 &#8211; O presidente da funda\u00e7\u00e3o Palmares, Jo\u00e3o Jorge acompanhado da embaixadora de Gana no Brasil, Abena Busia participam do lan\u00e7amento do Museu da Heran\u00e7a Pan-africana no Mundo (Pan African Heritage World Museum). Foto:\u00a0<strong>Wilson Dias\/Ag\u00eancia Brasil<\/strong><!--END copyright=327000--><\/h6>\n<\/p>\n<\/div>\n<p>O professor Yankah lamentou que na\u00e7\u00f5es africanas tenham se dividido no decorrer dos s\u00e9culos por influ\u00eancia de colonizadores europeus e que, por isso, muitas tribos tenham lutado umas contra as outras. Para ele, o novo espa\u00e7o ter\u00e1 a fun\u00e7\u00e3o de superar as diferen\u00e7as e separa\u00e7\u00f5es e ser\u00e1 um local de peregrina\u00e7\u00e3o. \u201cNosso lema \u00e9 curar, educar e inspirar\u201d.<\/p>\n<p>Yankah apontou para o potencial de contribui\u00e7\u00e3o ao museu dos brasileiros da di\u00e1spora africana, que poder\u00e3o agregar informa\u00e7\u00f5es ao museu.<\/p>\n<h2>Representantes<\/h2>\n<p>Quatro representantes da organiza\u00e7\u00e3o n\u00e3o governamental Friends of Congo (Amigos do Congo) estiveram presentes ao encontro desta ter\u00e7a-feira. Eles defenderam que o pa\u00eds africano foi o que influenciou na constru\u00e7\u00e3o das civiliza\u00e7\u00f5es atuais em todo o mundo.<\/p>\n<p>O evento contou, ainda, com a presen\u00e7a da embaixadora de Gana no Brasil, Abena Busia, e com representantes de religi\u00f5es de matriz africana.<\/p>\n<\/p><\/div>\n","protected":false},"excerpt":{"rendered":"<p>O projeto do Museu da Heran\u00e7a Pan-africana no Mundo (Pan African Heritage World Museum) foi apresentado nesta ter\u00e7a-feira (9) pelo fundador e presidente da entidade, o professor gan\u00eas Kojo Yankah.&hellip; <\/p>\n","protected":false},"author":1,"featured_media":54432,"comment_status":"open","ping_status":"open","sticky":false,"template":"","format":"standard","meta":{"footnotes":""},"categories":[802],"tags":[],"class_list":["post-54431","post","type-post","status-publish","format-standard","has-post-thumbnail","hentry","category-nacional"],"_links":{"self":[{"href":"https:\/\/mpiaui.com.br\/antigo\/index.php?rest_route=\/wp\/v2\/posts\/54431","targetHints":{"allow":["GET"]}}],"collection":[{"href":"https:\/\/mpiaui.com.br\/antigo\/index.php?rest_route=\/wp\/v2\/posts"}],"about":[{"href":"https:\/\/mpiaui.com.br\/antigo\/index.php?rest_route=\/wp\/v2\/types\/post"}],"author":[{"embeddable":true,"href":"https:\/\/mpiaui.com.br\/antigo\/index.php?rest_route=\/wp\/v2\/users\/1"}],"replies":[{"embeddable":true,"href":"https:\/\/mpiaui.com.br\/antigo\/index.php?rest_route=%2Fwp%2Fv2%2Fcomments&post=54431"}],"version-history":[{"count":0,"href":"https:\/\/mpiaui.com.br\/antigo\/index.php?rest_route=\/wp\/v2\/posts\/54431\/revisions"}],"wp:featuredmedia":[{"embeddable":true,"href":"https:\/\/mpiaui.com.br\/antigo\/index.php?rest_route=\/wp\/v2\/media\/54432"}],"wp:attachment":[{"href":"https:\/\/mpiaui.com.br\/antigo\/index.php?rest_route=%2Fwp%2Fv2%2Fmedia&parent=54431"}],"wp:term":[{"taxonomy":"category","embeddable":true,"href":"https:\/\/mpiaui.com.br\/antigo\/index.php?rest_route=%2Fwp%2Fv2%2Fcategories&post=54431"},{"taxonomy":"post_tag","embeddable":true,"href":"https:\/\/mpiaui.com.br\/antigo\/index.php?rest_route=%2Fwp%2Fv2%2Ftags&post=54431"}],"curies":[{"name":"wp","href":"https:\/\/api.w.org\/{rel}","templated":true}]}}