{"id":54433,"date":"2023-05-09T22:57:15","date_gmt":"2023-05-10T01:57:15","guid":{"rendered":"https:\/\/mpiaui.com.br\/sem-autonomia-financeira-lucas-pereira-comunica-saida-da-comunicacao-da-prefeitura-de-teresina\/"},"modified":"2023-05-09T22:57:15","modified_gmt":"2023-05-10T01:57:15","slug":"sem-autonomia-financeira-lucas-pereira-comunica-saida-da-comunicacao-da-prefeitura-de-teresina","status":"publish","type":"post","link":"https:\/\/mpiaui.com.br\/antigo\/?p=54433","title":{"rendered":"Sem autonomia financeira, Lucas Pereira comunica saida da comunica\u00e7\u00e3o da Prefeitura de Teresina"},"content":{"rendered":"<p> [ad_1]<br \/>\n<\/p>\n<div>\n<p>O jornalista e advogado Lucas Pereira divulgou nota \u00e0 imprensa na noite desta ter\u00e7a-feira (9) informando que pediu ao prefeito Dr. Pessoa para sair do cargo de secret\u00e1rio municipal de Comunica\u00e7\u00e3o.<\/p>\n<p><strong>Eis a \u00edntegra da nota:<\/strong><\/p>\n<p><em>\u201cEntreguei no dia de hoje o cargo de secret\u00e1rio municipal de comunica\u00e7\u00e3o social da prefeitura de Teresina.<\/em><\/p>\n<p><em>Agrade\u00e7o \u00e0 confian\u00e7a depositada pelo prefeito doutor Pessoa durante o per\u00edodo enquanto estive \u00e0 frente da Semcom.\u00a0<\/em><\/p>\n<p><em>Reafirmo o apre\u00e7o e admira\u00e7\u00e3o pelo prefeito, um exemplo de integridade e honestidade.<\/em><\/p>\n<p><em>Deixo o cargo por decis\u00e3o pessoal.\u00a0<\/em><\/p>\n<p><em>Agrade\u00e7o os colegas da imprensa pela parceria dispensada durante esses dois anos, agora irei me dedicar integralmente \u00e0 minha carreira na \u00e1rea jur\u00eddica.<\/em><\/p>\n<p><em>Fico na Semcom at\u00e9 o prefeito encontrar um novo nome para a pasta.\u201d<\/em><\/p>\n<p><strong>FATOR ADMILSON<\/strong><\/p>\n<p>A situa\u00e7\u00e3o de Lucas ficou insustent\u00e1vel depois da entrada do secret\u00e1rio municipal de Finan\u00e7as, Admilson Brasil. Ele perdeu, inclusive, a autonomia financeira sobre a pasta.<\/p>\n<p>Al\u00e9m disso, o secret\u00e1rio-executivo Salom\u00e3o Prado, bra\u00e7o direito de Lucas, foi trocado pelo jornalista S\u00e9rgio Bandeira e a decis\u00e3o foi apenas comunicada a ele.<\/p>\n<p>Aos assessores mais pr\u00f3ximo e a alguns jornalistas, Lucas j\u00e1 tinha dito que ia sair.<\/p>\n<p>\u00a0<\/p>\n<\/p><\/div>\n","protected":false},"excerpt":{"rendered":"<p>[ad_1] O jornalista e advogado Lucas Pereira divulgou nota \u00e0 imprensa na noite desta ter\u00e7a-feira (9) informando que pediu ao prefeito Dr. Pessoa para sair do cargo de secret\u00e1rio municipal&hellip; <\/p>\n","protected":false},"author":1,"featured_media":54434,"comment_status":"open","ping_status":"open","sticky":false,"template":"","format":"standard","meta":{"footnotes":""},"categories":[22],"tags":[],"class_list":["post-54433","post","type-post","status-publish","format-standard","has-post-thumbnail","hentry","category-politica"],"_links":{"self":[{"href":"https:\/\/mpiaui.com.br\/antigo\/index.php?rest_route=\/wp\/v2\/posts\/54433","targetHints":{"allow":["GET"]}}],"collection":[{"href":"https:\/\/mpiaui.com.br\/antigo\/index.php?rest_route=\/wp\/v2\/posts"}],"about":[{"href":"https:\/\/mpiaui.com.br\/antigo\/index.php?rest_route=\/wp\/v2\/types\/post"}],"author":[{"embeddable":true,"href":"https:\/\/mpiaui.com.br\/antigo\/index.php?rest_route=\/wp\/v2\/users\/1"}],"replies":[{"embeddable":true,"href":"https:\/\/mpiaui.com.br\/antigo\/index.php?rest_route=%2Fwp%2Fv2%2Fcomments&post=54433"}],"version-history":[{"count":0,"href":"https:\/\/mpiaui.com.br\/antigo\/index.php?rest_route=\/wp\/v2\/posts\/54433\/revisions"}],"wp:featuredmedia":[{"embeddable":true,"href":"https:\/\/mpiaui.com.br\/antigo\/index.php?rest_route=\/wp\/v2\/media\/54434"}],"wp:attachment":[{"href":"https:\/\/mpiaui.com.br\/antigo\/index.php?rest_route=%2Fwp%2Fv2%2Fmedia&parent=54433"}],"wp:term":[{"taxonomy":"category","embeddable":true,"href":"https:\/\/mpiaui.com.br\/antigo\/index.php?rest_route=%2Fwp%2Fv2%2Fcategories&post=54433"},{"taxonomy":"post_tag","embeddable":true,"href":"https:\/\/mpiaui.com.br\/antigo\/index.php?rest_route=%2Fwp%2Fv2%2Ftags&post=54433"}],"curies":[{"name":"wp","href":"https:\/\/api.w.org\/{rel}","templated":true}]}}