{"id":54435,"date":"2023-05-09T23:21:18","date_gmt":"2023-05-10T02:21:18","guid":{"rendered":"https:\/\/mpiaui.com.br\/lucas-pereira-pede-demissao-do-cargo-de-secretario-de-comunicacao-da-pmt\/"},"modified":"2023-05-09T23:21:18","modified_gmt":"2023-05-10T02:21:18","slug":"lucas-pereira-pede-demissao-do-cargo-de-secretario-de-comunicacao-da-pmt","status":"publish","type":"post","link":"https:\/\/mpiaui.com.br\/antigo\/?p=54435","title":{"rendered":"Lucas Pereira pede demiss\u00e3o do cargo de secret\u00e1rio de Comunica\u00e7\u00e3o da PMT"},"content":{"rendered":"<div>\n<p>\n                                                <img decoding=\"async\" src=\"https:\/\/piauihoje.com\/uploads\/imagens\/282eafff-b966-40f0-8330-9737e684877a\" alt=\"Jornalista Lucas Pereira\" style=\"width: 100% !important;\"\/>\n                                                <\/p>\n<p>\n                                                    <span>Jornalista Lucas Pereira<\/span><br \/>\n                                                    <span>Foto: Arquivo pessoal\/Redes sociais<\/span>\n                                                <\/p>\n<p>O jornalista Lucas Pereira pediu demiss\u00e3o do cargo de secret\u00e1rio de Comunica\u00e7\u00e3o de Teresina. Lucas Pereira se reuniu com o prefeito Dr. Pessoa (Republicanos) na tarde de hoje (9) para comunicar sua decis\u00e3o. A reuni\u00e3o ocorreu na casa do prefeito.\u00a0<\/p>\n<p>Lucas Pereira \u00e9 jornalista de forma\u00e7\u00e3o e advogado. Ele assumiu a secretaria desde o primeiro dia de gest\u00e3o de Dr. Pessoa e foi indica\u00e7\u00e3o pessoal do prefeito.\u00a0<\/p>\n<p>O jornalista enviou uma nota \u00e0 imprensa e disse que deixa o cargo por decis\u00e3o pessoal. Lucas agradeceu o prefeito e afirmou que tem admira\u00e7\u00e3o por ele.<\/p>\n<p>Nota na \u00edntegra:<\/p>\n<blockquote>\n<p><em>Entreguei no dia de hoje o cargo de secret\u00e1rio municipal de comunica\u00e7\u00e3o social da prefeitura de Teresina.<br \/>Agrade\u00e7o \u00e0 confian\u00e7a depositada pelo prefeito doutor Pessoa durante o per\u00edodo enquanto estive \u00e0 frente da Semcom.<br \/>Reafirmo o apre\u00e7o e admira\u00e7\u00e3o pelo prefeito, um exemplo de integridade e honestidade.<br \/>Deixo o cargo por decis\u00e3o pessoal.<br \/>Agrade\u00e7o os colegas da imprensa pela parceria dispensada durante esses dois anos, agora irei me dedicar integralmente \u00e0 minha carreira na \u00e1rea jur\u00eddica.<br \/>Fico na semcom at\u00e9 o prefeito encontrar um novo nome para a pasta.<\/em><\/p>\n<\/blockquote><\/div>\n","protected":false},"excerpt":{"rendered":"<p>Jornalista Lucas Pereira Foto: Arquivo pessoal\/Redes sociais O jornalista Lucas Pereira pediu demiss\u00e3o do cargo de secret\u00e1rio de Comunica\u00e7\u00e3o de Teresina. Lucas Pereira se reuniu com o prefeito Dr. Pessoa&hellip; <\/p>\n","protected":false},"author":1,"featured_media":0,"comment_status":"open","ping_status":"open","sticky":false,"template":"","format":"standard","meta":{"footnotes":""},"categories":[78],"tags":[],"class_list":["post-54435","post","type-post","status-publish","format-standard","hentry","category-teresina"],"_links":{"self":[{"href":"https:\/\/mpiaui.com.br\/antigo\/index.php?rest_route=\/wp\/v2\/posts\/54435","targetHints":{"allow":["GET"]}}],"collection":[{"href":"https:\/\/mpiaui.com.br\/antigo\/index.php?rest_route=\/wp\/v2\/posts"}],"about":[{"href":"https:\/\/mpiaui.com.br\/antigo\/index.php?rest_route=\/wp\/v2\/types\/post"}],"author":[{"embeddable":true,"href":"https:\/\/mpiaui.com.br\/antigo\/index.php?rest_route=\/wp\/v2\/users\/1"}],"replies":[{"embeddable":true,"href":"https:\/\/mpiaui.com.br\/antigo\/index.php?rest_route=%2Fwp%2Fv2%2Fcomments&post=54435"}],"version-history":[{"count":0,"href":"https:\/\/mpiaui.com.br\/antigo\/index.php?rest_route=\/wp\/v2\/posts\/54435\/revisions"}],"wp:attachment":[{"href":"https:\/\/mpiaui.com.br\/antigo\/index.php?rest_route=%2Fwp%2Fv2%2Fmedia&parent=54435"}],"wp:term":[{"taxonomy":"category","embeddable":true,"href":"https:\/\/mpiaui.com.br\/antigo\/index.php?rest_route=%2Fwp%2Fv2%2Fcategories&post=54435"},{"taxonomy":"post_tag","embeddable":true,"href":"https:\/\/mpiaui.com.br\/antigo\/index.php?rest_route=%2Fwp%2Fv2%2Ftags&post=54435"}],"curies":[{"name":"wp","href":"https:\/\/api.w.org\/{rel}","templated":true}]}}