{"id":54438,"date":"2023-05-10T08:07:22","date_gmt":"2023-05-10T11:07:22","guid":{"rendered":"https:\/\/mpiaui.com.br\/sejus-realiza-acao-de-prevencao-a-diabetes-e-hipertensao-em-uninade-penal-de-campo-maior\/"},"modified":"2023-05-10T08:07:22","modified_gmt":"2023-05-10T11:07:22","slug":"sejus-realiza-acao-de-prevencao-a-diabetes-e-hipertensao-em-uninade-penal-de-campo-maior","status":"publish","type":"post","link":"https:\/\/mpiaui.com.br\/antigo\/?p=54438","title":{"rendered":"Sejus realiza a\u00e7\u00e3o de preven\u00e7\u00e3o \u00e0 diabetes e hipertens\u00e3o em uninade penal de Campo Maior"},"content":{"rendered":"<p> [ad_1]<br \/>\n<\/p>\n<div>\n<p>A Secretaria de Estado da Justi\u00e7a (Sejus), por meio da Ger\u00eancia da Penitenci\u00e1ria Jos\u00e9 de Arimateia Barbosa Leite, em Campo Maior, realizou, na segunda-feira (8), uma a\u00e7\u00e3o de preven\u00e7\u00e3o sobre hipertens\u00e3o e diabetes com os internos da unidade penal.<\/p>\n<p>A a\u00e7\u00e3o denominada de \u201cHiperdia\u201d foi coordenada pela equipe de sa\u00fade do estabelecimento prisional, onde foram atendidos reeducandos hipertensos e diab\u00e9ticos. Na atividade, foram realizados aferimentos de aferi\u00e7\u00e3o de press\u00e3o arterial, de glicemia, al\u00e9m de orienta\u00e7\u00f5es e encaminhamentos para a avalia\u00e7\u00e3o m\u00e9dica.<\/p>\n<p>\u201cEssa a\u00e7\u00e3o desenvolvida em obedi\u00eancia ao calend\u00e1rio da Secretarias de Estdo da Sa\u00fade (SSP), em parceria com a Sejus. \u00c9 exatamente a partir dessa a\u00e7\u00e3o que a gente pode detectar pessoas privadas de liberdade com a press\u00e3o arterial em descontrole, bem como com diabetes. A partir de ent\u00e3o, desses testes, a gente faz o encaminhamento ao setor m\u00e9dico para o tratamento adequado dessas enfermidades. A cada m\u00eas, n\u00f3s temos uma a\u00e7\u00e3o\u201d, ressaltou o policial penal Hermogem Paz, gerente da Penitenci\u00e1ria de Campo Maior.<\/p>\n<div id=\"attachment_87806\" style=\"width: 740px\" class=\"wp-caption alignnone\"><img decoding=\"async\" aria-describedby=\"caption-attachment-87806\" loading=\"lazy\" class=\"size-medium wp-image-87806\" src=\"https:\/\/www.pi.gov.br\/wp-content\/uploads\/2023\/05\/WhatsApp-Image-2023-05-08-at-11.46.45-730x548.jpeg\" alt=\"A\u00e7\u00e3o da equipe de Sa\u00fade Prisional na Penitenci\u00e1ria Jos\u00e9 de Arimateia Barbosa Leite, em Campo Maior\" width=\"730\" height=\"548\" srcset=\"https:\/\/www.pi.gov.br\/wp-content\/uploads\/2023\/05\/WhatsApp-Image-2023-05-08-at-11.46.45-730x548.jpeg 730w, https:\/\/www.pi.gov.br\/wp-content\/uploads\/2023\/05\/WhatsApp-Image-2023-05-08-at-11.46.45-1070x803.jpeg 1070w, https:\/\/www.pi.gov.br\/wp-content\/uploads\/2023\/05\/WhatsApp-Image-2023-05-08-at-11.46.45-768x576.jpeg 768w, https:\/\/www.pi.gov.br\/wp-content\/uploads\/2023\/05\/WhatsApp-Image-2023-05-08-at-11.46.45-1536x1152.jpeg 1536w, https:\/\/www.pi.gov.br\/wp-content\/uploads\/2023\/05\/WhatsApp-Image-2023-05-08-at-11.46.45.jpeg 1600w\" sizes=\"auto, (max-width: 730px) 100vw, 730px\"\/><\/p>\n<p id=\"caption-attachment-87806\" class=\"wp-caption-text\">A\u00e7\u00e3o da equipe de Sa\u00fade Prisional na Penitenci\u00e1ria Jos\u00e9 de Arimateia Barbosa Leite, em Campo Maior<\/p>\n<\/div><\/div>\n<p><script async=\"\" defer=\"\" crossorigin=\"anonymous\" src=\"https:\/\/connect.facebook.net\/pt_BR\/sdk.js#xfbml=1&#038;version=v3.3\"><\/script><br \/>\n<br \/>[ad_2]<\/p>\n","protected":false},"excerpt":{"rendered":"<p>[ad_1] A Secretaria de Estado da Justi\u00e7a (Sejus), por meio da Ger\u00eancia da Penitenci\u00e1ria Jos\u00e9 de Arimateia Barbosa Leite, em Campo Maior, realizou, na segunda-feira (8), uma a\u00e7\u00e3o de preven\u00e7\u00e3o&hellip; <\/p>\n","protected":false},"author":1,"featured_media":54439,"comment_status":"open","ping_status":"open","sticky":false,"template":"","format":"standard","meta":{"footnotes":""},"categories":[938],"tags":[],"class_list":["post-54438","post","type-post","status-publish","format-standard","has-post-thumbnail","hentry","category-governador"],"_links":{"self":[{"href":"https:\/\/mpiaui.com.br\/antigo\/index.php?rest_route=\/wp\/v2\/posts\/54438","targetHints":{"allow":["GET"]}}],"collection":[{"href":"https:\/\/mpiaui.com.br\/antigo\/index.php?rest_route=\/wp\/v2\/posts"}],"about":[{"href":"https:\/\/mpiaui.com.br\/antigo\/index.php?rest_route=\/wp\/v2\/types\/post"}],"author":[{"embeddable":true,"href":"https:\/\/mpiaui.com.br\/antigo\/index.php?rest_route=\/wp\/v2\/users\/1"}],"replies":[{"embeddable":true,"href":"https:\/\/mpiaui.com.br\/antigo\/index.php?rest_route=%2Fwp%2Fv2%2Fcomments&post=54438"}],"version-history":[{"count":0,"href":"https:\/\/mpiaui.com.br\/antigo\/index.php?rest_route=\/wp\/v2\/posts\/54438\/revisions"}],"wp:featuredmedia":[{"embeddable":true,"href":"https:\/\/mpiaui.com.br\/antigo\/index.php?rest_route=\/wp\/v2\/media\/54439"}],"wp:attachment":[{"href":"https:\/\/mpiaui.com.br\/antigo\/index.php?rest_route=%2Fwp%2Fv2%2Fmedia&parent=54438"}],"wp:term":[{"taxonomy":"category","embeddable":true,"href":"https:\/\/mpiaui.com.br\/antigo\/index.php?rest_route=%2Fwp%2Fv2%2Fcategories&post=54438"},{"taxonomy":"post_tag","embeddable":true,"href":"https:\/\/mpiaui.com.br\/antigo\/index.php?rest_route=%2Fwp%2Fv2%2Ftags&post=54438"}],"curies":[{"name":"wp","href":"https:\/\/api.w.org\/{rel}","templated":true}]}}