{"id":54440,"date":"2023-05-10T08:26:16","date_gmt":"2023-05-10T11:26:16","guid":{"rendered":"https:\/\/mpiaui.com.br\/prefeito-dr-pessoa-pode-nao-ser-mais-candidato-a-reeleicao-em-teresina\/"},"modified":"2023-05-10T08:26:16","modified_gmt":"2023-05-10T11:26:16","slug":"prefeito-dr-pessoa-pode-nao-ser-mais-candidato-a-reeleicao-em-teresina","status":"publish","type":"post","link":"https:\/\/mpiaui.com.br\/antigo\/?p=54440","title":{"rendered":"Prefeito Dr. Pessoa pode n\u00e3o ser mais candidato a reelei\u00e7\u00e3o em Teresina"},"content":{"rendered":"<p> [ad_1]<br \/>\n<\/p>\n<div>\n<p>\u00c9 real, mas muito real mesmo, a possibilidade de, pela primeira vez na hist\u00f3ria, o prefeito da capital do Piau\u00ed n\u00e3o se candidatar a reelei\u00e7\u00e3o.<\/p>\n<p>Dr. Pessoa (Republicanos) j\u00e1 teria admitido a alguns mais pr\u00f3ximos que se sente realizado com este mandato. O que abre uma brecha enorme para ningu\u00e9m menos que Jeov\u00e1 Alencar (Republicanos).<\/p>\n<p>Deputado estadual licenciado e atual superintendente da SAAD Sul, Jeov\u00e1 nunca escondeu de ningu\u00e9m, desde que comandou a C\u00e2mara dos Vereadores, que assumir a PMT sempre esteve dentro de suas pretens\u00f5es.<\/p>\n<p>Nem mesmo para Dr. Pessoa, que tem em Jeov\u00e1 um dos maiores nomes de confian\u00e7a dentro da gest\u00e3o. Nos \u00faltimos dias, com essa possibilidade se tornando cada vez mais real -a n\u00e3o disputa pela reelei\u00e7\u00e3o-, a c\u00fapula da PMT tem mudado o discurso.<\/p>\n<p>Admilson Brasil, secret\u00e1rio de Finan\u00e7as e atualmente com superpoderes autorizados pelo prefeito dentro da PMT, \u00e9 um dos aliados de primeira hora de Jeov\u00e1. Os dois vinham atuando juntos de uns dias para c\u00e1, at\u00e9 Jeov\u00e1 sofrer um infarto que o obrigou a passar alguns dias afastado do trabalho.<\/p>\n<p>J\u00e1 recuperado, Jeov\u00e1 deve retomar na semana que vem as articula\u00e7\u00f5es para viabilizar a sua candidatura tendo a caneta na m\u00e3o, com apoio de Admilson e com Dr. Pessoa saindo do cen\u00e1rio. Ali\u00e1s, n\u00e3o \u00e9 a toa que Jeov\u00e1 Alencar j\u00e1 vem sendo cotado at\u00e9 mesmo para assumir a secretaria municipal de Governo.<\/p>\n<p>Fonte Portal Oito e Meia<\/p>\n<\/p><\/div>\n","protected":false},"excerpt":{"rendered":"<p>[ad_1] \u00c9 real, mas muito real mesmo, a possibilidade de, pela primeira vez na hist\u00f3ria, o prefeito da capital do Piau\u00ed n\u00e3o se candidatar a reelei\u00e7\u00e3o. Dr. Pessoa (Republicanos) j\u00e1&hellip; <\/p>\n","protected":false},"author":1,"featured_media":54441,"comment_status":"open","ping_status":"open","sticky":false,"template":"","format":"standard","meta":{"footnotes":""},"categories":[22],"tags":[],"class_list":["post-54440","post","type-post","status-publish","format-standard","has-post-thumbnail","hentry","category-politica"],"_links":{"self":[{"href":"https:\/\/mpiaui.com.br\/antigo\/index.php?rest_route=\/wp\/v2\/posts\/54440","targetHints":{"allow":["GET"]}}],"collection":[{"href":"https:\/\/mpiaui.com.br\/antigo\/index.php?rest_route=\/wp\/v2\/posts"}],"about":[{"href":"https:\/\/mpiaui.com.br\/antigo\/index.php?rest_route=\/wp\/v2\/types\/post"}],"author":[{"embeddable":true,"href":"https:\/\/mpiaui.com.br\/antigo\/index.php?rest_route=\/wp\/v2\/users\/1"}],"replies":[{"embeddable":true,"href":"https:\/\/mpiaui.com.br\/antigo\/index.php?rest_route=%2Fwp%2Fv2%2Fcomments&post=54440"}],"version-history":[{"count":0,"href":"https:\/\/mpiaui.com.br\/antigo\/index.php?rest_route=\/wp\/v2\/posts\/54440\/revisions"}],"wp:featuredmedia":[{"embeddable":true,"href":"https:\/\/mpiaui.com.br\/antigo\/index.php?rest_route=\/wp\/v2\/media\/54441"}],"wp:attachment":[{"href":"https:\/\/mpiaui.com.br\/antigo\/index.php?rest_route=%2Fwp%2Fv2%2Fmedia&parent=54440"}],"wp:term":[{"taxonomy":"category","embeddable":true,"href":"https:\/\/mpiaui.com.br\/antigo\/index.php?rest_route=%2Fwp%2Fv2%2Fcategories&post=54440"},{"taxonomy":"post_tag","embeddable":true,"href":"https:\/\/mpiaui.com.br\/antigo\/index.php?rest_route=%2Fwp%2Fv2%2Ftags&post=54440"}],"curies":[{"name":"wp","href":"https:\/\/api.w.org\/{rel}","templated":true}]}}