{"id":54446,"date":"2023-05-10T09:10:33","date_gmt":"2023-05-10T12:10:33","guid":{"rendered":"https:\/\/mpiaui.com.br\/sesapi-conclui-segunda-etapa-do-planejamento-regional-integrado\/"},"modified":"2023-05-10T09:10:33","modified_gmt":"2023-05-10T12:10:33","slug":"sesapi-conclui-segunda-etapa-do-planejamento-regional-integrado","status":"publish","type":"post","link":"https:\/\/mpiaui.com.br\/antigo\/?p=54446","title":{"rendered":"Sesapi conclui segunda etapa do Planejamento Regional Integrado"},"content":{"rendered":"<p> [ad_1]<br \/>\n<\/p>\n<div>\n<p>A Secretaria de Estado da Sa\u00fade (Sesapi) concluiu, na sexta-feira (5), a 2\u00aa etapa do Planejamento Regional Integrado (PRI) em parceria com o Minist\u00e9rio da Sa\u00fade, Hospital da Benefic\u00eancia Portuguesa, Conselho de Secretarias Municipais de Sa\u00fade (Cosems-PI) e com o Conselho Estadual de Sa\u00fade e o N\u00facleo de Estudos em Sa\u00fade P\u00fablica (Nesp) da Universidade Federal do Piau\u00ed (UFPI).<\/p>\n<p>A atividade foi executada nos munic\u00edpios-sede das quatro macrorregi\u00f5es de sa\u00fade do estado: Parna\u00edba (macro Litoral), Teresina (macro Meio Norte), Picos (macro Semi\u00e1rido) e Floriano (macro Cerrados), envolvendo gestores e t\u00e9cnicos da sa\u00fade na discuss\u00e3o e valida\u00e7\u00e3o dos macroproblemas e das prioridades sanit\u00e1rias das regi\u00f5es, com base nas metodologias de constru\u00e7\u00e3o do PRI, orientadas pela Comiss\u00e3o Intergestores Tripartite (CIT).<\/p>\n<p><img decoding=\"async\" loading=\"lazy\" class=\"alignnone size-medium wp-image-87811\" src=\"https:\/\/www.pi.gov.br\/wp-content\/uploads\/2023\/05\/WhatsApp-Image-2023-05-10-at-08.24.20-730x333.jpeg\" alt=\"\" width=\"730\" height=\"333\" srcset=\"https:\/\/www.pi.gov.br\/wp-content\/uploads\/2023\/05\/WhatsApp-Image-2023-05-10-at-08.24.20-730x333.jpeg 730w, https:\/\/www.pi.gov.br\/wp-content\/uploads\/2023\/05\/WhatsApp-Image-2023-05-10-at-08.24.20-768x350.jpeg 768w, https:\/\/www.pi.gov.br\/wp-content\/uploads\/2023\/05\/WhatsApp-Image-2023-05-10-at-08.24.20.jpeg 790w\" sizes=\"auto, (max-width: 730px) 100vw, 730px\"\/><\/p>\n<p>Em conformidade com a agenda de trabalho desse projeto, as etapas seguintes tratar\u00e3o da organiza\u00e7\u00e3o dos pontos de aten\u00e7\u00e3o da Rede de Aten\u00e7\u00e3o \u00e0 Sa\u00fade (RAS); elabora\u00e7\u00e3o da Programa\u00e7\u00e3o Geral das A\u00e7\u00f5es e Servi\u00e7os de Sa\u00fade (PGASS); e elabora\u00e7\u00e3o do Plano Macrorregional de Sa\u00fade (PMRS), contemplando ainda o monitoramento e acompanhamento do plano.<\/p>\n<p>Segundo o gerente de Planejamento da Sesapi, Cl\u00e9cio Lopes, o PRI \u00e9 imprescind\u00edvel para o fortalecimento das a\u00e7\u00f5es governamentais em todas as regi\u00f5es de sa\u00fade do Piau\u00ed.<\/p>\n<p>\u201cSer\u00e1 o projeto norteador para a elabora\u00e7\u00e3o dos instrumentos de planejamento governamental no \u00e2mbito do Estado e tamb\u00e9m dos munic\u00edpios\u201d, afirmou Cl\u00e9cio.<\/p>\n<p><img decoding=\"async\" loading=\"lazy\" class=\"alignnone size-full wp-image-87812\" src=\"https:\/\/www.pi.gov.br\/wp-content\/uploads\/2023\/05\/WhatsApp-Image-2023-05-10-at-08.24.21.jpeg\" alt=\"\" width=\"790\" height=\"346\" srcset=\"https:\/\/www.pi.gov.br\/wp-content\/uploads\/2023\/05\/WhatsApp-Image-2023-05-10-at-08.24.21.jpeg 790w, https:\/\/www.pi.gov.br\/wp-content\/uploads\/2023\/05\/WhatsApp-Image-2023-05-10-at-08.24.21-730x320.jpeg 730w, https:\/\/www.pi.gov.br\/wp-content\/uploads\/2023\/05\/WhatsApp-Image-2023-05-10-at-08.24.21-768x336.jpeg 768w\" sizes=\"auto, (max-width: 790px) 100vw, 790px\"\/><\/p>\n<\/p><\/div>\n<p><script async=\"\" defer=\"\" crossorigin=\"anonymous\" src=\"https:\/\/connect.facebook.net\/pt_BR\/sdk.js#xfbml=1&#038;version=v3.3\"><\/script><br \/>\n<br \/>[ad_2]<\/p>\n","protected":false},"excerpt":{"rendered":"<p>[ad_1] A Secretaria de Estado da Sa\u00fade (Sesapi) concluiu, na sexta-feira (5), a 2\u00aa etapa do Planejamento Regional Integrado (PRI) em parceria com o Minist\u00e9rio da Sa\u00fade, Hospital da Benefic\u00eancia&hellip; <\/p>\n","protected":false},"author":1,"featured_media":54447,"comment_status":"open","ping_status":"open","sticky":false,"template":"","format":"standard","meta":{"footnotes":""},"categories":[938],"tags":[],"class_list":["post-54446","post","type-post","status-publish","format-standard","has-post-thumbnail","hentry","category-governador"],"_links":{"self":[{"href":"https:\/\/mpiaui.com.br\/antigo\/index.php?rest_route=\/wp\/v2\/posts\/54446","targetHints":{"allow":["GET"]}}],"collection":[{"href":"https:\/\/mpiaui.com.br\/antigo\/index.php?rest_route=\/wp\/v2\/posts"}],"about":[{"href":"https:\/\/mpiaui.com.br\/antigo\/index.php?rest_route=\/wp\/v2\/types\/post"}],"author":[{"embeddable":true,"href":"https:\/\/mpiaui.com.br\/antigo\/index.php?rest_route=\/wp\/v2\/users\/1"}],"replies":[{"embeddable":true,"href":"https:\/\/mpiaui.com.br\/antigo\/index.php?rest_route=%2Fwp%2Fv2%2Fcomments&post=54446"}],"version-history":[{"count":0,"href":"https:\/\/mpiaui.com.br\/antigo\/index.php?rest_route=\/wp\/v2\/posts\/54446\/revisions"}],"wp:featuredmedia":[{"embeddable":true,"href":"https:\/\/mpiaui.com.br\/antigo\/index.php?rest_route=\/wp\/v2\/media\/54447"}],"wp:attachment":[{"href":"https:\/\/mpiaui.com.br\/antigo\/index.php?rest_route=%2Fwp%2Fv2%2Fmedia&parent=54446"}],"wp:term":[{"taxonomy":"category","embeddable":true,"href":"https:\/\/mpiaui.com.br\/antigo\/index.php?rest_route=%2Fwp%2Fv2%2Fcategories&post=54446"},{"taxonomy":"post_tag","embeddable":true,"href":"https:\/\/mpiaui.com.br\/antigo\/index.php?rest_route=%2Fwp%2Fv2%2Ftags&post=54446"}],"curies":[{"name":"wp","href":"https:\/\/api.w.org\/{rel}","templated":true}]}}