{"id":54448,"date":"2023-05-10T09:31:38","date_gmt":"2023-05-10T12:31:38","guid":{"rendered":"https:\/\/mpiaui.com.br\/cerest-e-sintetro-reafirmam-parceria-para-acoes-de-saude-do-trabalhador-rodoviario\/"},"modified":"2023-05-10T09:31:38","modified_gmt":"2023-05-10T12:31:38","slug":"cerest-e-sintetro-reafirmam-parceria-para-acoes-de-saude-do-trabalhador-rodoviario","status":"publish","type":"post","link":"https:\/\/mpiaui.com.br\/antigo\/?p=54448","title":{"rendered":"Cerest e Sintetro reafirmam parceria para a\u00e7\u00f5es de sa\u00fade do trabalhador rodovi\u00e1rio"},"content":{"rendered":"<p> [ad_1]<br \/>\n<\/p>\n<div>\n<p>Gestoras da Diretoria de Vigil\u00e2ncia Sanit\u00e1ria do Estad0 (Divisa) e do Centro Estadual de Refer\u00eancia em Sa\u00fade do Trabalhador do Piau\u00ed (Cerest) reuniram-se, nessa ter\u00e7a-feira (9), com representantes do Sindicato dos Trabalhadores em Empresas de Transportes Rodovi\u00e1rios no Estado do Piau\u00ed (Sintetro). O Cerest \u00e9 vinculado \u00e0 Diretoria de Vigil\u00e2ncia Sanit\u00e1ria do Estado (Divisa).<\/p>\n<p>O encontro foi uma solicita\u00e7\u00e3o do Sintetro, no intuito de dar continuidade e atua\u00e7\u00e3o mais efetiva desse sindicato, junto ao Cerest Piau\u00ed na realiza\u00e7\u00e3o de a\u00e7\u00f5es e atendimentos destinados \u00e0 sa\u00fade dos trabalhadores.<\/p>\n<p>Participaram da reuni\u00e3o, a diretora da Divisa, Tatiana Chaves; a coordenadora de Sa\u00fade do Trabalhador, Iolanda Soares; a coordenadora de Condi\u00e7\u00f5es de Ambientes de Trabalho, Vera Regina; a psic\u00f3loga e Fiscal de Sa\u00fade do Trabalhador, Aline Bitu; o secret\u00e1rio jur\u00eddico do Sintetro, Ant\u00f4nio Ferreira de Sousa; o secret\u00e1rio de Medicina e Acidente do Trabalho, Evaldo Vieira de Melo; o secret\u00e1rio de Previd\u00eancia Social, Denis Pereira da Silva, e o advogado Samuel Maycon Moura de Brito Silva.<\/p>\n<p><img decoding=\"async\" loading=\"lazy\" class=\"alignnone size-full wp-image-87815\" src=\"https:\/\/www.pi.gov.br\/wp-content\/uploads\/2023\/05\/WhatsApp-Image-2023-05-10-at-08.45.50.jpeg\" alt=\"\" width=\"1462\" height=\"720\" srcset=\"https:\/\/www.pi.gov.br\/wp-content\/uploads\/2023\/05\/WhatsApp-Image-2023-05-10-at-08.45.50.jpeg 1462w, https:\/\/www.pi.gov.br\/wp-content\/uploads\/2023\/05\/WhatsApp-Image-2023-05-10-at-08.45.50-730x360.jpeg 730w, https:\/\/www.pi.gov.br\/wp-content\/uploads\/2023\/05\/WhatsApp-Image-2023-05-10-at-08.45.50-1070x527.jpeg 1070w, https:\/\/www.pi.gov.br\/wp-content\/uploads\/2023\/05\/WhatsApp-Image-2023-05-10-at-08.45.50-768x378.jpeg 768w\" sizes=\"auto, (max-width: 1462px) 100vw, 1462px\"\/><\/p>\n<p>A Divisa\/Cerest est\u00e1 preparando uma programa\u00e7\u00e3o com orienta\u00e7\u00f5es e fiscaliza\u00e7\u00f5es nos ambientes de trabalho da categoria dos profissionais dos transportes rodovi\u00e1rios.<\/p>\n<p>Al\u00e9m disso, ser\u00e3o realizadas esta\u00e7\u00f5es de sa\u00fade com os trabalhadores, com objetivo de identificar, por meio de avalia\u00e7\u00f5es com testes r\u00e1pidos e question\u00e1rio disponibilizado pelo Cerest Piau\u00ed, \u00e0s condi\u00e7\u00f5es de sa\u00fade do trabalhador. \u201cEsses instrumentos ir\u00e3o permitir que a gente tenha uma avalia\u00e7\u00e3o das condi\u00e7\u00f5es de sa\u00fade individuais do trabalhador e, com isso, tra\u00e7ar o perfil de adoecimento dessa classe\u201d, afirmou a diretora da Divisa, Tatiana Chaves.<\/p>\n<p>Ainda na programa\u00e7\u00e3o prevista para essa categoria, a Divisa\/Cerest vai organizar rodas de conversas, oficinas e palestras sobre diversas tem\u00e1ticas da \u00e1rea de sa\u00fade do trabalhador. \u201cO Cerest vai orientar os trabalhadores sobre a\u00e7\u00f5es preventivas para a redu\u00e7\u00e3o de riscos e agravos e acidentes de trabalho\u201d, completou a diretora.<\/p>\n<p>Toda a programa\u00e7\u00e3o ser\u00e1 realizada nos meses de junho, julho e agosto, no audit\u00f3rio do Sindicato dos Trabalhadores em Empresas de Transportes Rodovi\u00e1rios no Estado do Piau\u00ed (Sintetro).<\/p>\n<\/p><\/div>\n<p><script async=\"\" defer=\"\" crossorigin=\"anonymous\" src=\"https:\/\/connect.facebook.net\/pt_BR\/sdk.js#xfbml=1&#038;version=v3.3\"><\/script><br \/>\n<br \/>[ad_2]<\/p>\n","protected":false},"excerpt":{"rendered":"<p>[ad_1] Gestoras da Diretoria de Vigil\u00e2ncia Sanit\u00e1ria do Estad0 (Divisa) e do Centro Estadual de Refer\u00eancia em Sa\u00fade do Trabalhador do Piau\u00ed (Cerest) reuniram-se, nessa ter\u00e7a-feira (9), com representantes do&hellip; <\/p>\n","protected":false},"author":1,"featured_media":54449,"comment_status":"open","ping_status":"open","sticky":false,"template":"","format":"standard","meta":{"footnotes":""},"categories":[938],"tags":[],"class_list":["post-54448","post","type-post","status-publish","format-standard","has-post-thumbnail","hentry","category-governador"],"_links":{"self":[{"href":"https:\/\/mpiaui.com.br\/antigo\/index.php?rest_route=\/wp\/v2\/posts\/54448","targetHints":{"allow":["GET"]}}],"collection":[{"href":"https:\/\/mpiaui.com.br\/antigo\/index.php?rest_route=\/wp\/v2\/posts"}],"about":[{"href":"https:\/\/mpiaui.com.br\/antigo\/index.php?rest_route=\/wp\/v2\/types\/post"}],"author":[{"embeddable":true,"href":"https:\/\/mpiaui.com.br\/antigo\/index.php?rest_route=\/wp\/v2\/users\/1"}],"replies":[{"embeddable":true,"href":"https:\/\/mpiaui.com.br\/antigo\/index.php?rest_route=%2Fwp%2Fv2%2Fcomments&post=54448"}],"version-history":[{"count":0,"href":"https:\/\/mpiaui.com.br\/antigo\/index.php?rest_route=\/wp\/v2\/posts\/54448\/revisions"}],"wp:featuredmedia":[{"embeddable":true,"href":"https:\/\/mpiaui.com.br\/antigo\/index.php?rest_route=\/wp\/v2\/media\/54449"}],"wp:attachment":[{"href":"https:\/\/mpiaui.com.br\/antigo\/index.php?rest_route=%2Fwp%2Fv2%2Fmedia&parent=54448"}],"wp:term":[{"taxonomy":"category","embeddable":true,"href":"https:\/\/mpiaui.com.br\/antigo\/index.php?rest_route=%2Fwp%2Fv2%2Fcategories&post=54448"},{"taxonomy":"post_tag","embeddable":true,"href":"https:\/\/mpiaui.com.br\/antigo\/index.php?rest_route=%2Fwp%2Fv2%2Ftags&post=54448"}],"curies":[{"name":"wp","href":"https:\/\/api.w.org\/{rel}","templated":true}]}}