{"id":54452,"date":"2023-05-10T10:31:11","date_gmt":"2023-05-10T13:31:11","guid":{"rendered":"https:\/\/mpiaui.com.br\/policia-prende-suspeito-de-coordenar-ataques-no-rio-grande-do-norte\/"},"modified":"2023-05-10T10:31:11","modified_gmt":"2023-05-10T13:31:11","slug":"policia-prende-suspeito-de-coordenar-ataques-no-rio-grande-do-norte","status":"publish","type":"post","link":"https:\/\/mpiaui.com.br\/antigo\/?p=54452","title":{"rendered":"Pol\u00edcia prende suspeito de coordenar ataques no Rio Grande do Norte"},"content":{"rendered":"<p><\/p>\n<div>\n<p>Policiais federais prenderam nessa ter\u00e7a-feira (9), no litoral norte do estado do Rio de Janeiro, um dos suspeitos de coordenar os ataques criminosos ocorridos no Rio Grande do Norte, em mar\u00e7o deste ano. Segundo a Pol\u00edcia Federal (PF), o homem, de 40 anos, foi preso em Rio das Ostras, onde residia.\u00a0<\/p>\n<p>A PF informou ainda que ele \u00e9 apontado como um dos l\u00edderes da fac\u00e7\u00e3o criminosa potiguar respons\u00e1vel pelos ataques e \u00e9 considerado foragido desde 2018, ap\u00f3s ter sido condenado pelos crimes de homic\u00eddio qualificado, roubo e recepta\u00e7\u00e3o.\u00a0<\/p>\n<h2>Joalheria assaltada<\/h2>\n<p>Ele tamb\u00e9m \u00e9 investigado pela participa\u00e7\u00e3o em um assalto a uma joalheria de um shopping center em Natal, em 2012. \u00a0<\/p>\n<p>No in\u00edcio de abril, a <a href=\"https:\/\/agenciabrasil.ebc.com.br\/geral\/noticia\/2023-04\/presa-no-rio-suspeita-de-articular-ataques-no-rio-grande-do-norte\" target=\"_blank\" rel=\"noopener\">Pol\u00edcia Civil do estado do Rio<\/a> prendeu, na zona oeste do Rio, outra suspeita de ser uma das lideran\u00e7as da fac\u00e7\u00e3o criminosa.<\/p>\n<p>Segundo a Secretaria de Seguran\u00e7a P\u00fablica e Defesa Social do Rio Grande do Norte, entre os dias 14 e 24 de mar\u00e7o, houve mais de 300 ataques, que resultaram na morte de um comerciante.<\/p>\n<p>A\u00e7\u00f5es policiais em resposta aos ataques haviam resultado na morte de 14 suspeitos de envolvimento com os atentados, at\u00e9 o in\u00edcio de abril.\u00a0<\/p>\n<p>\u00a0<\/p>\n<\/p><\/div>\n","protected":false},"excerpt":{"rendered":"<p>Policiais federais prenderam nessa ter\u00e7a-feira (9), no litoral norte do estado do Rio de Janeiro, um dos suspeitos de coordenar os ataques criminosos ocorridos no Rio Grande do Norte, em&hellip; <\/p>\n","protected":false},"author":1,"featured_media":51712,"comment_status":"open","ping_status":"open","sticky":false,"template":"","format":"standard","meta":{"footnotes":""},"categories":[802],"tags":[],"class_list":["post-54452","post","type-post","status-publish","format-standard","has-post-thumbnail","hentry","category-nacional"],"_links":{"self":[{"href":"https:\/\/mpiaui.com.br\/antigo\/index.php?rest_route=\/wp\/v2\/posts\/54452","targetHints":{"allow":["GET"]}}],"collection":[{"href":"https:\/\/mpiaui.com.br\/antigo\/index.php?rest_route=\/wp\/v2\/posts"}],"about":[{"href":"https:\/\/mpiaui.com.br\/antigo\/index.php?rest_route=\/wp\/v2\/types\/post"}],"author":[{"embeddable":true,"href":"https:\/\/mpiaui.com.br\/antigo\/index.php?rest_route=\/wp\/v2\/users\/1"}],"replies":[{"embeddable":true,"href":"https:\/\/mpiaui.com.br\/antigo\/index.php?rest_route=%2Fwp%2Fv2%2Fcomments&post=54452"}],"version-history":[{"count":0,"href":"https:\/\/mpiaui.com.br\/antigo\/index.php?rest_route=\/wp\/v2\/posts\/54452\/revisions"}],"wp:featuredmedia":[{"embeddable":true,"href":"https:\/\/mpiaui.com.br\/antigo\/index.php?rest_route=\/wp\/v2\/media\/51712"}],"wp:attachment":[{"href":"https:\/\/mpiaui.com.br\/antigo\/index.php?rest_route=%2Fwp%2Fv2%2Fmedia&parent=54452"}],"wp:term":[{"taxonomy":"category","embeddable":true,"href":"https:\/\/mpiaui.com.br\/antigo\/index.php?rest_route=%2Fwp%2Fv2%2Fcategories&post=54452"},{"taxonomy":"post_tag","embeddable":true,"href":"https:\/\/mpiaui.com.br\/antigo\/index.php?rest_route=%2Fwp%2Fv2%2Ftags&post=54452"}],"curies":[{"name":"wp","href":"https:\/\/api.w.org\/{rel}","templated":true}]}}