{"id":54460,"date":"2023-05-10T12:19:27","date_gmt":"2023-05-10T15:19:27","guid":{"rendered":"https:\/\/mpiaui.com.br\/secretaria-rejane-tavares-participa-de-encontro-em-brasilia-sobre-novas-diretrizes-do-paa\/"},"modified":"2023-05-10T12:19:27","modified_gmt":"2023-05-10T15:19:27","slug":"secretaria-rejane-tavares-participa-de-encontro-em-brasilia-sobre-novas-diretrizes-do-paa","status":"publish","type":"post","link":"https:\/\/mpiaui.com.br\/antigo\/?p=54460","title":{"rendered":"Secret\u00e1ria Rejane Tavares participa de encontro em Bras\u00edlia sobre novas diretrizes do PAA"},"content":{"rendered":"<p> [ad_1]<br \/>\n<\/p>\n<div>\n<p>As novas diretrizes do Programa de Aquisi\u00e7\u00e3o de Alimentos (PAA) do governo federal foram apresentadas, nessa ter\u00e7a-feira (9), em Bras\u00edlia, em encontro com gestores estaduaispromovido pelo Minist\u00e9rio do Desenvolvimento Social (MDS). A secret\u00e1ria da Agricultura Familiar do Piau\u00ed, Rejane Tavares, participou do evento que tamb\u00e9m teve a participa\u00e7\u00e3o do ministro do Desenvolvimento Social, Wellington Dias; do ministro do Desenvolvimento Agr\u00e1rio, Paulo Teixeira; e da secret\u00e1ria nacional da Agricultura Familiar, Patr\u00edcia Vasconcelos.<\/p>\n<p>Rejane Tavares explicou que foram apresentadas as novas diretrizes do programa, que atua na aquisi\u00e7\u00e3o de produtos da agricultura familiar e os direciona para fam\u00edlias em situa\u00e7\u00e3o de vulnerabilidade socioecon\u00f4mica.<\/p>\n<p>\u201cForam discutidas as novas diretrizes, com destaque para os detalhes sobre o processo de aprova\u00e7\u00e3o dos projetos junto aos \u00f3rg\u00e3os de fiscaliza\u00e7\u00e3o do estado, deixando muito claro que o PAA n\u00e3o \u00e9 uma licita\u00e7\u00e3o, mas sim uma modalidade de compra que adquire produtos da agricultura familiar para entrega simult\u00e2nea \u00e0s popula\u00e7\u00f5es em situa\u00e7\u00e3o de vulnerabilidade, por meio de entidades que trabalham com estas popula\u00e7\u00f5es\u201d, explicou a secret\u00e1ria.<\/p>\n<div id=\"attachment_87829\" style=\"width: 740px\" class=\"wp-caption alignnone\"><img decoding=\"async\" aria-describedby=\"caption-attachment-87829\" loading=\"lazy\" class=\"size-medium wp-image-87829\" src=\"https:\/\/www.pi.gov.br\/wp-content\/uploads\/2023\/05\/WhatsApp-Image-2023-05-09-at-11.45.31-730x487.jpeg\" alt=\"\" width=\"730\" height=\"487\" srcset=\"https:\/\/www.pi.gov.br\/wp-content\/uploads\/2023\/05\/WhatsApp-Image-2023-05-09-at-11.45.31-730x487.jpeg 730w, https:\/\/www.pi.gov.br\/wp-content\/uploads\/2023\/05\/WhatsApp-Image-2023-05-09-at-11.45.31-768x512.jpeg 768w, https:\/\/www.pi.gov.br\/wp-content\/uploads\/2023\/05\/WhatsApp-Image-2023-05-09-at-11.45.31-391x260.jpeg 391w, https:\/\/www.pi.gov.br\/wp-content\/uploads\/2023\/05\/WhatsApp-Image-2023-05-09-at-11.45.31.jpeg 1024w\" sizes=\"auto, (max-width: 730px) 100vw, 730px\"\/><\/p>\n<p id=\"caption-attachment-87829\" class=\"wp-caption-text\">Foto: Roberta Aline<\/p>\n<\/div>\n<p>Rejane Tavares tamb\u00e9m participou de uma reuni\u00e3o com o presidente da Ag\u00eancia Nacional de Assist\u00eancia T\u00e9cnica e Extens\u00e3o Rural (Anater), Jefferson Coriteac, em que foi discutido um projeto para valorizar a juventude no campo.<\/p>\n<p>\u201cDiscutimos com ele a possibilidade de um projeto de valoriza\u00e7\u00e3o dos jovens do campo por meio das escolas de fam\u00edlias agr\u00edcolas e das escolas agrot\u00e9cnicas do Estado. A proposta foi muito bem aceita e deveremos apresentar o projeto mais detalhado na pr\u00f3xima semana\u201d, frisou a gestora.<\/p>\n<div id=\"attachment_87830\" style=\"width: 740px\" class=\"wp-caption alignnone\"><img decoding=\"async\" aria-describedby=\"caption-attachment-87830\" loading=\"lazy\" class=\"size-medium wp-image-87830\" src=\"https:\/\/www.pi.gov.br\/wp-content\/uploads\/2023\/05\/WhatsApp-Image-2023-05-10-at-10.36.49-730x529.jpeg\" alt=\"\" width=\"730\" height=\"529\" srcset=\"https:\/\/www.pi.gov.br\/wp-content\/uploads\/2023\/05\/WhatsApp-Image-2023-05-10-at-10.36.49-730x529.jpeg 730w, https:\/\/www.pi.gov.br\/wp-content\/uploads\/2023\/05\/WhatsApp-Image-2023-05-10-at-10.36.49-1070x776.jpeg 1070w, https:\/\/www.pi.gov.br\/wp-content\/uploads\/2023\/05\/WhatsApp-Image-2023-05-10-at-10.36.49-768x557.jpeg 768w, https:\/\/www.pi.gov.br\/wp-content\/uploads\/2023\/05\/WhatsApp-Image-2023-05-10-at-10.36.49-1536x1114.jpeg 1536w, https:\/\/www.pi.gov.br\/wp-content\/uploads\/2023\/05\/WhatsApp-Image-2023-05-10-at-10.36.49.jpeg 1600w\" sizes=\"auto, (max-width: 730px) 100vw, 730px\"\/><\/p>\n<p id=\"caption-attachment-87830\" class=\"wp-caption-text\">Secret\u00e1ria Rejane Tavares participa de reuni\u00e3o com presidente da Anater<\/p>\n<\/div>\n<p>A secret\u00e1ria segue em Bras\u00edlia, nesta quarta-feira (10), onde dever\u00e1 participar de reuni\u00f5es com o ministro do Desenvolvimento Social, Wellington Dias, e de outros eventos de interesse da agricultura familiar no Piau\u00ed.<\/p>\n<\/p><\/div>\n<p><script async=\"\" defer=\"\" crossorigin=\"anonymous\" src=\"https:\/\/connect.facebook.net\/pt_BR\/sdk.js#xfbml=1&#038;version=v3.3\"><\/script><br \/>\n<br \/>[ad_2]<\/p>\n","protected":false},"excerpt":{"rendered":"<p>[ad_1] As novas diretrizes do Programa de Aquisi\u00e7\u00e3o de Alimentos (PAA) do governo federal foram apresentadas, nessa ter\u00e7a-feira (9), em Bras\u00edlia, em encontro com gestores estaduaispromovido pelo Minist\u00e9rio do Desenvolvimento&hellip; <\/p>\n","protected":false},"author":1,"featured_media":54461,"comment_status":"open","ping_status":"open","sticky":false,"template":"","format":"standard","meta":{"footnotes":""},"categories":[938],"tags":[],"class_list":["post-54460","post","type-post","status-publish","format-standard","has-post-thumbnail","hentry","category-governador"],"_links":{"self":[{"href":"https:\/\/mpiaui.com.br\/antigo\/index.php?rest_route=\/wp\/v2\/posts\/54460","targetHints":{"allow":["GET"]}}],"collection":[{"href":"https:\/\/mpiaui.com.br\/antigo\/index.php?rest_route=\/wp\/v2\/posts"}],"about":[{"href":"https:\/\/mpiaui.com.br\/antigo\/index.php?rest_route=\/wp\/v2\/types\/post"}],"author":[{"embeddable":true,"href":"https:\/\/mpiaui.com.br\/antigo\/index.php?rest_route=\/wp\/v2\/users\/1"}],"replies":[{"embeddable":true,"href":"https:\/\/mpiaui.com.br\/antigo\/index.php?rest_route=%2Fwp%2Fv2%2Fcomments&post=54460"}],"version-history":[{"count":0,"href":"https:\/\/mpiaui.com.br\/antigo\/index.php?rest_route=\/wp\/v2\/posts\/54460\/revisions"}],"wp:featuredmedia":[{"embeddable":true,"href":"https:\/\/mpiaui.com.br\/antigo\/index.php?rest_route=\/wp\/v2\/media\/54461"}],"wp:attachment":[{"href":"https:\/\/mpiaui.com.br\/antigo\/index.php?rest_route=%2Fwp%2Fv2%2Fmedia&parent=54460"}],"wp:term":[{"taxonomy":"category","embeddable":true,"href":"https:\/\/mpiaui.com.br\/antigo\/index.php?rest_route=%2Fwp%2Fv2%2Fcategories&post=54460"},{"taxonomy":"post_tag","embeddable":true,"href":"https:\/\/mpiaui.com.br\/antigo\/index.php?rest_route=%2Fwp%2Fv2%2Ftags&post=54460"}],"curies":[{"name":"wp","href":"https:\/\/api.w.org\/{rel}","templated":true}]}}