{"id":54467,"date":"2023-05-10T13:01:56","date_gmt":"2023-05-10T16:01:56","guid":{"rendered":"https:\/\/mpiaui.com.br\/agricultores-de-paulistana-produzem-algodao-organico-em-parceria-com-empresa-francesa\/"},"modified":"2023-05-10T13:01:56","modified_gmt":"2023-05-10T16:01:56","slug":"agricultores-de-paulistana-produzem-algodao-organico-em-parceria-com-empresa-francesa","status":"publish","type":"post","link":"https:\/\/mpiaui.com.br\/antigo\/?p=54467","title":{"rendered":"Agricultores de Paulistana produzem algod\u00e3o org\u00e2nico em parceria com empresa francesa"},"content":{"rendered":"<p> [ad_1]<br \/>\n<\/p>\n<div>\n<p>O cultivo de algod\u00e3o na comunidade Abelha Branca, na zona rural de Paulistana, no semi\u00e1rido piauiense, tem mudado a realidade de 28 fam\u00edlias de agricultores que gerenciam uma associa\u00e7\u00e3o que desenvolve essa cultura na regi\u00e3o. O algod\u00e3o tem o selo de produ\u00e7\u00e3o org\u00e2nica e o projeto \u00e9 desenvolvido em parceria com a empresa francesa Vert, para onde toda a produ\u00e7\u00e3o \u00e9 comercializada.<\/p>\n<p>O acompanhamento para o selo de produ\u00e7\u00e3o org\u00e2nica do produto \u00e9 feito junto ao Minist\u00e9rio da Agricultura e Pecu\u00e1ria (Mapa), que acompanha por meio do sistema de certifica\u00e7\u00e3o participativa, no qual uma comiss\u00e3o avalia o processo produtivo com os crit\u00e9rios de produ\u00e7\u00e3o 100% org\u00e2nica.<\/p>\n<div id=\"attachment_87844\" style=\"width: 2570px\" class=\"wp-caption alignnone\"><img decoding=\"async\" aria-describedby=\"caption-attachment-87844\" loading=\"lazy\" class=\"size-full wp-image-87844\" src=\"https:\/\/www.pi.gov.br\/wp-content\/uploads\/2023\/05\/File498-scaled.jpg\" alt=\"\" width=\"2560\" height=\"1911\" srcset=\"https:\/\/www.pi.gov.br\/wp-content\/uploads\/2023\/05\/File498-scaled.jpg 2560w, https:\/\/www.pi.gov.br\/wp-content\/uploads\/2023\/05\/File498-730x545.jpg 730w, https:\/\/www.pi.gov.br\/wp-content\/uploads\/2023\/05\/File498-1070x799.jpg 1070w, https:\/\/www.pi.gov.br\/wp-content\/uploads\/2023\/05\/File498-768x573.jpg 768w, https:\/\/www.pi.gov.br\/wp-content\/uploads\/2023\/05\/File498-1536x1146.jpg 1536w, https:\/\/www.pi.gov.br\/wp-content\/uploads\/2023\/05\/File498-2048x1528.jpg 2048w\" sizes=\"auto, (max-width: 2560px) 100vw, 2560px\"\/><\/p>\n<p id=\"caption-attachment-87844\" class=\"wp-caption-text\">A produ\u00e7\u00e3o de algod\u00e3o org\u00e2nico localizada na comunidade Abelha Branca (Foto: Geirlys Silva)<\/p>\n<\/div>\n<p>A empresa faz o processo de acompanhamento t\u00e9cnico desde o preparo do solo, ao plantio at\u00e9 a colheita. Tamb\u00e9m \u00e9 realizado o acompanhamento dos dados pluviom\u00e9tricos das chuvas na regi\u00e3o. O produto tem um valor total de comercializa\u00e7\u00e3o que custa R$ 17 por quilo, e que pode ter um acr\u00e9scimo de R$ 5,80 por quilo de pluma, caso os agricultores cumpram todos os crit\u00e9rios avaliados para a certifica\u00e7\u00e3o org\u00e2nica.<\/p>\n<p>No ano de 2022, houve uma produ\u00e7\u00e3o de 10 toneladas de algod\u00e3o org\u00e2nico e a expectativa para este ano \u00e9 de uma produ\u00e7\u00e3o de mais de 15 toneladas. Toda a planta\u00e7\u00e3o \u00e9 consorciada com milho, feij\u00e3o, amendoim, gergelim e girassol para garantir, al\u00e9m da produ\u00e7\u00e3o de algod\u00e3o, a seguran\u00e7a alimentar dos produtores.<\/p>\n<p><strong>Combate a pragas e reaproveitamento do produto<\/strong><\/p>\n<p>Os agricultores convivem com a praga do bicudo-do-algodoeiro, um inseto que ataca as planta\u00e7\u00f5es. Para o combate, sem a utiliza\u00e7\u00e3o de agrot\u00f3xicos, os agricultores fazem a planta\u00e7\u00e3o nas primeiras chuvas da esta\u00e7\u00e3o, entre os meses de novembro, dezembro e janeiro. Ap\u00f3s a colheita, \u00e9 realizado o vazio sanit\u00e1rio, que \u00e9 o per\u00edodo cont\u00ednuo de, no m\u00ednimo 90 dias, em que n\u00e3o se pode plantar e nem manter vivas as plantas de algod\u00e3o da \u00faltima safra. Para isso, se utilizam animais para consumir a folhagem e \u00e9 arrancado o algod\u00e3o, para cortar o ciclo da praga de um ano para o outro.<\/p>\n<div id=\"attachment_87845\" style=\"width: 740px\" class=\"wp-caption alignnone\"><img decoding=\"async\" aria-describedby=\"caption-attachment-87845\" loading=\"lazy\" class=\"size-medium wp-image-87845\" src=\"https:\/\/www.pi.gov.br\/wp-content\/uploads\/2023\/05\/File534-730x487.jpg\" alt=\"\" width=\"730\" height=\"487\" srcset=\"https:\/\/www.pi.gov.br\/wp-content\/uploads\/2023\/05\/File534-730x487.jpg 730w, https:\/\/www.pi.gov.br\/wp-content\/uploads\/2023\/05\/File534-1070x713.jpg 1070w, https:\/\/www.pi.gov.br\/wp-content\/uploads\/2023\/05\/File534-768x512.jpg 768w, https:\/\/www.pi.gov.br\/wp-content\/uploads\/2023\/05\/File534-391x260.jpg 391w, https:\/\/www.pi.gov.br\/wp-content\/uploads\/2023\/05\/File534-1536x1024.jpg 1536w, https:\/\/www.pi.gov.br\/wp-content\/uploads\/2023\/05\/File534-2048x1365.jpg 2048w\" sizes=\"auto, (max-width: 730px) 100vw, 730px\"\/><\/p>\n<p id=\"caption-attachment-87845\" class=\"wp-caption-text\">Foto: Geirlys Silva<\/p>\n<\/div>\n<p>Dentro da produ\u00e7\u00e3o do algod\u00e3o org\u00e2nico, tudo acaba sendo aproveitado, como as sementes. Ap\u00f3s o processamento para retirada do algod\u00e3o, as sementes s\u00e3o utilizadas para produ\u00e7\u00e3o de ra\u00e7\u00e3o para animais, que funciona como suplemento nutricional para o per\u00edodo seco, o que proporciona economia para os agricultores.<\/p>\n<\/p><\/div>\n<p><script async=\"\" defer=\"\" crossorigin=\"anonymous\" src=\"https:\/\/connect.facebook.net\/pt_BR\/sdk.js#xfbml=1&#038;version=v3.3\"><\/script><br \/>\n<br \/>[ad_2]<\/p>\n","protected":false},"excerpt":{"rendered":"<p>[ad_1] O cultivo de algod\u00e3o na comunidade Abelha Branca, na zona rural de Paulistana, no semi\u00e1rido piauiense, tem mudado a realidade de 28 fam\u00edlias de agricultores que gerenciam uma associa\u00e7\u00e3o&hellip; <\/p>\n","protected":false},"author":1,"featured_media":54468,"comment_status":"open","ping_status":"open","sticky":false,"template":"","format":"standard","meta":{"footnotes":""},"categories":[938],"tags":[],"class_list":["post-54467","post","type-post","status-publish","format-standard","has-post-thumbnail","hentry","category-governador"],"_links":{"self":[{"href":"https:\/\/mpiaui.com.br\/antigo\/index.php?rest_route=\/wp\/v2\/posts\/54467","targetHints":{"allow":["GET"]}}],"collection":[{"href":"https:\/\/mpiaui.com.br\/antigo\/index.php?rest_route=\/wp\/v2\/posts"}],"about":[{"href":"https:\/\/mpiaui.com.br\/antigo\/index.php?rest_route=\/wp\/v2\/types\/post"}],"author":[{"embeddable":true,"href":"https:\/\/mpiaui.com.br\/antigo\/index.php?rest_route=\/wp\/v2\/users\/1"}],"replies":[{"embeddable":true,"href":"https:\/\/mpiaui.com.br\/antigo\/index.php?rest_route=%2Fwp%2Fv2%2Fcomments&post=54467"}],"version-history":[{"count":0,"href":"https:\/\/mpiaui.com.br\/antigo\/index.php?rest_route=\/wp\/v2\/posts\/54467\/revisions"}],"wp:featuredmedia":[{"embeddable":true,"href":"https:\/\/mpiaui.com.br\/antigo\/index.php?rest_route=\/wp\/v2\/media\/54468"}],"wp:attachment":[{"href":"https:\/\/mpiaui.com.br\/antigo\/index.php?rest_route=%2Fwp%2Fv2%2Fmedia&parent=54467"}],"wp:term":[{"taxonomy":"category","embeddable":true,"href":"https:\/\/mpiaui.com.br\/antigo\/index.php?rest_route=%2Fwp%2Fv2%2Fcategories&post=54467"},{"taxonomy":"post_tag","embeddable":true,"href":"https:\/\/mpiaui.com.br\/antigo\/index.php?rest_route=%2Fwp%2Fv2%2Ftags&post=54467"}],"curies":[{"name":"wp","href":"https:\/\/api.w.org\/{rel}","templated":true}]}}