{"id":54473,"date":"2023-05-10T14:05:07","date_gmt":"2023-05-10T17:05:07","guid":{"rendered":"https:\/\/mpiaui.com.br\/reuniao-discute-medidas-para-combater-a-desertificacao-no-piaui\/"},"modified":"2023-05-10T14:05:07","modified_gmt":"2023-05-10T17:05:07","slug":"reuniao-discute-medidas-para-combater-a-desertificacao-no-piaui","status":"publish","type":"post","link":"https:\/\/mpiaui.com.br\/antigo\/?p=54473","title":{"rendered":"Reuni\u00e3o discute medidas para combater a desertifica\u00e7\u00e3o no Piau\u00ed"},"content":{"rendered":"<p> [ad_1]<br \/>\n<\/p>\n<div>\n<p>Em busca de desenvolvimento sustent\u00e1vel e alternativas para o fim da desertifica\u00e7\u00e3o no Piau\u00ed. A Funda\u00e7\u00e3o de Amparo \u00e0 Pesquisa do Piau\u00ed (Fapepi), une for\u00e7as \u00e0 Afert Biofertilizantes e \u00e0 Secretaria do Meio Ambiente e Recursos H\u00eddricos (Semarh-PI).<\/p>\n<p>A desertifica\u00e7\u00e3o \u00e9 um problema cada vez mais presente no estado. O fen\u00f4meno \u00e9 caracterizado pela degrada\u00e7\u00e3o da terra, que se torna cada vez mais seca e inf\u00e9rtil, tornando-se incapaz de suportar a vida vegetal e animal. A falta de chuvas, aliada ao uso inadequado do solo, como o desmatamento e o uso excessivo de agrot\u00f3xicos, contribuem para a intensifica\u00e7\u00e3o do processo de degrada\u00e7\u00e3o.<\/p>\n<p>Diante desse cen\u00e1rio, ocorreu, na \u00faltima ter\u00e7a-feira (9), uma reuni\u00e3o na sede da Fapepi para discutir solu\u00e7\u00f5es e poss\u00edveis medidas para combater a desertifica\u00e7\u00e3o em regi\u00f5es do Piau\u00ed. Na oportunidade esteve presente o presidente da institui\u00e7\u00e3o, Jo\u00e3o Xavier, representantes da empresa Afert Biofertilizantes e da Semarh-PI.<\/p>\n<div id=\"attachment_87872\" style=\"width: 740px\" class=\"wp-caption aligncenter\"><img decoding=\"async\" aria-describedby=\"caption-attachment-87872\" loading=\"lazy\" class=\"wp-image-87872 size-medium\" src=\"https:\/\/www.pi.gov.br\/wp-content\/uploads\/2023\/05\/IMG_2704-2-730x445.jpg\" alt=\"\" width=\"730\" height=\"445\" srcset=\"https:\/\/www.pi.gov.br\/wp-content\/uploads\/2023\/05\/IMG_2704-2-730x445.jpg 730w, https:\/\/www.pi.gov.br\/wp-content\/uploads\/2023\/05\/IMG_2704-2-1070x652.jpg 1070w, https:\/\/www.pi.gov.br\/wp-content\/uploads\/2023\/05\/IMG_2704-2-768x468.jpg 768w, https:\/\/www.pi.gov.br\/wp-content\/uploads\/2023\/05\/IMG_2704-2-1536x936.jpg 1536w, https:\/\/www.pi.gov.br\/wp-content\/uploads\/2023\/05\/IMG_2704-2-2048x1248.jpg 2048w\" sizes=\"auto, (max-width: 730px) 100vw, 730px\"\/><\/p>\n<p id=\"caption-attachment-87872\" class=\"wp-caption-text\">Presidente da Fapepi, Jo\u00e3o Xavier, representantes da Afert Biofertilizantes e Semarh-PI.<\/p>\n<\/div>\n<p>Para o presidente da Fapepi, Jo\u00e3o Xavier, a institui\u00e7\u00e3o \u00e9 a porta de entrada das institui\u00e7\u00f5es de pesquisa e empresas de base tecnol\u00f3gica. \u201cEstamos recebendo a empresa Afert que nos traz tecnologia de ponta e vai atuar na Ar\u00e1bia Saudita nessa quest\u00e3o da desertifica\u00e7\u00e3o. Pensando nisso, convidamos os parceiros, secretarias e \u00f3rg\u00e3os relacionados para uma reuni\u00e3o\u201d, destacou o presidente.<\/p>\n<p>Jo\u00e3o Victor, representante da Semarh-PI, destaca a import\u00e2ncia da parceria entre as institui\u00e7\u00f5es para o Piau\u00ed. \u201cTenho a certeza que juntos vamos conseguir \u00a0desenvolver projetos na regi\u00e3o de Bom Jesus e Gilbu\u00e9s, mostrar o resultado dessas \u00e1reas de desertifica\u00e7\u00e3o e reutilizar para o plantio das culturas e cultivos daquela regi\u00e3o\u201d, afirmou Jo\u00e3o.<\/p>\n<p>A parceria entre Fapepi, Semarh-PI e Afert Biofertilizantes objetiva melhorar a qualidade de vida dos piauienses, fomentar o crescimento econ\u00f4mico, contribuir para a gera\u00e7\u00e3o de empregos e fortalecer a economia local. Durante a reuni\u00e3o, todos os envolvidos se comprometeram a trabalhar juntos na busca por solu\u00e7\u00f5es que possam frear o processo de desertifica\u00e7\u00e3o e garantir um futuro mais pr\u00f3spero e sustent\u00e1vel para o Piau\u00ed.<\/p>\n<\/p><\/div>\n<p><script async=\"\" defer=\"\" crossorigin=\"anonymous\" src=\"https:\/\/connect.facebook.net\/pt_BR\/sdk.js#xfbml=1&#038;version=v3.3\"><\/script><br \/>\n<br \/>[ad_2]<\/p>\n","protected":false},"excerpt":{"rendered":"<p>[ad_1] Em busca de desenvolvimento sustent\u00e1vel e alternativas para o fim da desertifica\u00e7\u00e3o no Piau\u00ed. A Funda\u00e7\u00e3o de Amparo \u00e0 Pesquisa do Piau\u00ed (Fapepi), une for\u00e7as \u00e0 Afert Biofertilizantes e&hellip; <\/p>\n","protected":false},"author":1,"featured_media":54474,"comment_status":"open","ping_status":"open","sticky":false,"template":"","format":"standard","meta":{"footnotes":""},"categories":[938],"tags":[],"class_list":["post-54473","post","type-post","status-publish","format-standard","has-post-thumbnail","hentry","category-governador"],"_links":{"self":[{"href":"https:\/\/mpiaui.com.br\/antigo\/index.php?rest_route=\/wp\/v2\/posts\/54473","targetHints":{"allow":["GET"]}}],"collection":[{"href":"https:\/\/mpiaui.com.br\/antigo\/index.php?rest_route=\/wp\/v2\/posts"}],"about":[{"href":"https:\/\/mpiaui.com.br\/antigo\/index.php?rest_route=\/wp\/v2\/types\/post"}],"author":[{"embeddable":true,"href":"https:\/\/mpiaui.com.br\/antigo\/index.php?rest_route=\/wp\/v2\/users\/1"}],"replies":[{"embeddable":true,"href":"https:\/\/mpiaui.com.br\/antigo\/index.php?rest_route=%2Fwp%2Fv2%2Fcomments&post=54473"}],"version-history":[{"count":0,"href":"https:\/\/mpiaui.com.br\/antigo\/index.php?rest_route=\/wp\/v2\/posts\/54473\/revisions"}],"wp:featuredmedia":[{"embeddable":true,"href":"https:\/\/mpiaui.com.br\/antigo\/index.php?rest_route=\/wp\/v2\/media\/54474"}],"wp:attachment":[{"href":"https:\/\/mpiaui.com.br\/antigo\/index.php?rest_route=%2Fwp%2Fv2%2Fmedia&parent=54473"}],"wp:term":[{"taxonomy":"category","embeddable":true,"href":"https:\/\/mpiaui.com.br\/antigo\/index.php?rest_route=%2Fwp%2Fv2%2Fcategories&post=54473"},{"taxonomy":"post_tag","embeddable":true,"href":"https:\/\/mpiaui.com.br\/antigo\/index.php?rest_route=%2Fwp%2Fv2%2Ftags&post=54473"}],"curies":[{"name":"wp","href":"https:\/\/api.w.org\/{rel}","templated":true}]}}