{"id":54485,"date":"2023-05-10T15:50:35","date_gmt":"2023-05-10T18:50:35","guid":{"rendered":"https:\/\/mpiaui.com.br\/fundacao-antares-recebe-visita-de-representante-da-ebc-e-fortalece-parceria\/"},"modified":"2023-05-10T15:50:35","modified_gmt":"2023-05-10T18:50:35","slug":"fundacao-antares-recebe-visita-de-representante-da-ebc-e-fortalece-parceria","status":"publish","type":"post","link":"https:\/\/mpiaui.com.br\/antigo\/?p=54485","title":{"rendered":"Funda\u00e7\u00e3o Antares recebe visita de representante da EBC e fortalece parceria"},"content":{"rendered":"<p> [ad_1]<br \/>\n<\/p>\n<div>\n<p>A Funda\u00e7\u00e3o R\u00e1dio e Televis\u00e3o Educativa do Piau\u00ed (Funart) recebeu, nesta quarta-feira (10), a visita do gerente executivo de planejamento da Empresa Brasil de Comunica\u00e7\u00e3o (EBC), Vancarlos Alves, para o fortalecimento da parceria entre a Funda\u00e7\u00e3o e a EBC.<\/p>\n<p>Para Vancarlos, o encontro tem grande import\u00e2ncia para discutir melhorias da programa\u00e7\u00e3o da TV e R\u00e1dio Antares. \u201cEssa reuni\u00e3o busca reaproximar e trabalhar projetos em prol da comunica\u00e7\u00e3o p\u00fablica, para que possamos oferecer uma programa\u00e7\u00e3o robusta e de qualidade para o povo piauiense. Sabemos que em muitos munic\u00edpios o acesso \u00e0 comunica\u00e7\u00e3o \u00e9 limitado. Ent\u00e3o \u00e9 importante levar esse conte\u00fado complementar, para que as pessoas tenham acesso \u00e0 utilidade p\u00fablica, cultura e toda uma gama de conte\u00fado que a comunica\u00e7\u00e3o p\u00fablica tem a agregar\u201d, disse o gerente.<\/p>\n<p><img decoding=\"async\" loading=\"lazy\" class=\"size-medium wp-image-87958 aligncenter\" src=\"https:\/\/www.pi.gov.br\/wp-content\/uploads\/2023\/05\/WhatsApp-Image-2023-05-10-at-14.50.57-730x514.jpeg\" alt=\"\" width=\"730\" height=\"514\" srcset=\"https:\/\/www.pi.gov.br\/wp-content\/uploads\/2023\/05\/WhatsApp-Image-2023-05-10-at-14.50.57-730x514.jpeg 730w, https:\/\/www.pi.gov.br\/wp-content\/uploads\/2023\/05\/WhatsApp-Image-2023-05-10-at-14.50.57-1070x753.jpeg 1070w, https:\/\/www.pi.gov.br\/wp-content\/uploads\/2023\/05\/WhatsApp-Image-2023-05-10-at-14.50.57-768x541.jpeg 768w, https:\/\/www.pi.gov.br\/wp-content\/uploads\/2023\/05\/WhatsApp-Image-2023-05-10-at-14.50.57.jpeg 1280w\" sizes=\"auto, (max-width: 730px) 100vw, 730px\"\/><\/p>\n<p>O presidente da Funart, Marcos Oliveira, afirmou que est\u00e1 sendo planejada a expans\u00e3o da TV e R\u00e1dio Antares para os demais munic\u00edpios do Piau\u00ed. \u201cPosteriormente vamos receber uma visita t\u00e9cnica dos membros da EBC. A ideia \u00e9 que ainda este ano, o nosso sinal chegue a mais de 25 munic\u00edpios e, ent\u00e3o, iremos avan\u00e7ar para as demais cidades. Estamos reestruturando a nossa programa\u00e7\u00e3o da TV, R\u00e1dio Antares e da institui\u00e7\u00e3o como um todo, para que possamos expandir o sinal e trazer uma vasta programa\u00e7\u00e3o para os dois ve\u00edculos de comunica\u00e7\u00e3o.\u201d, finalizou Marcos.<\/p>\n<p><img decoding=\"async\" loading=\"lazy\" class=\"size-medium wp-image-87961 aligncenter\" src=\"https:\/\/www.pi.gov.br\/wp-content\/uploads\/2023\/05\/WhatsApp-Image-2023-05-10-at-14.27.44-730x411.jpeg\" alt=\"\" width=\"730\" height=\"411\" srcset=\"https:\/\/www.pi.gov.br\/wp-content\/uploads\/2023\/05\/WhatsApp-Image-2023-05-10-at-14.27.44-730x411.jpeg 730w, https:\/\/www.pi.gov.br\/wp-content\/uploads\/2023\/05\/WhatsApp-Image-2023-05-10-at-14.27.44-1070x602.jpeg 1070w, https:\/\/www.pi.gov.br\/wp-content\/uploads\/2023\/05\/WhatsApp-Image-2023-05-10-at-14.27.44-768x432.jpeg 768w, https:\/\/www.pi.gov.br\/wp-content\/uploads\/2023\/05\/WhatsApp-Image-2023-05-10-at-14.27.44-1536x864.jpeg 1536w, https:\/\/www.pi.gov.br\/wp-content\/uploads\/2023\/05\/WhatsApp-Image-2023-05-10-at-14.27.44.jpeg 1600w\" sizes=\"auto, (max-width: 730px) 100vw, 730px\"\/><\/p>\n<\/p><\/div>\n<p><script async=\"\" defer=\"\" crossorigin=\"anonymous\" src=\"https:\/\/connect.facebook.net\/pt_BR\/sdk.js#xfbml=1&#038;version=v3.3\"><\/script><br \/>\n<br \/>[ad_2]<\/p>\n","protected":false},"excerpt":{"rendered":"<p>[ad_1] A Funda\u00e7\u00e3o R\u00e1dio e Televis\u00e3o Educativa do Piau\u00ed (Funart) recebeu, nesta quarta-feira (10), a visita do gerente executivo de planejamento da Empresa Brasil de Comunica\u00e7\u00e3o (EBC), Vancarlos Alves, para&hellip; <\/p>\n","protected":false},"author":1,"featured_media":54486,"comment_status":"open","ping_status":"open","sticky":false,"template":"","format":"standard","meta":{"footnotes":""},"categories":[938],"tags":[],"class_list":["post-54485","post","type-post","status-publish","format-standard","has-post-thumbnail","hentry","category-governador"],"_links":{"self":[{"href":"https:\/\/mpiaui.com.br\/antigo\/index.php?rest_route=\/wp\/v2\/posts\/54485","targetHints":{"allow":["GET"]}}],"collection":[{"href":"https:\/\/mpiaui.com.br\/antigo\/index.php?rest_route=\/wp\/v2\/posts"}],"about":[{"href":"https:\/\/mpiaui.com.br\/antigo\/index.php?rest_route=\/wp\/v2\/types\/post"}],"author":[{"embeddable":true,"href":"https:\/\/mpiaui.com.br\/antigo\/index.php?rest_route=\/wp\/v2\/users\/1"}],"replies":[{"embeddable":true,"href":"https:\/\/mpiaui.com.br\/antigo\/index.php?rest_route=%2Fwp%2Fv2%2Fcomments&post=54485"}],"version-history":[{"count":0,"href":"https:\/\/mpiaui.com.br\/antigo\/index.php?rest_route=\/wp\/v2\/posts\/54485\/revisions"}],"wp:featuredmedia":[{"embeddable":true,"href":"https:\/\/mpiaui.com.br\/antigo\/index.php?rest_route=\/wp\/v2\/media\/54486"}],"wp:attachment":[{"href":"https:\/\/mpiaui.com.br\/antigo\/index.php?rest_route=%2Fwp%2Fv2%2Fmedia&parent=54485"}],"wp:term":[{"taxonomy":"category","embeddable":true,"href":"https:\/\/mpiaui.com.br\/antigo\/index.php?rest_route=%2Fwp%2Fv2%2Fcategories&post=54485"},{"taxonomy":"post_tag","embeddable":true,"href":"https:\/\/mpiaui.com.br\/antigo\/index.php?rest_route=%2Fwp%2Fv2%2Ftags&post=54485"}],"curies":[{"name":"wp","href":"https:\/\/api.w.org\/{rel}","templated":true}]}}