{"id":54490,"date":"2023-05-10T16:33:49","date_gmt":"2023-05-10T19:33:49","guid":{"rendered":"https:\/\/mpiaui.com.br\/suspeito-de-matar-jovem-em-discussao-por-som-alto-em-blumenau-sc-e-preso-no-pi\/"},"modified":"2023-05-10T16:33:49","modified_gmt":"2023-05-10T19:33:49","slug":"suspeito-de-matar-jovem-em-discussao-por-som-alto-em-blumenau-sc-e-preso-no-pi","status":"publish","type":"post","link":"https:\/\/mpiaui.com.br\/antigo\/?p=54490","title":{"rendered":"Suspeito de matar jovem em discuss\u00e3o por som alto em Blumenau (SC) \u00e9 preso no PI"},"content":{"rendered":"<div>\n<p>\n                                                <img decoding=\"async\" src=\"https:\/\/piauihoje.com\/uploads\/imagens\/whatsapp-image-2023-05-10-at-16-07-11-1683746799.jpeg\" alt=\"Equipe policial do GPM de Acau\u00e3 receber\" style=\"width: 100% !important;\"\/>\n                                                <\/p>\n<p>\n                                                    <span>Equipe policial do GPM de Acau\u00e3 receber<\/span><br \/>\n                                                    <span>Foto: Reprodu\u00e7\u00e3o PM\/PI<\/span>\n                                                <\/p>\n<p>A Pol\u00edcia Militar, em uma a\u00e7\u00e3o conjunta entre o Grupamento Policial Militar da cidade de Acau\u00e3 e da For\u00e7a T\u00e1tica do 20\u00b0 Batalh\u00e3o de Paulistana, capturou, na manh\u00e3 dessa quarta-feira (10), na cidade de Jacobina do Piau\u00ed, distante 450 Km de Teresina, um homem de 37 anos que estava foragido da justi\u00e7a do Estado de Santa Catarina, suspeito de homic\u00eddio qualificado no munic\u00edpio de Blumenau.<\/p>\n<p>A a\u00e7\u00e3o se desencadeou ap\u00f3s a equipe policial do GPM de Acau\u00e3 receber informa\u00e7\u00f5es de que um homem, natural do Piau\u00ed, teria se envolvido numa discuss\u00e3o, por motivo de som alto, e teria efetuado v\u00e1rios disparos de arma de fogo calibre 9mm em um jovem, de iniciais L. F. G, no bairro Fortaleza, na cidade de Blumenau, ceifando a sua vida. O crime aconteceu no dia 20 de novembro do ano passado.<\/p>\n<p><img decoding=\"async\" src=\"https:\/\/piauihoje.com\/uploads\/editor\/whatsapp-image-2023-05-10-at-16_3b32741a228fce05a612fc0144743d152c3227bc.jpeg\" style=\"width: 800px;\" class=\"fr-fic fr-dib\"\/><\/p>\n<p>Logo em seguida ao crime, o suspeito teria fugido para o Povoado Cajueiro, zona rural de Patos do Piau\u00ed, sua terra natal. De posse dessas informa\u00e7\u00f5es, a equipe diligenciou na regi\u00e3o, bem como localidades adjacentes, inclusive na cidade de Jacobina do Piau\u00ed, tendo em vista que a equipe policial recebeu informes de que o alvo das buscas constantemente trocava de endere\u00e7os nessas duas localidades, possivelmente no intuito de despistar os \u00f3rg\u00e3os pol\u00edcias.<\/p>\n<p>Depois de v\u00e1rios dias de coletas de informa\u00e7\u00f5es e campana, as equipes do GPM de Acau\u00e3 e da FT do 20\u00b0 BPM, deram cumprimento nas primeiras horas da manh\u00e3 de hoje, na Rua Jos\u00e9 Cazuza, Centro de Jacobina do Piau\u00ed, ao mandado de pris\u00e3o preventiva expedido em 14\/03\/2023, pela segunda Vara Criminal da Comarca de Blumenau.<\/p>\n<p><img decoding=\"async\" src=\"https:\/\/piauihoje.com\/uploads\/editor\/whatsapp-image-2023-05-10-at-16_e6369e71537f20dc1918368647b4f1deadfec2c6.jpeg\" style=\"width: 800px;\" class=\"fr-fic fr-dib\"\/><\/p>\n<p>Al\u00e9m da acusa\u00e7\u00e3o de homic\u00eddio qualificado, pesam contra o indiv\u00edduo a acusa\u00e7\u00e3o de porte e posse ilegal de arma de fogo de uso permitido. Na resid\u00eancia do capturado foram localizados uma espingarda de press\u00e3o, uma m\u00e1quina de choque, documenta\u00e7\u00e3o de uma Pistola Taurus G3C 9mm em seu nome e o CRLV de um ve\u00edculo modelo VW\/Gol, tamb\u00e9m em seu nome.<\/p>\n<p>Todo material foi apreendido e apresentado juntamente ao foragido na Delegacia Seccional de Pol\u00edcia Civil de Paulistana\/PI para a ado\u00e7\u00e3o dos procedimentos de praxe.<\/p>\n<\/p><\/div>\n","protected":false},"excerpt":{"rendered":"<p>Equipe policial do GPM de Acau\u00e3 receber Foto: Reprodu\u00e7\u00e3o PM\/PI A Pol\u00edcia Militar, em uma a\u00e7\u00e3o conjunta entre o Grupamento Policial Militar da cidade de Acau\u00e3 e da For\u00e7a T\u00e1tica&hellip; <\/p>\n","protected":false},"author":1,"featured_media":54491,"comment_status":"open","ping_status":"open","sticky":false,"template":"","format":"standard","meta":{"footnotes":""},"categories":[78],"tags":[],"class_list":["post-54490","post","type-post","status-publish","format-standard","has-post-thumbnail","hentry","category-teresina"],"_links":{"self":[{"href":"https:\/\/mpiaui.com.br\/antigo\/index.php?rest_route=\/wp\/v2\/posts\/54490","targetHints":{"allow":["GET"]}}],"collection":[{"href":"https:\/\/mpiaui.com.br\/antigo\/index.php?rest_route=\/wp\/v2\/posts"}],"about":[{"href":"https:\/\/mpiaui.com.br\/antigo\/index.php?rest_route=\/wp\/v2\/types\/post"}],"author":[{"embeddable":true,"href":"https:\/\/mpiaui.com.br\/antigo\/index.php?rest_route=\/wp\/v2\/users\/1"}],"replies":[{"embeddable":true,"href":"https:\/\/mpiaui.com.br\/antigo\/index.php?rest_route=%2Fwp%2Fv2%2Fcomments&post=54490"}],"version-history":[{"count":0,"href":"https:\/\/mpiaui.com.br\/antigo\/index.php?rest_route=\/wp\/v2\/posts\/54490\/revisions"}],"wp:featuredmedia":[{"embeddable":true,"href":"https:\/\/mpiaui.com.br\/antigo\/index.php?rest_route=\/wp\/v2\/media\/54491"}],"wp:attachment":[{"href":"https:\/\/mpiaui.com.br\/antigo\/index.php?rest_route=%2Fwp%2Fv2%2Fmedia&parent=54490"}],"wp:term":[{"taxonomy":"category","embeddable":true,"href":"https:\/\/mpiaui.com.br\/antigo\/index.php?rest_route=%2Fwp%2Fv2%2Fcategories&post=54490"},{"taxonomy":"post_tag","embeddable":true,"href":"https:\/\/mpiaui.com.br\/antigo\/index.php?rest_route=%2Fwp%2Fv2%2Ftags&post=54490"}],"curies":[{"name":"wp","href":"https:\/\/api.w.org\/{rel}","templated":true}]}}