{"id":54492,"date":"2023-05-10T16:53:19","date_gmt":"2023-05-10T19:53:19","guid":{"rendered":"https:\/\/mpiaui.com.br\/funcionarios-do-laboratorio-central-sao-vacinados-contra-a-mpox\/"},"modified":"2023-05-10T16:53:19","modified_gmt":"2023-05-10T19:53:19","slug":"funcionarios-do-laboratorio-central-sao-vacinados-contra-a-mpox","status":"publish","type":"post","link":"https:\/\/mpiaui.com.br\/antigo\/?p=54492","title":{"rendered":"Funcion\u00e1rios do Laborat\u00f3rio Central s\u00e3o vacinados contra a Mpox"},"content":{"rendered":"<p> [ad_1]<br \/>\n<\/p>\n<div>\n<p>T\u00e9cnicos do Laborat\u00f3rio Central de Sa\u00fade P\u00fablica do Piau\u00ed (Lacen-PI) foram vacinados contra a Mpox nesta quarta-feira (10). Ao todo, 23 funcion\u00e1rios que trabalham no setor de biologia molecular receberam o imunizante. Eles s\u00e3o os respons\u00e1veis por manipular os testes para detectar a var\u00edola do macaco.<\/p>\n<p>A vacina\u00e7\u00e3o contra monkeypox (Mpox) tem sido direcionada para o p\u00fablico priorit\u00e1rio formado por pessoas com maior risco de evolu\u00e7\u00e3o para casos graves que se encaixam em crit\u00e9rios j\u00e1 estabelecidos pelo Minist\u00e9rio da Sa\u00fade. Entre o p\u00fablico eleg\u00edvel est\u00e3o as pessoas que vivem com HIV\/Aids e profissionais que atuam diretamente em contato com o v\u00edrus em laborat\u00f3rios (pr\u00e9-exposi\u00e7\u00e3o).<\/p>\n<p>De acordo com o diretor do Lacen, Fabr\u00edcio do Amaral, com os t\u00e9cnicos vacinados contra a doen\u00e7a, \u00e9 poss\u00edvel ter tranquilidade para trabalhar. \u201cPrevenir ainda \u00e9 a melhor solu\u00e7\u00e3o e a vacina\u00e7\u00e3o \u00e9 a principal forma de combater essas doen\u00e7as virais como a var\u00edola. Neste primeiro momento, optamos por vacinar apenas os t\u00e9cnicos que manipulam os exames porque est\u00e3o mais expostos. N\u00e3o h\u00e1 necessidade de imunizar todos os funcion\u00e1rios do laborat\u00f3rio\u201d afirma o diretor.<\/p>\n<p>O atual cen\u00e1rio epidemiol\u00f3gico da Mpox no Piau\u00ed apresenta um quadro est\u00e1vel com 40 casos confirmados e sem registro de \u00f3bitos ou novos casos nas \u00faltimas semanas.<\/p>\n<p><img decoding=\"async\" loading=\"lazy\" class=\"wp-image-87971 aligncenter\" src=\"https:\/\/www.pi.gov.br\/wp-content\/uploads\/2023\/05\/vacina-mpox-730x973.jpg\" alt=\"\" width=\"608\" height=\"810\" srcset=\"https:\/\/www.pi.gov.br\/wp-content\/uploads\/2023\/05\/vacina-mpox-730x973.jpg 730w, https:\/\/www.pi.gov.br\/wp-content\/uploads\/2023\/05\/vacina-mpox.jpg 768w\" sizes=\"auto, (max-width: 608px) 100vw, 608px\"\/><\/p>\n<p>Fonte: ascom sesapi<\/p>\n<\/p><\/div>\n<p><script async=\"\" defer=\"\" crossorigin=\"anonymous\" src=\"https:\/\/connect.facebook.net\/pt_BR\/sdk.js#xfbml=1&#038;version=v3.3\"><\/script><br \/>\n<br \/>[ad_2]<\/p>\n","protected":false},"excerpt":{"rendered":"<p>[ad_1] T\u00e9cnicos do Laborat\u00f3rio Central de Sa\u00fade P\u00fablica do Piau\u00ed (Lacen-PI) foram vacinados contra a Mpox nesta quarta-feira (10). Ao todo, 23 funcion\u00e1rios que trabalham no setor de biologia molecular&hellip; <\/p>\n","protected":false},"author":1,"featured_media":54493,"comment_status":"open","ping_status":"open","sticky":false,"template":"","format":"standard","meta":{"footnotes":""},"categories":[938],"tags":[],"class_list":["post-54492","post","type-post","status-publish","format-standard","has-post-thumbnail","hentry","category-governador"],"_links":{"self":[{"href":"https:\/\/mpiaui.com.br\/antigo\/index.php?rest_route=\/wp\/v2\/posts\/54492","targetHints":{"allow":["GET"]}}],"collection":[{"href":"https:\/\/mpiaui.com.br\/antigo\/index.php?rest_route=\/wp\/v2\/posts"}],"about":[{"href":"https:\/\/mpiaui.com.br\/antigo\/index.php?rest_route=\/wp\/v2\/types\/post"}],"author":[{"embeddable":true,"href":"https:\/\/mpiaui.com.br\/antigo\/index.php?rest_route=\/wp\/v2\/users\/1"}],"replies":[{"embeddable":true,"href":"https:\/\/mpiaui.com.br\/antigo\/index.php?rest_route=%2Fwp%2Fv2%2Fcomments&post=54492"}],"version-history":[{"count":0,"href":"https:\/\/mpiaui.com.br\/antigo\/index.php?rest_route=\/wp\/v2\/posts\/54492\/revisions"}],"wp:featuredmedia":[{"embeddable":true,"href":"https:\/\/mpiaui.com.br\/antigo\/index.php?rest_route=\/wp\/v2\/media\/54493"}],"wp:attachment":[{"href":"https:\/\/mpiaui.com.br\/antigo\/index.php?rest_route=%2Fwp%2Fv2%2Fmedia&parent=54492"}],"wp:term":[{"taxonomy":"category","embeddable":true,"href":"https:\/\/mpiaui.com.br\/antigo\/index.php?rest_route=%2Fwp%2Fv2%2Fcategories&post=54492"},{"taxonomy":"post_tag","embeddable":true,"href":"https:\/\/mpiaui.com.br\/antigo\/index.php?rest_route=%2Fwp%2Fv2%2Ftags&post=54492"}],"curies":[{"name":"wp","href":"https:\/\/api.w.org\/{rel}","templated":true}]}}