{"id":54496,"date":"2023-05-10T17:05:22","date_gmt":"2023-05-10T20:05:22","guid":{"rendered":"https:\/\/mpiaui.com.br\/vereador-uilma-denuncia-que-falta-de-agua-prejudica-autonomos-em-residencial-de-timon\/"},"modified":"2023-05-10T17:05:22","modified_gmt":"2023-05-10T20:05:22","slug":"vereador-uilma-denuncia-que-falta-de-agua-prejudica-autonomos-em-residencial-de-timon","status":"publish","type":"post","link":"https:\/\/mpiaui.com.br\/antigo\/?p=54496","title":{"rendered":"Vereador Uilma denuncia que falta de \u00e1gua prejudica aut\u00f4nomos em residencial de Timon"},"content":{"rendered":"<p><\/p>\n<div data-td-block-uid=\"tdi_94\">\n<div class=\"tdb-block-inner td-fix-index\">\n<p>Em post nas suas redes sociais hoje, 10, o vereador Uilma Resende, a \u00fanica voz da oposi\u00e7\u00e3o em Timon, denuncia a falta de \u00e1gua no Residencial Novo, que possui 2 mil unidades habitacionais est\u00e1 localizado \u00e0 margem da BR-316, uma das rodovias mais importantes do pa\u00eds.<\/p>\n<p>De acordo com o vereador, que adentra uma casa de morador no residencial, \u201cem visita ao Residencial Novo Tempo, constatamos mais uma vez o sofrimento de mais de 2 mil fam\u00edlias com o abastecimento de \u00e1gua\u201d, relata<\/p>\n<p>\u201cTempos atr\u00e1s, constatamos que a \u00e1gua distribu\u00edda no bairro era de p\u00e9ssima qualidade. Sanado o problema, agora \u00e9 a falta d\u2019\u00e1gua que castiga os moradores do Residencial\u201d, diz.<\/p>\n<p>\u201cConversei com a Dona Michele e tamb\u00e9m com a Samara. Esta \u00faltima, empres\u00e1ria, cabeleireira, que tem nos fins de semana o maior n\u00famero de clientes, mas que enfrenta agora o sumi\u00e7o deles, por causa da falta de \u00e1gua\u201d. \u201cN\u00e3o d\u00e1 para trabalhar sem \u00e1gua\u201d, nos afirmou a Samara\u201d, ressalta o vereador.<\/p>\n<p>\u201cTanto a prefeitura, por ser gestora do munic\u00edpio, quanto a \u00c1guas de Timon, devem olhar para esse problema. S\u00e3o milhares de pessoas sendo maltratadas pela falta de \u00e1gua\u201d, finaliza.<\/p>\n<p>O blog entrou em contato com a assessoria da \u00c1guas de Timon e aguarda um posicionamento da concession\u00e1ria dos servi\u00e7os.\n<\/p>\n<p><h3 class=\"jp-relatedposts-headline\"><em>Relacionado<\/em><\/h3>\n<\/p>\n<\/div>\n<\/div>\n","protected":false},"excerpt":{"rendered":"<p>Em post nas suas redes sociais hoje, 10, o vereador Uilma Resende, a \u00fanica voz da oposi\u00e7\u00e3o em Timon, denuncia a falta de \u00e1gua no Residencial Novo, que possui 2&hellip; <\/p>\n","protected":false},"author":1,"featured_media":54497,"comment_status":"open","ping_status":"open","sticky":false,"template":"","format":"standard","meta":{"footnotes":""},"categories":[534],"tags":[],"class_list":["post-54496","post","type-post","status-publish","format-standard","has-post-thumbnail","hentry","category-timon-ma"],"_links":{"self":[{"href":"https:\/\/mpiaui.com.br\/antigo\/index.php?rest_route=\/wp\/v2\/posts\/54496","targetHints":{"allow":["GET"]}}],"collection":[{"href":"https:\/\/mpiaui.com.br\/antigo\/index.php?rest_route=\/wp\/v2\/posts"}],"about":[{"href":"https:\/\/mpiaui.com.br\/antigo\/index.php?rest_route=\/wp\/v2\/types\/post"}],"author":[{"embeddable":true,"href":"https:\/\/mpiaui.com.br\/antigo\/index.php?rest_route=\/wp\/v2\/users\/1"}],"replies":[{"embeddable":true,"href":"https:\/\/mpiaui.com.br\/antigo\/index.php?rest_route=%2Fwp%2Fv2%2Fcomments&post=54496"}],"version-history":[{"count":0,"href":"https:\/\/mpiaui.com.br\/antigo\/index.php?rest_route=\/wp\/v2\/posts\/54496\/revisions"}],"wp:featuredmedia":[{"embeddable":true,"href":"https:\/\/mpiaui.com.br\/antigo\/index.php?rest_route=\/wp\/v2\/media\/54497"}],"wp:attachment":[{"href":"https:\/\/mpiaui.com.br\/antigo\/index.php?rest_route=%2Fwp%2Fv2%2Fmedia&parent=54496"}],"wp:term":[{"taxonomy":"category","embeddable":true,"href":"https:\/\/mpiaui.com.br\/antigo\/index.php?rest_route=%2Fwp%2Fv2%2Fcategories&post=54496"},{"taxonomy":"post_tag","embeddable":true,"href":"https:\/\/mpiaui.com.br\/antigo\/index.php?rest_route=%2Fwp%2Fv2%2Ftags&post=54496"}],"curies":[{"name":"wp","href":"https:\/\/api.w.org\/{rel}","templated":true}]}}