{"id":54500,"date":"2023-05-10T17:16:58","date_gmt":"2023-05-10T20:16:58","guid":{"rendered":"https:\/\/mpiaui.com.br\/beyonce-estreia-turne-renaissence-apos-sete-anos-e-enlouquece-fas-nas-redes\/"},"modified":"2023-05-10T17:16:58","modified_gmt":"2023-05-10T20:16:58","slug":"beyonce-estreia-turne-renaissence-apos-sete-anos-e-enlouquece-fas-nas-redes","status":"publish","type":"post","link":"https:\/\/mpiaui.com.br\/antigo\/?p=54500","title":{"rendered":"Beyonc\u00e9 estreia turn\u00ea \u201cRenaissence\u201d ap\u00f3s sete anos e enlouquece f\u00e3s nas redes"},"content":{"rendered":"<p> [ad_1]<br \/>\n<\/p>\n<div>\n<p>O esperado \u201c<strong>Renaissence World Tour<\/strong>\u201d finalmente chegou.<strong> Beyonc\u00e9<\/strong> retornou aos palcos nesta quarta-feira (10) para sua primeira turn\u00ea solo ap\u00f3s um hiato de sete anos.<\/p>\n<p>No novo espet\u00e1culo, ainda h\u00e1 o retorno dos dan\u00e7arinos <strong>Les Twins<\/strong>, que acompanharam a cantora durante a \u201cThe Mrs. Carter Show World Tour\u201d.<\/p>\n<p>N\u00e3o demorou muito e \u201cRenaissence\u201d virou <em>trend<\/em> no Twitter. Nos Estados Unidos, Beyonc\u00e9 ainda alcan\u00e7ou o topo de artistas mais comentados na rede social no in\u00edcio do show, na tarde desta quarta. A previs\u00e3o de dura\u00e7\u00e3o do show era de tr\u00eas horas.<\/p>\n<p>Os f\u00e3s da diva pop, como n\u00e3o poderia ser diferente, est\u00e3o em polvorosa nas redes sociais com o t\u00e3o esperado evento.<\/p>\n<p><strong>Confira alguns coment\u00e1rios<\/strong><\/p>\n<blockquote class=\"twitter-tweet\" data-width=\"500\" data-dnt=\"true\">\n<p lang=\"pt\" dir=\"ltr\">\ud83d\udd25 SIM, ELA VOLTOU! BEYONC\u00c9 KNOWLES EST\u00c1 DE VOLTA! <a href=\"https:\/\/twitter.com\/hashtag\/RenaissanceWorldTour?src=hash&amp;ref_src=twsrc%5Etfw\">#RenaissanceWorldTour<\/a> <a href=\"https:\/\/t.co\/3oewGI8A8j\">pic.twitter.com\/3oewGI8A8j<\/a><\/p>\n<p>\u2014 Beyonc\u00e9 Brasil (@beyoncebrasil) <a href=\"https:\/\/twitter.com\/beyoncebrasil\/status\/1656375773408755713?ref_src=twsrc%5Etfw\">May 10, 2023<\/a><\/p>\n<\/blockquote>\n<blockquote class=\"twitter-tweet\" data-width=\"500\" data-dnt=\"true\">\n<p lang=\"pt\" dir=\"ltr\">acho que eu nunca chorei tanto por algu\u00e9m como to chorando pela Beyonc\u00e9<a href=\"https:\/\/twitter.com\/hashtag\/RenaissanceWorldTour?src=hash&amp;ref_src=twsrc%5Etfw\">#RenaissanceWorldTour<\/a><\/p>\n<p>\u2014 marinho (@alanamarinn) <a href=\"https:\/\/twitter.com\/alanamarinn\/status\/1656370863111827465?ref_src=twsrc%5Etfw\">May 10, 2023<\/a><\/p>\n<\/blockquote>\n<blockquote class=\"twitter-tweet\" data-width=\"500\" data-dnt=\"true\">\n<p lang=\"pt\" dir=\"ltr\">juro se eu visse a beyonc\u00e9 na minha frente nessa mesma dist\u00e2ncia eu ia falecer MUITO <a href=\"https:\/\/twitter.com\/hashtag\/RENAISSANCEWOLRDTOUR?src=hash&amp;ref_src=twsrc%5Etfw\">#RENAISSANCEWOLRDTOUR<\/a> <a href=\"https:\/\/t.co\/LFqeTqFk6L\">pic.twitter.com\/LFqeTqFk6L<\/a><\/p>\n<p>\u2014 matheus (@whomath) <a href=\"https:\/\/twitter.com\/whomath\/status\/1656379770072973316?ref_src=twsrc%5Etfw\">May 10, 2023<\/a><\/p>\n<\/blockquote>\n<blockquote class=\"instagram-media\" data-instgrm-captioned=\"\" data-instgrm-permalink=\"https:\/\/www.instagram.com\/p\/CsEwx98OcVW\/?utm_source=ig_embed&amp;utm_campaign=loading\" data-instgrm-version=\"14\" style=\" background:#FFF; border:0; border-radius:3px; box-shadow:0 0 1px 0 rgba(0,0,0,0.5),0 1px 10px 0 rgba(0,0,0,0.15); margin: 1px; max-width:500px; min-width:326px; padding:0; width:99.375%; width:-webkit-calc(100% - 2px); width:calc(100% - 2px);\"\/>\n<h2>Expectativa para show no Brasil<\/h2>\n<p>O portal oficial da turn\u00ea divulgou que os shows de Beyonc\u00e9 come\u00e7ar\u00e1 na Europa. Al\u00e9m da Su\u00e9cia, palco da estreia, a diva tamb\u00e9m passar\u00e1 por apresenta\u00e7\u00f5es na Alemanha, Inglaterra, Fran\u00e7a, Espanha e B\u00e9lgica \u2013 at\u00e9 o final de junho.<\/p>\n<p>Ap\u00f3s passar pelo \u201cVelho Continente\u201d, a cantora segue para apresenta\u00e7\u00f5es na Am\u00e9rica do Norte, incluindo os Estados Unidos e o Canad\u00e1.<\/p>\n<p>Mas a pergunta que todo f\u00e3 brasileiro quer saber: Beyonc\u00e9 vir\u00e1 para o Brasil? Apesar de n\u00e3o ter sido confirmado ainda, h\u00e1 boatos que o Pa\u00eds possa receber \u2018Renaissence\u2019 \u2013 ficamos na expectativa aqui.<\/p>\n<h2>Presen\u00e7a marcante<\/h2>\n<p>Um dos f\u00e3s mais famosos de Beyonc\u00e9 era Paulo Gustavo. Em homenagem ao ator, o vi\u00favo <strong>Thales Bretas<\/strong>, a irm\u00e3 do comediante <strong>Ju Amaral<\/strong> e o ator <strong>Marcus Majella<\/strong> marcaram presen\u00e7a na turn\u00ea.<\/p>\n<blockquote class=\"instagram-media\" data-instgrm-captioned=\"\" data-instgrm-permalink=\"https:\/\/www.instagram.com\/p\/Cr8MWzeAfgK\/?utm_source=ig_embed&amp;utm_campaign=loading\" data-instgrm-version=\"14\" style=\" background:#FFF; border:0; border-radius:3px; box-shadow:0 0 1px 0 rgba(0,0,0,0.5),0 1px 10px 0 rgba(0,0,0,0.15); margin: 1px; max-width:500px; min-width:326px; padding:0; width:99.375%; width:-webkit-calc(100% - 2px); width:calc(100% - 2px);\"\/>\n<section class=\"bottom__share\">\n<p> Compartilhe:<\/p>\n<\/section>\n<aside> <\/aside>\n<\/p><\/div>\n<p><script async src=\"\/\/platform.twitter.com\/widgets.js\" charset=\"utf-8\"><\/script><script async defer src=\"https:\/\/platform.instagram.com\/en_US\/embeds.js\"><\/script><\/p>\n","protected":false},"excerpt":{"rendered":"<p>[ad_1] O esperado \u201cRenaissence World Tour\u201d finalmente chegou. Beyonc\u00e9 retornou aos palcos nesta quarta-feira (10) para sua primeira turn\u00ea solo ap\u00f3s um hiato de sete anos. No novo espet\u00e1culo, ainda&hellip; <\/p>\n","protected":false},"author":1,"featured_media":54501,"comment_status":"open","ping_status":"open","sticky":false,"template":"","format":"standard","meta":{"footnotes":""},"categories":[25],"tags":[],"class_list":["post-54500","post","type-post","status-publish","format-standard","has-post-thumbnail","hentry","category-entretenimento"],"_links":{"self":[{"href":"https:\/\/mpiaui.com.br\/antigo\/index.php?rest_route=\/wp\/v2\/posts\/54500","targetHints":{"allow":["GET"]}}],"collection":[{"href":"https:\/\/mpiaui.com.br\/antigo\/index.php?rest_route=\/wp\/v2\/posts"}],"about":[{"href":"https:\/\/mpiaui.com.br\/antigo\/index.php?rest_route=\/wp\/v2\/types\/post"}],"author":[{"embeddable":true,"href":"https:\/\/mpiaui.com.br\/antigo\/index.php?rest_route=\/wp\/v2\/users\/1"}],"replies":[{"embeddable":true,"href":"https:\/\/mpiaui.com.br\/antigo\/index.php?rest_route=%2Fwp%2Fv2%2Fcomments&post=54500"}],"version-history":[{"count":0,"href":"https:\/\/mpiaui.com.br\/antigo\/index.php?rest_route=\/wp\/v2\/posts\/54500\/revisions"}],"wp:featuredmedia":[{"embeddable":true,"href":"https:\/\/mpiaui.com.br\/antigo\/index.php?rest_route=\/wp\/v2\/media\/54501"}],"wp:attachment":[{"href":"https:\/\/mpiaui.com.br\/antigo\/index.php?rest_route=%2Fwp%2Fv2%2Fmedia&parent=54500"}],"wp:term":[{"taxonomy":"category","embeddable":true,"href":"https:\/\/mpiaui.com.br\/antigo\/index.php?rest_route=%2Fwp%2Fv2%2Fcategories&post=54500"},{"taxonomy":"post_tag","embeddable":true,"href":"https:\/\/mpiaui.com.br\/antigo\/index.php?rest_route=%2Fwp%2Fv2%2Ftags&post=54500"}],"curies":[{"name":"wp","href":"https:\/\/api.w.org\/{rel}","templated":true}]}}