{"id":54502,"date":"2023-05-10T17:34:56","date_gmt":"2023-05-10T20:34:56","guid":{"rendered":"https:\/\/mpiaui.com.br\/piaui-fomento-dialoga-com-presidente-do-bndes-aumento-de-credito-para-empreendedores-do-estado\/"},"modified":"2023-05-10T17:34:56","modified_gmt":"2023-05-10T20:34:56","slug":"piaui-fomento-dialoga-com-presidente-do-bndes-aumento-de-credito-para-empreendedores-do-estado","status":"publish","type":"post","link":"https:\/\/mpiaui.com.br\/antigo\/?p=54502","title":{"rendered":"Piau\u00ed Fomento dialoga com presidente do BNDES aumento de cr\u00e9dito para empreendedores do estado"},"content":{"rendered":"<p> [ad_1]<br \/>\n<\/p>\n<div>\n<p>O diretor-presidente da Ag\u00eancia de Fomento e Desenvolvimento do Estado do Piau\u00ed S.A (Piau\u00ed Fomento), Feliphe Ara\u00fajo, se reuniu junto ao governador Rafael Fonteles, no Rio de Janeiro, com o presidente do Banco Nacional de Desenvolvimento (BNDES), Aloizio Mercadante. No encontro, as autoridades trataram sobre mais investimentos e aumento de oferta de cr\u00e9dito aos empreendedores piauienses.<\/p>\n<p>\u201cNo BNDES, alinhamos estrat\u00e9gias para libera\u00e7\u00e3o de cr\u00e9dito e credenciamento da Piau\u00ed Fomento como agente financeiro, aumentando o acesso ao cr\u00e9dito a todos os empreendedores piauienses. Seguimos sempre buscando o melhor para o nosso estado e empenhados em firmar parcerias que resultem em melhorias para o nosso povo\u201d, afirma o gestor Feliphe Ara\u00fajo.<\/p>\n<p><img decoding=\"async\" loading=\"lazy\" class=\"alignnone size-full wp-image-87978\" src=\"https:\/\/www.pi.gov.br\/wp-content\/uploads\/2023\/05\/345421461_1713102839130765_6855621660869648427_n.jpg\" alt=\"\" width=\"640\" height=\"640\" srcset=\"https:\/\/www.pi.gov.br\/wp-content\/uploads\/2023\/05\/345421461_1713102839130765_6855621660869648427_n.jpg 640w, https:\/\/www.pi.gov.br\/wp-content\/uploads\/2023\/05\/345421461_1713102839130765_6855621660869648427_n-300x300.jpg 300w\" sizes=\"auto, (max-width: 640px) 100vw, 640px\"\/><\/p>\n<p>Na ocasi\u00e3o, Rafael Fonteles destacou a import\u00e2ncia do BNDES para alavancar projetos de desenvolvimento do Piau\u00ed e do Brasil, em especial na disponibiliza\u00e7\u00e3o de cr\u00e9dito e na \u00e1rea de concess\u00e3o p\u00fablica.<\/p>\n<p>\u201cAqui na sede do BNDES, acabei de ter uma reuni\u00e3o com o Aloizio Mercadante, que est\u00e1 com essa grande miss\u00e3o agora de tocar para frente esse banco importante para o desenvolvimento do Brasil. Estiveram aqui toda sua equipe, a Tereza Campelo, todos ajudando a colocar de p\u00e9 v\u00e1rios projetos, ajudando a estruturar v\u00e1rias concess\u00f5es p\u00fablicas, aumento da oferta de cr\u00e9dito para os empreendedores do Piau\u00ed e do Brasil. Ent\u00e3o, em breve, teremos muita not\u00edcia\u201d, finalizou o governador.<\/p>\n<p><img decoding=\"async\" loading=\"lazy\" class=\"alignnone size-medium wp-image-87979\" src=\"https:\/\/www.pi.gov.br\/wp-content\/uploads\/2023\/05\/WhatsApp-Image-2023-05-09-at-15.04.36-730x548.jpeg\" alt=\"\" width=\"730\" height=\"548\" srcset=\"https:\/\/www.pi.gov.br\/wp-content\/uploads\/2023\/05\/WhatsApp-Image-2023-05-09-at-15.04.36-730x548.jpeg 730w, https:\/\/www.pi.gov.br\/wp-content\/uploads\/2023\/05\/WhatsApp-Image-2023-05-09-at-15.04.36-1070x803.jpeg 1070w, https:\/\/www.pi.gov.br\/wp-content\/uploads\/2023\/05\/WhatsApp-Image-2023-05-09-at-15.04.36-768x576.jpeg 768w, https:\/\/www.pi.gov.br\/wp-content\/uploads\/2023\/05\/WhatsApp-Image-2023-05-09-at-15.04.36-1536x1152.jpeg 1536w, https:\/\/www.pi.gov.br\/wp-content\/uploads\/2023\/05\/WhatsApp-Image-2023-05-09-at-15.04.36.jpeg 1600w\" sizes=\"auto, (max-width: 730px) 100vw, 730px\"\/><img decoding=\"async\" loading=\"lazy\" class=\"alignnone size-medium wp-image-87981\" src=\"https:\/\/www.pi.gov.br\/wp-content\/uploads\/2023\/05\/WhatsApp-Image-2023-05-09-at-15.04.39-730x548.jpeg\" alt=\"\" width=\"730\" height=\"548\" srcset=\"https:\/\/www.pi.gov.br\/wp-content\/uploads\/2023\/05\/WhatsApp-Image-2023-05-09-at-15.04.39-730x548.jpeg 730w, https:\/\/www.pi.gov.br\/wp-content\/uploads\/2023\/05\/WhatsApp-Image-2023-05-09-at-15.04.39-1070x803.jpeg 1070w, https:\/\/www.pi.gov.br\/wp-content\/uploads\/2023\/05\/WhatsApp-Image-2023-05-09-at-15.04.39-768x576.jpeg 768w, https:\/\/www.pi.gov.br\/wp-content\/uploads\/2023\/05\/WhatsApp-Image-2023-05-09-at-15.04.39-1536x1152.jpeg 1536w, https:\/\/www.pi.gov.br\/wp-content\/uploads\/2023\/05\/WhatsApp-Image-2023-05-09-at-15.04.39.jpeg 1600w\" sizes=\"auto, (max-width: 730px) 100vw, 730px\"\/><\/p>\n<\/p><\/div>\n<p><script async=\"\" defer=\"\" crossorigin=\"anonymous\" src=\"https:\/\/connect.facebook.net\/pt_BR\/sdk.js#xfbml=1&#038;version=v3.3\"><\/script><br \/>\n<br \/>[ad_2]<\/p>\n","protected":false},"excerpt":{"rendered":"<p>[ad_1] O diretor-presidente da Ag\u00eancia de Fomento e Desenvolvimento do Estado do Piau\u00ed S.A (Piau\u00ed Fomento), Feliphe Ara\u00fajo, se reuniu junto ao governador Rafael Fonteles, no Rio de Janeiro, com&hellip; <\/p>\n","protected":false},"author":1,"featured_media":54503,"comment_status":"open","ping_status":"open","sticky":false,"template":"","format":"standard","meta":{"footnotes":""},"categories":[938],"tags":[],"class_list":["post-54502","post","type-post","status-publish","format-standard","has-post-thumbnail","hentry","category-governador"],"_links":{"self":[{"href":"https:\/\/mpiaui.com.br\/antigo\/index.php?rest_route=\/wp\/v2\/posts\/54502","targetHints":{"allow":["GET"]}}],"collection":[{"href":"https:\/\/mpiaui.com.br\/antigo\/index.php?rest_route=\/wp\/v2\/posts"}],"about":[{"href":"https:\/\/mpiaui.com.br\/antigo\/index.php?rest_route=\/wp\/v2\/types\/post"}],"author":[{"embeddable":true,"href":"https:\/\/mpiaui.com.br\/antigo\/index.php?rest_route=\/wp\/v2\/users\/1"}],"replies":[{"embeddable":true,"href":"https:\/\/mpiaui.com.br\/antigo\/index.php?rest_route=%2Fwp%2Fv2%2Fcomments&post=54502"}],"version-history":[{"count":0,"href":"https:\/\/mpiaui.com.br\/antigo\/index.php?rest_route=\/wp\/v2\/posts\/54502\/revisions"}],"wp:featuredmedia":[{"embeddable":true,"href":"https:\/\/mpiaui.com.br\/antigo\/index.php?rest_route=\/wp\/v2\/media\/54503"}],"wp:attachment":[{"href":"https:\/\/mpiaui.com.br\/antigo\/index.php?rest_route=%2Fwp%2Fv2%2Fmedia&parent=54502"}],"wp:term":[{"taxonomy":"category","embeddable":true,"href":"https:\/\/mpiaui.com.br\/antigo\/index.php?rest_route=%2Fwp%2Fv2%2Fcategories&post=54502"},{"taxonomy":"post_tag","embeddable":true,"href":"https:\/\/mpiaui.com.br\/antigo\/index.php?rest_route=%2Fwp%2Fv2%2Ftags&post=54502"}],"curies":[{"name":"wp","href":"https:\/\/api.w.org\/{rel}","templated":true}]}}