{"id":54504,"date":"2023-05-10T17:56:51","date_gmt":"2023-05-10T20:56:51","guid":{"rendered":"https:\/\/mpiaui.com.br\/setur-realizara-o-picos-cidade-junina-nos-dias-2-e-3-de-junho\/"},"modified":"2023-05-10T17:56:51","modified_gmt":"2023-05-10T20:56:51","slug":"setur-realizara-o-picos-cidade-junina-nos-dias-2-e-3-de-junho","status":"publish","type":"post","link":"https:\/\/mpiaui.com.br\/antigo\/?p=54504","title":{"rendered":"Setur realizar\u00e1 o Picos Cidade Junina nos dias 2 e 3 de junho"},"content":{"rendered":"<p> [ad_1]<br \/>\n<\/p>\n<div>\n<p>O m\u00eas de junho se aproxima e com ele a manifesta\u00e7\u00e3o de uma das maiores celebra\u00e7\u00f5es populares do pa\u00eds: as Festas Juninas. Pensando nisso, o Governo do Estado, por meio da secretaria do Turismo, j\u00e1 est\u00e1 nos preparativos para a realiza\u00e7\u00e3o do Picos Cidade Junina, que acontecer\u00e1 nos dias 2 e 3 de junho, com entrada gratuita para o p\u00fablico.<\/p>\n<p>O evento vai sediar o Festival Nordestino de Cultura Junina Nacional, que acontecer\u00e1 pela primeira vez em Picos, reunindo quadrilhas juninas do Piau\u00ed e de outros estados nordestinos. De acordo com a organiza\u00e7\u00e3o do evento, 16 quadrilhas piauienses e de mais 4 estados j\u00e1 confirmaram presen\u00e7a e v\u00e3o disputar uma premia\u00e7\u00e3o total de 60 mil reais.<\/p>\n<p><img decoding=\"async\" loading=\"lazy\" class=\"alignnone size-medium wp-image-87996\" src=\"https:\/\/www.pi.gov.br\/wp-content\/uploads\/2023\/05\/D3D94332-9988-46BC-9DE1-2D670A020DBE-730x487.jpeg\" alt=\"\" width=\"730\" height=\"487\" srcset=\"https:\/\/www.pi.gov.br\/wp-content\/uploads\/2023\/05\/D3D94332-9988-46BC-9DE1-2D670A020DBE-730x487.jpeg 730w, https:\/\/www.pi.gov.br\/wp-content\/uploads\/2023\/05\/D3D94332-9988-46BC-9DE1-2D670A020DBE-1070x713.jpeg 1070w, https:\/\/www.pi.gov.br\/wp-content\/uploads\/2023\/05\/D3D94332-9988-46BC-9DE1-2D670A020DBE-768x512.jpeg 768w, https:\/\/www.pi.gov.br\/wp-content\/uploads\/2023\/05\/D3D94332-9988-46BC-9DE1-2D670A020DBE-391x260.jpeg 391w, https:\/\/www.pi.gov.br\/wp-content\/uploads\/2023\/05\/D3D94332-9988-46BC-9DE1-2D670A020DBE-1536x1024.jpeg 1536w, https:\/\/www.pi.gov.br\/wp-content\/uploads\/2023\/05\/D3D94332-9988-46BC-9DE1-2D670A020DBE-2048x1365.jpeg 2048w\" sizes=\"auto, (max-width: 730px) 100vw, 730px\"\/><\/p>\n<p>O secret\u00e1rio do Turismo, Pablo Santos, destaca a import\u00e2ncia do evento, refor\u00e7ando que ele faz parte de um projeto maior de desenvolvimento e fortalecimento do turismo, n\u00e3o apenas para a cidade de Picos, mas para toda a macrorregi\u00e3o, que conta com uma popula\u00e7\u00e3o de mais de meio milh\u00e3o de habitantes e pode se tornar uma grande refer\u00eancia do turismo nas \u00e1reas de cultura, esporte, religiosidade e sustentabilidade.<\/p>\n<p>\u201cQueremos resgatar a tradi\u00e7\u00e3o cultural nos munic\u00edpios, valorizar nossas ra\u00edzes e potencialidades tur\u00edsticas e, principalmente, movimentar ainda mais a economia da nossa regi\u00e3o. Picos tem um potencial fant\u00e1stico em v\u00e1rios setores e o turismo cultural, esportivo, religioso e sustent\u00e1vel precisam ser destacados\u201d, destaca Pablo Santos.<\/p>\n<p><img decoding=\"async\" loading=\"lazy\" class=\"alignnone size-medium wp-image-87997\" src=\"https:\/\/www.pi.gov.br\/wp-content\/uploads\/2023\/05\/AD4598F9-BB8E-406B-969D-0D1F0DF79A2C-730x487.jpeg\" alt=\"\" width=\"730\" height=\"487\" srcset=\"https:\/\/www.pi.gov.br\/wp-content\/uploads\/2023\/05\/AD4598F9-BB8E-406B-969D-0D1F0DF79A2C-730x487.jpeg 730w, https:\/\/www.pi.gov.br\/wp-content\/uploads\/2023\/05\/AD4598F9-BB8E-406B-969D-0D1F0DF79A2C-1070x713.jpeg 1070w, https:\/\/www.pi.gov.br\/wp-content\/uploads\/2023\/05\/AD4598F9-BB8E-406B-969D-0D1F0DF79A2C-768x512.jpeg 768w, https:\/\/www.pi.gov.br\/wp-content\/uploads\/2023\/05\/AD4598F9-BB8E-406B-969D-0D1F0DF79A2C-391x260.jpeg 391w, https:\/\/www.pi.gov.br\/wp-content\/uploads\/2023\/05\/AD4598F9-BB8E-406B-969D-0D1F0DF79A2C-1536x1024.jpeg 1536w, https:\/\/www.pi.gov.br\/wp-content\/uploads\/2023\/05\/AD4598F9-BB8E-406B-969D-0D1F0DF79A2C-2048x1365.jpeg 2048w\" sizes=\"auto, (max-width: 730px) 100vw, 730px\"\/><\/p>\n<p>O espa\u00e7o onde acontecer\u00e1 o Picos Cidade Junina j\u00e1 est\u00e1 sendo montado e contar\u00e1 com duas arenas, uma com arquibancadas para o conforto daqueles que ir\u00e3o apreciar as apresenta\u00e7\u00f5es culturais, e a segunda destinada para os shows.<\/p>\n<p>\u201cEstamos focados na organiza\u00e7\u00e3o deste evento e queremos agregar valor ao movimento junino de Picos, resgatando as manifesta\u00e7\u00f5es culturais do munic\u00edpio\u201d, diz Leonardo Carlos, presidente da Associa\u00e7\u00e3o Brincantes, parceira do evento. Outra parceira, afirma Leonardo, \u00e9 a Federa\u00e7\u00e3o das Quadrilhas Juninas do Piau\u00ed (FEQUAJUPI), que j\u00e1 mobilizou os grupos juninos de Picos e regi\u00e3o para participarem do Festival.<\/p>\n<p><img decoding=\"async\" loading=\"lazy\" class=\"alignnone size-medium wp-image-87998\" src=\"https:\/\/www.pi.gov.br\/wp-content\/uploads\/2023\/05\/0AC4AB67-F40D-4D5C-AFF5-58AF8E747711-730x487.jpeg\" alt=\"\" width=\"730\" height=\"487\" srcset=\"https:\/\/www.pi.gov.br\/wp-content\/uploads\/2023\/05\/0AC4AB67-F40D-4D5C-AFF5-58AF8E747711-730x487.jpeg 730w, https:\/\/www.pi.gov.br\/wp-content\/uploads\/2023\/05\/0AC4AB67-F40D-4D5C-AFF5-58AF8E747711-1070x713.jpeg 1070w, https:\/\/www.pi.gov.br\/wp-content\/uploads\/2023\/05\/0AC4AB67-F40D-4D5C-AFF5-58AF8E747711-768x512.jpeg 768w, https:\/\/www.pi.gov.br\/wp-content\/uploads\/2023\/05\/0AC4AB67-F40D-4D5C-AFF5-58AF8E747711-391x260.jpeg 391w, https:\/\/www.pi.gov.br\/wp-content\/uploads\/2023\/05\/0AC4AB67-F40D-4D5C-AFF5-58AF8E747711-1536x1024.jpeg 1536w, https:\/\/www.pi.gov.br\/wp-content\/uploads\/2023\/05\/0AC4AB67-F40D-4D5C-AFF5-58AF8E747711-2048x1365.jpeg 2048w\" sizes=\"auto, (max-width: 730px) 100vw, 730px\"\/><\/p>\n<p><strong>Minist\u00e9rio do Turismo destaca import\u00e2ncia das festas juninas para a economia local<\/strong><\/p>\n<p>Al\u00e9m de celebrar a cultura e tradi\u00e7\u00e3o brasileiras, as festas juninas t\u00eam tamb\u00e9m uma grande import\u00e2ncia para a economia local, especialmente na regi\u00e3o Nordeste, onde cidades com tradicionais festejos j\u00e1 come\u00e7am a montagem de estrutura e a divulga\u00e7\u00e3o da programa\u00e7\u00e3o. Sobre o assunto, a ministra do Turismo, Daniela Carneiro, diz que a prepara\u00e7\u00e3o e expectativa para o S\u00e3o Jo\u00e3o de 2023 evidenciam a import\u00e2ncia da festividade para o pa\u00eds.<\/p>\n<p>\u201cO S\u00e3o Jo\u00e3o \u00e9 um dos principais s\u00edmbolos culturais do nosso pa\u00eds e um dos eventos mais aguardados no ano. Realizada de Norte a Sul, com destaque para a regi\u00e3o Nordeste, retrata a diversidade do nosso povo. Uma festa que movimenta milh\u00f5es de pessoas e aquece a economia dos nossos destinos, gerando emprego e renda. Agora, a expectativa \u00e9 a melhor poss\u00edvel, considerando o sucesso de p\u00fablico do Carnaval e dos feriados prolongados j\u00e1 registrados neste ano\u201d, destacou Daniela Carneiro.<\/p>\n<\/p><\/div>\n<p><script async=\"\" defer=\"\" crossorigin=\"anonymous\" src=\"https:\/\/connect.facebook.net\/pt_BR\/sdk.js#xfbml=1&#038;version=v3.3\"><\/script><br \/>\n<br \/>[ad_2]<\/p>\n","protected":false},"excerpt":{"rendered":"<p>[ad_1] O m\u00eas de junho se aproxima e com ele a manifesta\u00e7\u00e3o de uma das maiores celebra\u00e7\u00f5es populares do pa\u00eds: as Festas Juninas. Pensando nisso, o Governo do Estado, por&hellip; <\/p>\n","protected":false},"author":1,"featured_media":54505,"comment_status":"open","ping_status":"open","sticky":false,"template":"","format":"standard","meta":{"footnotes":""},"categories":[938],"tags":[],"class_list":["post-54504","post","type-post","status-publish","format-standard","has-post-thumbnail","hentry","category-governador"],"_links":{"self":[{"href":"https:\/\/mpiaui.com.br\/antigo\/index.php?rest_route=\/wp\/v2\/posts\/54504","targetHints":{"allow":["GET"]}}],"collection":[{"href":"https:\/\/mpiaui.com.br\/antigo\/index.php?rest_route=\/wp\/v2\/posts"}],"about":[{"href":"https:\/\/mpiaui.com.br\/antigo\/index.php?rest_route=\/wp\/v2\/types\/post"}],"author":[{"embeddable":true,"href":"https:\/\/mpiaui.com.br\/antigo\/index.php?rest_route=\/wp\/v2\/users\/1"}],"replies":[{"embeddable":true,"href":"https:\/\/mpiaui.com.br\/antigo\/index.php?rest_route=%2Fwp%2Fv2%2Fcomments&post=54504"}],"version-history":[{"count":0,"href":"https:\/\/mpiaui.com.br\/antigo\/index.php?rest_route=\/wp\/v2\/posts\/54504\/revisions"}],"wp:featuredmedia":[{"embeddable":true,"href":"https:\/\/mpiaui.com.br\/antigo\/index.php?rest_route=\/wp\/v2\/media\/54505"}],"wp:attachment":[{"href":"https:\/\/mpiaui.com.br\/antigo\/index.php?rest_route=%2Fwp%2Fv2%2Fmedia&parent=54504"}],"wp:term":[{"taxonomy":"category","embeddable":true,"href":"https:\/\/mpiaui.com.br\/antigo\/index.php?rest_route=%2Fwp%2Fv2%2Fcategories&post=54504"},{"taxonomy":"post_tag","embeddable":true,"href":"https:\/\/mpiaui.com.br\/antigo\/index.php?rest_route=%2Fwp%2Fv2%2Ftags&post=54504"}],"curies":[{"name":"wp","href":"https:\/\/api.w.org\/{rel}","templated":true}]}}