{"id":54523,"date":"2023-05-10T20:22:58","date_gmt":"2023-05-10T23:22:58","guid":{"rendered":"https:\/\/mpiaui.com.br\/homenagens-de-fas-cantorias-e-declaracoes-marcam-velorio-de-rita-lee\/"},"modified":"2023-05-10T20:22:58","modified_gmt":"2023-05-10T23:22:58","slug":"homenagens-de-fas-cantorias-e-declaracoes-marcam-velorio-de-rita-lee","status":"publish","type":"post","link":"https:\/\/mpiaui.com.br\/antigo\/?p=54523","title":{"rendered":"Homenagens de f\u00e3s, cantorias e declara\u00e7\u00f5es\u00a0marcam vel\u00f3rio de Rita Lee"},"content":{"rendered":"<p><\/p>\n<div>\n<p>A fila de f\u00e3s e admiradores para se despedir da cantora Rita Lee, conhecida como a rainha do <em>rock<\/em>, come\u00e7aram cedo e duraram por todo o dia no planet\u00e1rio do Parque Ibirapuera, na capital paulista. O vel\u00f3rio foi aberto por volta das 10h e, ao longo da cerim\u00f4nia, passaram pelo local, al\u00e9m de f\u00e3s, familiares e amigos da cantora. Entre eles, o apresentador de televis\u00e3o Serginho Groisman, o ex-jogador de futebol Walter Casagrande e o cantor Supla. Nesta noite, a artista ser\u00e1 cremada em uma cerim\u00f4nia particular.<\/p>\n<p>A cantora Paula Lima disse, ao sair, que sua primeira lembran\u00e7a de Rita \u00e9 com a m\u00fasica <em>Ovelha Negra<\/em>, quando ela ainda era crian\u00e7a. &#8220;Aquilo me despertou a vontade de ser como ela. Eu s\u00f3 vi aquela mulher colorida, doida e falei &#8216;quem \u00e9 essa mulher, porque ela \u00e9 assim?&#8217;. Ela simplesmente talvez nem seja desse planeta, mas ela deu esse presente para n\u00f3s de celebrarmos essa exist\u00eancia t\u00e3o linda. Agora temos que celebrar esse legado t\u00e3o lindo&#8221;, afirmou.<\/p>\n<div class=\"dnd-widget-wrapper context-cheio_8colunas type-image\">\n<div class=\"dnd-atom-rendered\"><!-- scald=327112:cheio_8colunas --><\/p>\n<div class=\"shadow overflow-hidden rounded-lg d-block zoom-on-hover-sm shadow-hover w-100\">\n            <img decoding=\"async\" src=\"https:\/\/agenciabrasil.ebc.com.br\/sites\/default\/files\/thumbnails\/image\/loading_v2.gif\" data-echo=\"https:\/\/imagens.ebc.com.br\/ljAVz3C3Aqtx7S3w3_t3WH-y3hY=\/754x0\/smart\/https:\/\/agenciabrasil.ebc.com.br\/sites\/default\/files\/thumbnails\/image\/img_4477.jpg?itok=hh1sf5tP\" alt=\"S\u00e3o Paulo (SP), 10\/05\/2023 Vel\u00f3rio da cantora e compositora Rita Lee no Planet\u00e1rio do Ibirapuera. Foto: Rovena Rosa\/Ag\u00eancia Brasil\" title=\"Rovena Rosa\/Ag\u00eancia Brasil\" class=\"flex-fill img-cover\"\/><br \/>\n        <noscript><img decoding=\"async\" src=\"https:\/\/imagens.ebc.com.br\/ljAVz3C3Aqtx7S3w3_t3WH-y3hY=\/754x0\/smart\/https:\/\/agenciabrasil.ebc.com.br\/sites\/default\/files\/thumbnails\/image\/img_4477.jpg?itok=hh1sf5tP\" alt=\"S\u00e3o Paulo (SP), 10\/05\/2023 Vel\u00f3rio da cantora e compositora Rita Lee no Planet\u00e1rio do Ibirapuera. Foto: Rovena Rosa\/Ag\u00eancia Brasil\" title=\"Rovena Rosa\/Ag\u00eancia Brasil\" class=\"flex-fill img-cover\"\/><\/noscript>\n    <\/div>\n<p><!-- END scald=327112 --><\/div>\n<p><h6 class=\"meta\">Vel\u00f3rio da cantora e compositora Rita Lee no Planet\u00e1rio do Ibirapuera &#8211; <strong>Rovena Rosa\/Ag\u00eancia Brasil<\/strong><!--END copyright=327112--><\/h6>\n<\/p>\n<\/div>\n<p>O artista pl\u00e1stico Antonio Peticov, amigo da cantora desde os 17 anos, referiu-se a Rita como &#8220;uma irm\u00e3zinha querida&#8221;. Sempre em contato com ela, Peticov destacou suas piadas e a maneira de brincar com todas as situa\u00e7\u00f5es. Impressionado com o carinho dos f\u00e3s, muitos que vieram de longe para fazer uma homenagem, ele enfatizou as situa\u00e7\u00f5es diferentes durante o cerimonial.<\/p>\n<blockquote>\n<p>&#8220;J\u00e1 aconteceu de tudo. Tivemos dois Elvis Presley, tivemos um cara querendo ressuscitar ela. Eu amo muito a Rita, tem tanta coisa que ela deixou. Bacana que o trabalho dela s\u00f3 aumenta e \u00e9 muito interessante ver quanta crian\u00e7a est\u00e1 vindo aqui e sabendo as m\u00fasicas de cor.&#8221;<\/p>\n<\/blockquote>\n<p>A jornalista e apresentadora Astrid Fontenelle\u00a0classificou a obra e a carreira de Rita Lee como um acerto integral, fase a fase. Ela elogiou a maneira de Rita falar e alcan\u00e7ar todas as mulheres, de todas as faixas et\u00e1rias, acompanhando a vida das pessoas e os assuntos de acordo com cada per\u00edodo.<\/p>\n<p>&#8220;Ela vem sob medida para todas as pautas que eu tenho trilhado nos \u00faltimos 11 anos do programa <em>Saia Justa<\/em>. Rita \u00e9 uma fonte de inspira\u00e7\u00e3o para n\u00f3s como mulheres e para n\u00f3s como jornalistas. Toda can\u00e7\u00e3o dela \u00e9 pauta para n\u00f3s de alguma forma e ela foi uma precursora quando n\u00f3s n\u00e3o t\u00ednhamos coragem de falar sobre alguns assuntos.&#8221;<\/p>\n<p>O filho de Rita, Jo\u00e3o Lee, afirmou que estar vivo no mesmo momento em que ela foi um privil\u00e9gio, principalmente pela sua constru\u00e7\u00e3o de uma hist\u00f3ria e um universo t\u00e3o gigantesco que n\u00e3o se limita \u00e0 m\u00fasica.<\/p>\n<blockquote>\n<p>&#8220;Ela foi uma conjuntura de fatores t\u00e3o dif\u00edceis de ter. Canta bem, escreve m\u00fasica, comp\u00f5e, desenha cenografia, faz a roupa, escreve livro. Ela sempre foi muito \u00fanica e uma for\u00e7a de vontade de realizar tudo isso. Muito dif\u00edcil imaginar na \u00e9poca que isso tudo come\u00e7ou a acontecer, com ditadura, com tudo, mas ela sempre teve essa for\u00e7a.&#8221;<\/p>\n<\/blockquote>\n<p>Jo\u00e3o Lee enfatizou a grandeza de Rita lembrando a quantidade de pessoas que foram impactadas por suas obras e ideias. E destacou o fato de ser filho da padroeira da liberdade, como ela mesma se referia a si. &#8220;\u00c9 espetacular, especial. Poder conviver dia a dia com uma pessoa t\u00e3o iluminada, com uma cabe\u00e7a t\u00e3o diferente e t\u00e3o \u00e0 frente de tudo foi uma honra para mim&#8221;, disse, emocionado.<\/p>\n<div class=\"dnd-widget-wrapper context-cheio_8colunas type-image\">\n<div class=\"dnd-atom-rendered\"><!-- scald=327131:cheio_8colunas --><\/p>\n<div class=\"shadow overflow-hidden rounded-lg d-block zoom-on-hover-sm shadow-hover w-100\">\n            <img decoding=\"async\" src=\"https:\/\/agenciabrasil.ebc.com.br\/sites\/default\/files\/thumbnails\/image\/loading_v2.gif\" data-echo=\"https:\/\/imagens.ebc.com.br\/UNgTjs2jGmTf79iDgl9DUaTaZds=\/754x0\/smart\/https:\/\/agenciabrasil.ebc.com.br\/sites\/default\/files\/thumbnails\/image\/img_4656.jpg?itok=2YH1Iivq\" alt=\"S\u00e3o Paulo (SP), 10\/05\/2023 - Fila em frente ao Planet\u00e1rio do Ibirapuera para o vel\u00f3rio da cantora e compositora Rita Lee. Foto: Rovena Rosa\/Ag\u00eancia Brasil\" title=\"Rovena Rosa\/Ag\u00eancia Brasil\" class=\"flex-fill img-cover\"\/><br \/>\n        <noscript><img decoding=\"async\" src=\"https:\/\/imagens.ebc.com.br\/UNgTjs2jGmTf79iDgl9DUaTaZds=\/754x0\/smart\/https:\/\/agenciabrasil.ebc.com.br\/sites\/default\/files\/thumbnails\/image\/img_4656.jpg?itok=2YH1Iivq\" alt=\"S\u00e3o Paulo (SP), 10\/05\/2023 - Fila em frente ao Planet\u00e1rio do Ibirapuera para o vel\u00f3rio da cantora e compositora Rita Lee. Foto: Rovena Rosa\/Ag\u00eancia Brasil\" title=\"Rovena Rosa\/Ag\u00eancia Brasil\" class=\"flex-fill img-cover\"\/><\/noscript>\n    <\/div>\n<p><!-- END scald=327131 --><\/div>\n<p><h6 class=\"meta\">\u00a0Fila em frente ao Planet\u00e1rio do Ibirapuera para o vel\u00f3rio de\u00a0Rita Lee &#8211; <strong>Rovena Rosa\/Ag\u00eancia Brasil<\/strong><!--END copyright=327131--><\/h6>\n<\/p>\n<\/div>\n<p>O propagandista\u00a0Luiz Felipe, de 32 anos, contou que quis ir \u00e0 despedida porque cresceu ouvindo sua m\u00e3e falar sobre Rita Lee, estudando a hist\u00f3ria dela na \u00e9poca da censura. Ele disse ser torcedor do Corinthians e ter em sua mem\u00f3ria a passagem de Rita pelo movimento Democracia Corinthiana, junto com os jogadores S\u00f3crates e Casagrande, momento que considera incr\u00edvel. O movimento surgiu na d\u00e9cada de 1980, liderado por um grupo de jogadores do Corinthians que se manifestavam contra a ditadura militar.<\/p>\n<blockquote>\n<p>&#8220;Ela tamb\u00e9m \u00e9 um elo meu e da minha m\u00e3e, porque o primeiro CD que ganhei da minha m\u00e3e foi <em>Rita Lee ao Vivo 1999<\/em>, aos 9 anos. Ela me contava a hist\u00f3ria das m\u00fasicas e como ela n\u00e3o podia cantar algumas m\u00fasicas porque meu av\u00f4 batia nela por causa das letras. Nem por isso ela deixava de cantar. Isso foi o que Rita passou, a import\u00e2ncia de ser mulher e ter seu lugar de fala e resist\u00eancia&#8221;, afirmou.<\/p>\n<\/blockquote>\n<p>A cantora foi diagnosticada com c\u00e2ncer de pulm\u00e3o em 2021 e desde ent\u00e3o tratava da doen\u00e7a. A fam\u00edlia <a href=\"https:\/\/agenciabrasil.ebc.com.br\/geral\/noticia\/2023-05\/aos-75-anos-morre-em-sao-paulo-cantora-rita-lee\" target=\"_blank\" rel=\"noopener\">confirmou a morte nas redes sociais<\/a> dela nessa ter\u00e7a-feira (9). Ela morreu em sua resid\u00eancia, em S\u00e3o Paulo, no final da noite de segunda-feira. \u201cCercada de todo amor e de sua fam\u00edlia, como sempre desejou\u201d, informou o comunicado da fam\u00edlia.<\/p>\n<\/p><\/div>\n","protected":false},"excerpt":{"rendered":"<p>A fila de f\u00e3s e admiradores para se despedir da cantora Rita Lee, conhecida como a rainha do rock, come\u00e7aram cedo e duraram por todo o dia no planet\u00e1rio do&hellip; <\/p>\n","protected":false},"author":1,"featured_media":54524,"comment_status":"open","ping_status":"open","sticky":false,"template":"","format":"standard","meta":{"footnotes":""},"categories":[802],"tags":[],"class_list":["post-54523","post","type-post","status-publish","format-standard","has-post-thumbnail","hentry","category-nacional"],"_links":{"self":[{"href":"https:\/\/mpiaui.com.br\/antigo\/index.php?rest_route=\/wp\/v2\/posts\/54523","targetHints":{"allow":["GET"]}}],"collection":[{"href":"https:\/\/mpiaui.com.br\/antigo\/index.php?rest_route=\/wp\/v2\/posts"}],"about":[{"href":"https:\/\/mpiaui.com.br\/antigo\/index.php?rest_route=\/wp\/v2\/types\/post"}],"author":[{"embeddable":true,"href":"https:\/\/mpiaui.com.br\/antigo\/index.php?rest_route=\/wp\/v2\/users\/1"}],"replies":[{"embeddable":true,"href":"https:\/\/mpiaui.com.br\/antigo\/index.php?rest_route=%2Fwp%2Fv2%2Fcomments&post=54523"}],"version-history":[{"count":0,"href":"https:\/\/mpiaui.com.br\/antigo\/index.php?rest_route=\/wp\/v2\/posts\/54523\/revisions"}],"wp:featuredmedia":[{"embeddable":true,"href":"https:\/\/mpiaui.com.br\/antigo\/index.php?rest_route=\/wp\/v2\/media\/54524"}],"wp:attachment":[{"href":"https:\/\/mpiaui.com.br\/antigo\/index.php?rest_route=%2Fwp%2Fv2%2Fmedia&parent=54523"}],"wp:term":[{"taxonomy":"category","embeddable":true,"href":"https:\/\/mpiaui.com.br\/antigo\/index.php?rest_route=%2Fwp%2Fv2%2Fcategories&post=54523"},{"taxonomy":"post_tag","embeddable":true,"href":"https:\/\/mpiaui.com.br\/antigo\/index.php?rest_route=%2Fwp%2Fv2%2Ftags&post=54523"}],"curies":[{"name":"wp","href":"https:\/\/api.w.org\/{rel}","templated":true}]}}