{"id":54526,"date":"2023-05-10T22:26:15","date_gmt":"2023-05-11T01:26:15","guid":{"rendered":"https:\/\/mpiaui.com.br\/suspeito-de-matar-jovem-em-santa-catarina-por-causa-de-som-alto-e-preso-no-piaui\/"},"modified":"2023-05-10T22:26:15","modified_gmt":"2023-05-11T01:26:15","slug":"suspeito-de-matar-jovem-em-santa-catarina-por-causa-de-som-alto-e-preso-no-piaui","status":"publish","type":"post","link":"https:\/\/mpiaui.com.br\/antigo\/?p=54526","title":{"rendered":"Suspeito de matar jovem em Santa Catarina por causa de som alto \u00e9 preso no Piau\u00ed"},"content":{"rendered":"<p><\/p>\n<div id=\"post-body-6383437358662548230\" itemprop=\"description articleBody\">\n<div class=\"separator\" style=\"clear: both; text-align: center;\"><span style=\"font-family: verdana; margin-left: 1em; margin-right: 1em;\"><img loading=\"lazy\" decoding=\"async\" height=\"481\" src=\"https:\/\/s2-g1.glbimg.com\/-DtAcabedEaSaEFZylkCPw6VYck=\/0x0:1600x1204\/984x0\/smart\/filters:strip_icc()\/i.s3.glbimg.com\/v1\/AUTH_59edd422c0c84a879bd37670ae4f538a\/internal_photos\/bs\/2023\/7\/4\/7VdMV5RQiAASiQYut3ig\/whatsapp-image-2023-05-10-at-13.24.04.jpeg\" width=\"640\"\/><\/span><\/div>\n<p><span style=\"font-family: verdana;\"><b>\u00a0 \u00a0 \u00a0 \u00a0 \u00a0 \u00a0 \u00a0 \u00a0 \u00a0 \u00a0 \u00a0 \u00a0 \u00a0 \u00a0 \u00a0 \u00a0 \u00a0 \u00a0 \u00a0 \u00a0 \u00a0 \u00a0 \u00a0 \u00a0 \u00a0 \u00a0Foto: Divulga\u00e7\u00e3o PMPI<\/b><\/span><\/p>\n<p><span style=\"font-family: verdana;\">Um homem de 37 anos foi preso nesta quarta-feira (10) em Jacobina do Piau\u00ed, a 457 km de Teresina, suspeito de ter matado um jovem de 24 anos em Blumenau (SC), em novembro de 2022. Segundo a Pol\u00edcia Militar do Piau\u00ed, a pris\u00e3o se deu por cumprimento de mandado da Justi\u00e7a de Santa Catarina.<\/span><\/p>\n<div class=\"separator\" style=\"clear: both; text-align: center;\"><span style=\"font-family: verdana; margin-left: 1em; margin-right: 1em;\"><img loading=\"lazy\" decoding=\"async\" height=\"480\" src=\"https:\/\/s2-g1.glbimg.com\/GrTh0KstluihhIjKrNsrUEs9j3g=\/0x0:1600x1200\/984x0\/smart\/filters:strip_icc()\/i.s3.glbimg.com\/v1\/AUTH_59edd422c0c84a879bd37670ae4f538a\/internal_photos\/bs\/2023\/B\/5\/R1bQDqRAifiVtrDZi0MA\/whatsapp-image-2023-05-10-at-14.16.56.jpeg\" width=\"640\"\/><\/span><\/div>\n<p><span style=\"font-family: verdana;\"><b>\u00a0 \u00a0 \u00a0 \u00a0 \u00a0 \u00a0 \u00a0 \u00a0 \u00a0 \u00a0 \u00a0 \u00a0 \u00a0 \u00a0 \u00a0 \u00a0 \u00a0 \u00a0 \u00a0 \u00a0 \u00a0 \u00a0 \u00a0 \u00a0 \u00a0Foto: Divulga\u00e7\u00e3o PMPI<\/b><\/span><\/p>\n<p><span style=\"font-family: verdana;\">&#8220;Segundo as investiga\u00e7\u00f5es, o suspeito estava em sua resid\u00eancia quando tr\u00eas jovens retornavam de uma festa e faziam barulho em frente a casa dele. Ent\u00e3o, incomodado, o homem discutiu com os rapazes e quando o jovem de 24 anos virou de costas, o suspeito deu seis tiros contra ele, que morreu na hora&#8221;, informou o cabo Humberto J\u00fanior, da Pol\u00edcia Militar de <\/span><span style=\"font-family: verdana;\">Acau\u00e3<\/span><span style=\"font-family: verdana;\">.<\/span><\/p>\n<p><span style=\"font-family: verdana;\">A pris\u00e3o foi realizada pelo Grupamento Policial Militar de <\/span><span style=\"font-family: verdana;\">Acau\u00e3<\/span><span style=\"font-family: verdana;\"> e pela For\u00e7a T\u00e1tica do 20\u00b0 BPM. O homem preso s \u00e9 natural do Povoado Cajueiro, Zona Rural de <\/span><span style=\"font-family: verdana;\">Patos do Piau\u00ed<\/span><span style=\"font-family: verdana;\">, onde esteve escondido ap\u00f3s o crime.<\/span><\/p>\n<p><span style=\"font-family: verdana;\">Na resid\u00eancia do preso foram localizados uma espingarda de press\u00e3o, uma m\u00e1quina de choque, documenta\u00e7\u00e3o de uma Pistola Taurus G3C 9mm e o CRLV de um ve\u00edculo modelo VW\/Gol.<\/span><\/p>\n<p><span style=\"font-family: verdana;\">O mandado de pris\u00e3o preventiva foi expedido no dia 14 de mar\u00e7o de 2023 pela segunda Vara Criminal da Comarca de Blumenau (SC).<\/span><\/p>\n<p><span style=\"font-family: verdana;\">&#8220;A equipe diligenciou por v\u00e1rias vezes na regi\u00e3o do referido povoado, bem como localidades adjacentes, inclusive na cidade de Jacobina do Piau\u00ed, tendo em vista que a equipe policial recebeu informa\u00e7\u00e3o de que o alvo das buscas constantemente trocava de endere\u00e7o nessas duas localidades, possivelmente no intuito de despistar os \u00f3rg\u00e3os pol\u00edcias&#8221;, explicou o cabo.<\/span><\/p>\n<p><span style=\"font-family: verdana;\"><b>Fonte: G1\/PI<\/b><\/span><\/p>\n<\/div>\n","protected":false},"excerpt":{"rendered":"<p>\u00a0 \u00a0 \u00a0 \u00a0 \u00a0 \u00a0 \u00a0 \u00a0 \u00a0 \u00a0 \u00a0 \u00a0 \u00a0 \u00a0 \u00a0 \u00a0 \u00a0 \u00a0 \u00a0 \u00a0 \u00a0 \u00a0 \u00a0 \u00a0 \u00a0 \u00a0Foto: Divulga\u00e7\u00e3o PMPI Um homem&hellip; <\/p>\n","protected":false},"author":1,"featured_media":0,"comment_status":"open","ping_status":"open","sticky":false,"template":"","format":"standard","meta":{"footnotes":""},"categories":[57],"tags":[],"class_list":["post-54526","post","type-post","status-publish","format-standard","hentry","category-parnaiba"],"_links":{"self":[{"href":"https:\/\/mpiaui.com.br\/antigo\/index.php?rest_route=\/wp\/v2\/posts\/54526","targetHints":{"allow":["GET"]}}],"collection":[{"href":"https:\/\/mpiaui.com.br\/antigo\/index.php?rest_route=\/wp\/v2\/posts"}],"about":[{"href":"https:\/\/mpiaui.com.br\/antigo\/index.php?rest_route=\/wp\/v2\/types\/post"}],"author":[{"embeddable":true,"href":"https:\/\/mpiaui.com.br\/antigo\/index.php?rest_route=\/wp\/v2\/users\/1"}],"replies":[{"embeddable":true,"href":"https:\/\/mpiaui.com.br\/antigo\/index.php?rest_route=%2Fwp%2Fv2%2Fcomments&post=54526"}],"version-history":[{"count":0,"href":"https:\/\/mpiaui.com.br\/antigo\/index.php?rest_route=\/wp\/v2\/posts\/54526\/revisions"}],"wp:attachment":[{"href":"https:\/\/mpiaui.com.br\/antigo\/index.php?rest_route=%2Fwp%2Fv2%2Fmedia&parent=54526"}],"wp:term":[{"taxonomy":"category","embeddable":true,"href":"https:\/\/mpiaui.com.br\/antigo\/index.php?rest_route=%2Fwp%2Fv2%2Fcategories&post=54526"},{"taxonomy":"post_tag","embeddable":true,"href":"https:\/\/mpiaui.com.br\/antigo\/index.php?rest_route=%2Fwp%2Fv2%2Ftags&post=54526"}],"curies":[{"name":"wp","href":"https:\/\/api.w.org\/{rel}","templated":true}]}}