{"id":54527,"date":"2023-05-10T22:28:25","date_gmt":"2023-05-11T01:28:25","guid":{"rendered":"https:\/\/mpiaui.com.br\/petropolis-antecipa-repasse-a-empresas-de-onibus-apos-incendio\/"},"modified":"2023-05-10T22:28:25","modified_gmt":"2023-05-11T01:28:25","slug":"petropolis-antecipa-repasse-a-empresas-de-onibus-apos-incendio","status":"publish","type":"post","link":"https:\/\/mpiaui.com.br\/antigo\/?p=54527","title":{"rendered":"Petr\u00f3polis antecipa repasse a empresas de \u00f4nibus ap\u00f3s inc\u00eandio"},"content":{"rendered":"<p><\/p>\n<div>\n<p>A prefeitura de Petr\u00f3polis anunciou a antecipa\u00e7\u00e3o do pagamento do vale educa\u00e7\u00e3o para empresas de \u00f4nibus.\u00a0A medida foi tomada para minimizar os impactos\u00a0 das empresas Cascatinha e Petro Ita, que operam no munic\u00edpio e\u00a0\u00a0<a href=\"https:\/\/agenciabrasil.ebc.com.br\/geral\/noticia\/2023-05\/petropolis-policia-vai-apurar-causa-de-incendio-em-empresas-de-onibus\" target=\"_blank\" rel=\"noopener\">tiveram v\u00e1rios ve\u00edculos destru\u00eddos por um inc\u00eandio\u00a0na madrugada desta ter\u00e7a-feira (9).<\/a> O repasse, que deveria ser feito na pr\u00f3xima segunda-feira (15) foi antecipado para esta quinta-feira (11).<\/p>\n<p>\u201cConseguimos adiantar esse repasse, garantindo as condi\u00e7\u00f5es m\u00ednimas para a opera\u00e7\u00e3o do sistema de transporte e o cumprimento das obriga\u00e7\u00f5es por parte das empresas\u201d, disse o prefeito Rubens Bomtempo. Segundo ele, foi firmado ainda acordo com as empresas que funcion\u00e1rios n\u00e3o sejam demitidos e o restante dos sal\u00e1rios sejam pagos este semana.\u00a0<\/p>\n<p>Criado em 2022, o vale educa\u00e7\u00e3o, pago pela prefeitura \u00e0s empresas de \u00f4nibus, deve\u00a0ser usado\u00a0para renova\u00e7\u00e3o da frota. Antes do inc\u00eandio, 29 \u00f4nibus seminovos e novos tinham chegado a Petr\u00f3polis. Desse total, 16 foram destru\u00eddos no inc\u00eandio na garagem das empresas.<\/p>\n<h2>Refor\u00e7o no atendimento<\/h2>\n<p>Nove \u00f4nibus entraram em opera\u00e7\u00e3o nesta quarta-feira (10)\u00a0para atender passageiros\u00a0nas\u00a0linhas operadas pela Petro Ita e Cascatinha. Conforme gabinete de crise, a\u00a0previs\u00e3o \u00e9 que mais quatro \u00f4nibus entrem em circula\u00e7\u00e3o nesta quinta-feira (11).<\/p>\n<p>&#8220;Estamos trabalhando para que a popula\u00e7\u00e3o tenha o servi\u00e7o de transporte p\u00fablico restabelecido. Sabemos das dificuldades que as pessoas est\u00e3o enfrentando para sair de casa, ir para o trabalho, resolver seus compromissos, mas estamos aqui implementando as a\u00e7\u00f5es para conseguir reduzir o m\u00e1ximo poss\u00edvel esses transtornos\u201d, afirmou o prefeito.<\/p>\n<p>At\u00e9 o momento, 17 ve\u00edculos voltaram \u00e0s ruas. De acordo com a Companhia Petropolitana de Tr\u00e2nsito e Transportes (CPTrans), a circula\u00e7\u00e3o dos \u00f4nibus est\u00e1 sob fiscaliza\u00e7\u00e3o. A secretaria de Educa\u00e7\u00e3o informou que a frequ\u00eancia nas escolas est\u00e1 dentro da normalidade, com a presen\u00e7a de 80% a 90% dos alunos.\u00a0<\/p>\n<h2>Inc\u00eandio<\/h2>\n<p>A Pol\u00edcia Civil vai investigar se o inc\u00eandio que destruiu pelo menos 74 \u00f4nibus das\u00a0duas empresas foi criminoso. A CPTrans ir\u00e1\u00a0contratar um perito para realizar uma auditoria independente na garagem das empresas.<br \/>\u00a0<\/p>\n<\/p><\/div>\n","protected":false},"excerpt":{"rendered":"<p>A prefeitura de Petr\u00f3polis anunciou a antecipa\u00e7\u00e3o do pagamento do vale educa\u00e7\u00e3o para empresas de \u00f4nibus.\u00a0A medida foi tomada para minimizar os impactos\u00a0 das empresas Cascatinha e Petro Ita, que&hellip; <\/p>\n","protected":false},"author":1,"featured_media":51712,"comment_status":"open","ping_status":"open","sticky":false,"template":"","format":"standard","meta":{"footnotes":""},"categories":[802],"tags":[],"class_list":["post-54527","post","type-post","status-publish","format-standard","has-post-thumbnail","hentry","category-nacional"],"_links":{"self":[{"href":"https:\/\/mpiaui.com.br\/antigo\/index.php?rest_route=\/wp\/v2\/posts\/54527","targetHints":{"allow":["GET"]}}],"collection":[{"href":"https:\/\/mpiaui.com.br\/antigo\/index.php?rest_route=\/wp\/v2\/posts"}],"about":[{"href":"https:\/\/mpiaui.com.br\/antigo\/index.php?rest_route=\/wp\/v2\/types\/post"}],"author":[{"embeddable":true,"href":"https:\/\/mpiaui.com.br\/antigo\/index.php?rest_route=\/wp\/v2\/users\/1"}],"replies":[{"embeddable":true,"href":"https:\/\/mpiaui.com.br\/antigo\/index.php?rest_route=%2Fwp%2Fv2%2Fcomments&post=54527"}],"version-history":[{"count":0,"href":"https:\/\/mpiaui.com.br\/antigo\/index.php?rest_route=\/wp\/v2\/posts\/54527\/revisions"}],"wp:featuredmedia":[{"embeddable":true,"href":"https:\/\/mpiaui.com.br\/antigo\/index.php?rest_route=\/wp\/v2\/media\/51712"}],"wp:attachment":[{"href":"https:\/\/mpiaui.com.br\/antigo\/index.php?rest_route=%2Fwp%2Fv2%2Fmedia&parent=54527"}],"wp:term":[{"taxonomy":"category","embeddable":true,"href":"https:\/\/mpiaui.com.br\/antigo\/index.php?rest_route=%2Fwp%2Fv2%2Fcategories&post=54527"},{"taxonomy":"post_tag","embeddable":true,"href":"https:\/\/mpiaui.com.br\/antigo\/index.php?rest_route=%2Fwp%2Fv2%2Ftags&post=54527"}],"curies":[{"name":"wp","href":"https:\/\/api.w.org\/{rel}","templated":true}]}}