{"id":54528,"date":"2023-05-10T22:40:23","date_gmt":"2023-05-11T01:40:23","guid":{"rendered":"https:\/\/mpiaui.com.br\/morre-gualberto-soares-um-dos-fundadores-do-pt-no-piaui\/"},"modified":"2023-05-10T22:40:23","modified_gmt":"2023-05-11T01:40:23","slug":"morre-gualberto-soares-um-dos-fundadores-do-pt-no-piaui","status":"publish","type":"post","link":"https:\/\/mpiaui.com.br\/antigo\/?p=54528","title":{"rendered":"Morre Gualberto Soares, um dos fundadores do PT no Piau\u00ed"},"content":{"rendered":"<div>\n<p>\n                                                <img decoding=\"async\" src=\"https:\/\/piauihoje.com\/uploads\/imagens\/screenshot-20230403-162615-2-1680550771.png\" alt=\"Jo\u00e3o Gualberto: uma vida de luta pelos trabalhadores\" style=\"width: 100% !important;\"\/>\n                                                <\/p>\n<p>\n                                                    <span>Jo\u00e3o Gualberto: uma vida de luta pelos trabalhadores<\/span><br \/>\n                                                    <span>Foto: Facebook<\/span>\n                                                <\/p>\n<p>O militante hist\u00f3rico e um dos fundadores do Partido dos Trabalhadores -PT, no Piau\u00ed, Jo\u00e3o Gualberto dos Santos Soares, de 78 anos, morreu por voltas 19h30min desta quarta-feira (10), no Hospital S\u00e3o Marcos, em Teresina, onde foi operado e estava internado h\u00e1 quase dois meses.<\/p>\n<p>Gualberto foi internado para tratar de um c\u00e2ncer no est\u00f4mago e p\u00e2ncreas. No 31 de mar\u00e7o ele foi submetido a uma cirurgia que durou mais de 8 horas. Os m\u00e9dicos retiraram o p\u00e2ncreas o ba\u00e7o e parte est\u00f4mago do paciente.<\/p>\n<p>Cat\u00f3lico praticante e convicto, Gualberto Soares \u00e9 o l\u00edder de uma fam\u00edlia de petistas e tem mais tr\u00eas irm\u00e3os filiados ao PT, incluindo o professor Alberico dos Santos Soares, que tamb\u00e9m milita no movimento sindical dos professores. A fam\u00edlia \u00e9 humilde e, segundo o filho, tem enfrentando dificuldades para manter o tratamento.<\/p>\n<p>Oriundo das das organiza\u00e7\u00f5es de base da igreja cat\u00f3lica, desde o final dos de 1970, Jo\u00e3o Gualberto participa da organiza\u00e7\u00e3o de v\u00e1rios sindicatos e associa\u00e7\u00f5es de classes no Piau\u00ed. Ele foi um dos coordenadores do Centro Piauiense de A\u00e7\u00e3o Cultural, o extinto Cepac.<\/p>\n<p>Jo\u00e3o Gualberto tamb\u00e9m prestou servi\u00e7os ao Governo do Estado e \u00e0 Assembleia Legislativa do Piau\u00ed. Ele foi assessor e chefe de gabinete do ent\u00e3o deputado Jo\u00e3o de Deus Sousa, atual presidente do PT no Piau\u00ed. Tamb\u00e9m trabalhou como assessor da ex-deputada federal e agora Conselheira do Tribunal de Conta do Estado &#8211; TCE, Rejane Dias.<\/p>\n<p>Em 2019, nas comemora\u00e7\u00f5es do 39 anos do PT, Jo\u00e3o Gualberto foi um dos homenageados durante encontro do partido, realizado na Obra Kolping, na Zona Sudeste de Teresina. Em mar\u00e7o de 2022 foi um dos convidados especiais para a posse da ex-governadora Regina Sousa, de quem \u00e9 amigo pessoal.<\/p>\n<p><span class=\"fr-img-caption fr-fic fr-dib fr-draggable\" contenteditable=\"false\" draggable=\"false\"><span class=\"fr-img-wrap\" style=\"width: 310px;\"><img decoding=\"async\" src=\"https:\/\/piauihoje.com\/uploads\/editor\/screenshot-20230510-223354-3_8424cfe3492a0f6a6c320c83b85306e6b424b5ba.png\" style=\"width: 800px;\"\/><span class=\"fr-inner\" contenteditable=\"true\"><em>Gualberto: milit\u00e2ncia de esquerda de luto<\/em><\/span><\/span><\/span><strong>Vel\u00f3rio<\/strong><\/p>\n<p>O vel\u00f3rio do petista ser\u00e1 nesta quinta-feira (11), na Pax Uni\u00e3o, na avenida Miguel Rosa a partir das 8 horas. O sepultamento ser\u00e1 \u00e0s 16 horas, no Cemit\u00e9rio Santo Ant\u00f4nio, no bairro Buenos Aires.<\/p>\n<div class=\"sobre_colunista\" style=\"display: flex; align-items: center; margin-top: 30px;background: #f7f7f7; padding: 15px; border-radius: 15px;\">\n<div class=\"tab-profile\" style=\"margin-right: 15px;\">\n                                                        <img decoding=\"async\" src=\"https:\/\/piauihoje.com\/timthumb.php?src=\/migration\/public_html\/media\/image_bank\/2017\/1\/luiz-brandao_KzxOwsk.jpg&amp;w=180&amp;h=180&amp;a=t\" alt=\"Luiz Brand\u00e3o\" style=\"border-radius: 50%;\"\/>\n                                                <\/div>\n<p><h4 style=\"margin: 10px 0;\">\n                                                        <b>Luiz Brand\u00e3o<\/b><br \/>\n                                                    <\/h4>\n<p>                                                    Luiz Brand\u00e3o \u00e9 jornalista formado pela Universidade Federal do Piau\u00ed. Est\u00e1 na profiss\u00e3o h\u00e1 40 anos. J\u00e1 trabalhou em r\u00e1dios, TVs e jornais. Foi rep\u00f3rter das r\u00e1dios Difusora, Poty e das TVs Timon, Antares e Meio Norte. Tamb\u00e9m foi rep\u00f3rter dos jornais O Dia, Jornal da Manh\u00e3, O Estado, Di\u00e1rio do Povo e Correio do Piau\u00ed. Foi editor chefe dos jornais Correio do Piau\u00ed, O Estado e Di\u00e1rio do Povo. Tamb\u00e9m foi colunista do Jornal Meio Norte. Atualmente \u00e9 diretor de jornalismo e colunista do portal www.piauihoje.com.\n                                                <\/p>\n<\/p><\/div>\n<\/p><\/div>\n","protected":false},"excerpt":{"rendered":"<p>Jo\u00e3o Gualberto: uma vida de luta pelos trabalhadores Foto: Facebook O militante hist\u00f3rico e um dos fundadores do Partido dos Trabalhadores -PT, no Piau\u00ed, Jo\u00e3o Gualberto dos Santos Soares, de&hellip; <\/p>\n","protected":false},"author":1,"featured_media":54529,"comment_status":"open","ping_status":"open","sticky":false,"template":"","format":"standard","meta":{"footnotes":""},"categories":[78],"tags":[],"class_list":["post-54528","post","type-post","status-publish","format-standard","has-post-thumbnail","hentry","category-teresina"],"_links":{"self":[{"href":"https:\/\/mpiaui.com.br\/antigo\/index.php?rest_route=\/wp\/v2\/posts\/54528","targetHints":{"allow":["GET"]}}],"collection":[{"href":"https:\/\/mpiaui.com.br\/antigo\/index.php?rest_route=\/wp\/v2\/posts"}],"about":[{"href":"https:\/\/mpiaui.com.br\/antigo\/index.php?rest_route=\/wp\/v2\/types\/post"}],"author":[{"embeddable":true,"href":"https:\/\/mpiaui.com.br\/antigo\/index.php?rest_route=\/wp\/v2\/users\/1"}],"replies":[{"embeddable":true,"href":"https:\/\/mpiaui.com.br\/antigo\/index.php?rest_route=%2Fwp%2Fv2%2Fcomments&post=54528"}],"version-history":[{"count":0,"href":"https:\/\/mpiaui.com.br\/antigo\/index.php?rest_route=\/wp\/v2\/posts\/54528\/revisions"}],"wp:featuredmedia":[{"embeddable":true,"href":"https:\/\/mpiaui.com.br\/antigo\/index.php?rest_route=\/wp\/v2\/media\/54529"}],"wp:attachment":[{"href":"https:\/\/mpiaui.com.br\/antigo\/index.php?rest_route=%2Fwp%2Fv2%2Fmedia&parent=54528"}],"wp:term":[{"taxonomy":"category","embeddable":true,"href":"https:\/\/mpiaui.com.br\/antigo\/index.php?rest_route=%2Fwp%2Fv2%2Fcategories&post=54528"},{"taxonomy":"post_tag","embeddable":true,"href":"https:\/\/mpiaui.com.br\/antigo\/index.php?rest_route=%2Fwp%2Fv2%2Ftags&post=54528"}],"curies":[{"name":"wp","href":"https:\/\/api.w.org\/{rel}","templated":true}]}}