{"id":54534,"date":"2023-05-11T08:29:09","date_gmt":"2023-05-11T11:29:09","guid":{"rendered":"https:\/\/mpiaui.com.br\/piaui-e-primeiro-estado-do-nordeste-a-assinar-o-pacto-nacional-pela-consciencia-vacinal\/"},"modified":"2023-05-11T08:29:09","modified_gmt":"2023-05-11T11:29:09","slug":"piaui-e-primeiro-estado-do-nordeste-a-assinar-o-pacto-nacional-pela-consciencia-vacinal","status":"publish","type":"post","link":"https:\/\/mpiaui.com.br\/antigo\/?p=54534","title":{"rendered":"Piau\u00ed \u00e9 primeiro estado do Nordeste a assinar o Pacto Nacional Pela Consci\u00eancia Vacinal"},"content":{"rendered":"<p> [ad_1]<br \/>\n<\/p>\n<div>\n<p>O governador Rafael Fonteles assinou, nessa quarta- feira (10), o Pacto Nacional Pela Consci\u00eancia Vacinal. Com isso, o Piau\u00ed passou a ser o primeiro estado do Nordeste a firmar compromisso com o Minist\u00e9rio P\u00fablico nas a\u00e7\u00f5es que ser\u00e3o realizadas para conscientizar a popula\u00e7\u00e3o acerca da import\u00e2ncia do Plano Nacional de Imuniza\u00e7\u00e3o (PNI). A assinatura ocorreu durante a solenidade de abertura das reuni\u00f5es conjuntas do Conselho Nacional de Procuradores-Gerais do Minist\u00e9rio P\u00fablico dos Estados e da Uni\u00e3o (CNPG), do Grupo Nacional de Direitos Humanos (GNDH), do Grupo Nacional de Defesa do Consumidor (GNDC) e do Grupo Nacional de Execu\u00e7\u00e3o Penal (GNEP). O evento coletivo recebeu o nome de \u201cJunt@s \u2013 construindo o futuro e transformando realidades\u201d e est\u00e1 sendo realizado no Sesc Caju\u00edna, em Teresina.<\/p>\n<p>\u00a0<\/p>\n<p>O Pacto Nacional pela Consci\u00eancia Vacinal \u00e9 uma iniciativa do Conselho Nacional do Minist\u00e9rio P\u00fablico, por meio da Comiss\u00e3o de Sa\u00fade. O prop\u00f3sito \u00e9 conscientizar a popula\u00e7\u00e3o acerca da import\u00e2ncia da vacina\u00e7\u00e3o prevista no Plano Nacional de Imuniza\u00e7\u00e3o para a preven\u00e7\u00e3o de doen\u00e7as, visando \u00e0 retomada de \u00edndices seguros e homog\u00eaneos de cobertura vacinal em todo o territ\u00f3rio nacional.<\/p>\n<p>O governador destacou a import\u00e3ncia do Piau\u00ed aderir ao pacto. \u201cEssa \u00e9 uma causa que j\u00e1 defendemos e temos muito orgulho de participar dessa uni\u00e3o de esfor\u00e7os. Nossa meta \u00e9 retomar os \u00edndices do Plano Nacional de Imuniza\u00e7\u00e3o e agradecemos a todas as institui\u00e7\u00f5es que se somam para colaborar com esse est\u00edmulo \u00e0 popula\u00e7\u00e3o. Vacinem-se!\u201d, conclamou Rafael Fonteles.<\/p>\n<p><img decoding=\"async\" loading=\"lazy\" class=\"alignnone size-full wp-image-88029\" src=\"https:\/\/www.pi.gov.br\/wp-content\/uploads\/2023\/05\/DSC_4329-scaled.jpg\" alt=\"\" width=\"2560\" height=\"1711\" srcset=\"https:\/\/www.pi.gov.br\/wp-content\/uploads\/2023\/05\/DSC_4329-scaled.jpg 2560w, https:\/\/www.pi.gov.br\/wp-content\/uploads\/2023\/05\/DSC_4329-730x488.jpg 730w, https:\/\/www.pi.gov.br\/wp-content\/uploads\/2023\/05\/DSC_4329-1070x715.jpg 1070w, https:\/\/www.pi.gov.br\/wp-content\/uploads\/2023\/05\/DSC_4329-768x513.jpg 768w, https:\/\/www.pi.gov.br\/wp-content\/uploads\/2023\/05\/DSC_4329-391x260.jpg 391w, https:\/\/www.pi.gov.br\/wp-content\/uploads\/2023\/05\/DSC_4329-1536x1027.jpg 1536w, https:\/\/www.pi.gov.br\/wp-content\/uploads\/2023\/05\/DSC_4329-2048x1369.jpg 2048w\" sizes=\"auto, (max-width: 2560px) 100vw, 2560px\"\/><\/p>\n<p>O procurador-geral de Justi\u00e7a do Piau\u00ed, Cleandro Moura, falou da ades\u00e3o do Governo do Estado ao pacto. \u201cSomos o primeiro do Nordeste a assinar e isso n\u00e3o se resume a uma assinatura, mas sim um comprometimento para a volta do Brasil aos altos n\u00edveis de imuniza\u00e7\u00e3o\u201d, disse o procurador.<\/p>\n<p><strong>Sesapi e outras institui\u00e7\u00f5es tamb\u00e9m assinam o pacto<\/strong><\/p>\n<p>O termo de ades\u00e3o ao Pacto Nacional Pela Consci\u00eancia Vacinal tamb\u00e9m foi assinado, em outro momento do evento, nessa quarta-feira (10), em atividade na sede do Minist\u00e9rio P\u00fablico do Piau\u00ed, pela diretora da Vigil\u00e2ncia Sanit\u00e1ria do Piau\u00ed (Divisa), Tatiana Chaves, que na ocasi\u00e3o representou o secret\u00e1rio de Estado da Sa\u00fade, Antonio Luiz.<\/p>\n<p><img decoding=\"async\" loading=\"lazy\" class=\"alignnone size-full wp-image-88005\" src=\"https:\/\/www.pi.gov.br\/wp-content\/uploads\/2023\/05\/3a4f1849-d5eb-48a8-b6a8-362bf8e600ea.png\" alt=\"\" width=\"768\" height=\"512\" srcset=\"https:\/\/www.pi.gov.br\/wp-content\/uploads\/2023\/05\/3a4f1849-d5eb-48a8-b6a8-362bf8e600ea.png 768w, https:\/\/www.pi.gov.br\/wp-content\/uploads\/2023\/05\/3a4f1849-d5eb-48a8-b6a8-362bf8e600ea-730x487.png 730w, https:\/\/www.pi.gov.br\/wp-content\/uploads\/2023\/05\/3a4f1849-d5eb-48a8-b6a8-362bf8e600ea-391x260.png 391w\" sizes=\"auto, (max-width: 768px) 100vw, 768px\"\/><\/p>\n<p>\u00a0<\/p>\n<p>\u00a0<\/p>\n<p>\u00a0<\/p>\n<p>\u201cAcelerar os \u00edndices de vacina\u00e7\u00e3o no estado e conscientizar a popula\u00e7\u00e3o acerca dos benef\u00edcios da imuniza\u00e7\u00e3o \u00e9 uma prioridade da Sesapi. Com certeza, esta \u00e9 uma iniciativa e mais uma parceria firmada entre Governo do Estado e Minist\u00e9rio P\u00fablico do Piau\u00ed que vai contribuir para as melhorias de sa\u00fade de toda a popula\u00e7\u00e3o\u201d, ressaltou Tatiana Chaves.<\/p>\n<p><img decoding=\"async\" loading=\"lazy\" class=\"alignnone size-full wp-image-88006\" src=\"https:\/\/www.pi.gov.br\/wp-content\/uploads\/2023\/05\/5e9dcf4f-aaeb-4231-92c0-474aa66306cb.png\" alt=\"\" width=\"1495\" height=\"862\" srcset=\"https:\/\/www.pi.gov.br\/wp-content\/uploads\/2023\/05\/5e9dcf4f-aaeb-4231-92c0-474aa66306cb.png 1495w, https:\/\/www.pi.gov.br\/wp-content\/uploads\/2023\/05\/5e9dcf4f-aaeb-4231-92c0-474aa66306cb-730x421.png 730w, https:\/\/www.pi.gov.br\/wp-content\/uploads\/2023\/05\/5e9dcf4f-aaeb-4231-92c0-474aa66306cb-1070x617.png 1070w, https:\/\/www.pi.gov.br\/wp-content\/uploads\/2023\/05\/5e9dcf4f-aaeb-4231-92c0-474aa66306cb-768x443.png 768w\" sizes=\"auto, (max-width: 1495px) 100vw, 1495px\"\/><\/p>\n<p>\u00a0<\/p>\n<p>\u00a0<\/p>\n<p>A iniciativa vai realizar campanhas de comunica\u00e7\u00e3o sobre a seguran\u00e7a e efic\u00e1cia das vacinas, atividades de car\u00e1ter educacional junto \u00e0s escolas, al\u00e9m de alertar sobre os riscos do retorno de doen\u00e7as j\u00e1 erradicadas no pa\u00eds, como var\u00edola e poliomielite, devido \u00e0 baixa cobertura vacinal.<\/p>\n<p><strong>Vacina\u00e7\u00e3o<\/strong><\/p>\n<p>Com intuito de estimular a vacina\u00e7\u00e3o dos trabalhadores do Minist\u00e9rio P\u00fablico do Piau\u00ed, durante a solenidade de assinatura do termo, que contou ainda com compromisso firmado de outros \u00f3rg\u00e3os e entidades do Piau\u00ed, o Centro Estadual de Refer\u00eancia em Sa\u00fade do Trabalhador (Cerest) marcou presen\u00e7a no evento, disponibilizando aos servidores do MPPI, vacinas do calend\u00e1rio adulto, contra hepatite B, t\u00e9tano, influenza, caxumba, rub\u00e9ola e sarampo.<\/p>\n<p><img decoding=\"async\" loading=\"lazy\" class=\"alignnone size-full wp-image-88007\" src=\"https:\/\/www.pi.gov.br\/wp-content\/uploads\/2023\/05\/8684fc32-42c6-4dc7-a5be-a67e8b441d90.png\" alt=\"\" width=\"1600\" height=\"1200\" srcset=\"https:\/\/www.pi.gov.br\/wp-content\/uploads\/2023\/05\/8684fc32-42c6-4dc7-a5be-a67e8b441d90.png 1600w, https:\/\/www.pi.gov.br\/wp-content\/uploads\/2023\/05\/8684fc32-42c6-4dc7-a5be-a67e8b441d90-730x548.png 730w, https:\/\/www.pi.gov.br\/wp-content\/uploads\/2023\/05\/8684fc32-42c6-4dc7-a5be-a67e8b441d90-1070x803.png 1070w, https:\/\/www.pi.gov.br\/wp-content\/uploads\/2023\/05\/8684fc32-42c6-4dc7-a5be-a67e8b441d90-768x576.png 768w, https:\/\/www.pi.gov.br\/wp-content\/uploads\/2023\/05\/8684fc32-42c6-4dc7-a5be-a67e8b441d90-1536x1152.png 1536w\" sizes=\"auto, (max-width: 1600px) 100vw, 1600px\"\/><\/p>\n<p>Nessa a\u00e7\u00e3o, o Cerest vacinou cerca de 100 servidores do Mist\u00e9rio P\u00fablico. O Cerest \u00e9 vinculado \u00e0 Diretoria de Vigil\u00e2ncia Sanit\u00e1ria do Piau\u00ed e promove a\u00e7\u00f5es que visam melhorar as condi\u00e7\u00f5es de trabalho e a qualidade de vida do trabalhador por meio da preven\u00e7\u00e3o e vigil\u00e2ncia.<\/p>\n<p><strong>Encontro do Minist\u00e9rio P\u00fablico<\/strong><\/p>\n<p>Rafael Fonteles parabenizou o Minist\u00e9rio P\u00fablico do Piau\u00ed por sediar o evento que re\u00fane, at\u00e9 o pr\u00f3ximo dia 12 de maio, mais de 200 membros do MP com atua\u00e7\u00e3o em todo o pa\u00eds, para discuss\u00e3o de diversos temas de interesse social, como defesa do consumidor, direitos humanos em sentido estrito, defesa da sa\u00fade, inf\u00e2ncia e juventude, defesa dos direitos da pessoa com defici\u00eancia e da pessoa idosa, combate \u00e0 viol\u00eancia dom\u00e9stica e familiar contra a mulher, educa\u00e7\u00e3o, meio ambiente e sistema prisional.<\/p>\n<p>\u201cO momento \u00e9 de troca de experi\u00eancias, um momento important\u00edssimo para essa institui\u00e7\u00e3o que \u00e9 o Minist\u00e9rio P\u00fablico. Eu n\u00e3o tenho d\u00favidas que esse evento sediado aqui no Piau\u00ed ser\u00e1 palco de grandes discuss\u00f5es que v\u00e3o virar uma defesa cada vez melhor da nossa sociedade. Esse \u00e9 o grande papel do Minist\u00e9rio P\u00fablico que tem todo nosso apre\u00e7o\u201d, ressaltou o governador.<\/p>\n<p><img decoding=\"async\" loading=\"lazy\" class=\"alignnone size-full wp-image-88024\" src=\"https:\/\/www.pi.gov.br\/wp-content\/uploads\/2023\/05\/DSC_4312-scaled.jpg\" alt=\"\" width=\"2560\" height=\"1711\" srcset=\"https:\/\/www.pi.gov.br\/wp-content\/uploads\/2023\/05\/DSC_4312-scaled.jpg 2560w, https:\/\/www.pi.gov.br\/wp-content\/uploads\/2023\/05\/DSC_4312-730x488.jpg 730w, https:\/\/www.pi.gov.br\/wp-content\/uploads\/2023\/05\/DSC_4312-1070x715.jpg 1070w, https:\/\/www.pi.gov.br\/wp-content\/uploads\/2023\/05\/DSC_4312-768x513.jpg 768w, https:\/\/www.pi.gov.br\/wp-content\/uploads\/2023\/05\/DSC_4312-391x260.jpg 391w, https:\/\/www.pi.gov.br\/wp-content\/uploads\/2023\/05\/DSC_4312-1536x1027.jpg 1536w, https:\/\/www.pi.gov.br\/wp-content\/uploads\/2023\/05\/DSC_4312-2048x1369.jpg 2048w\" sizes=\"auto, (max-width: 2560px) 100vw, 2560px\"\/><\/p>\n<p>O procurador-geral de Justi\u00e7a do Piau\u00ed destacou o orgulho de receber representantes de diversos estados brasileiros. \u201cTemos o prazer e a honra de receber dezenas de colegas de miss\u00e3o, atuantes em todo o MP brasileiro. Nos pr\u00f3ximos dias compartilharemos conhecimentos e experi\u00eancias sobre in\u00fameros temas de enorme import\u00e2ncia. Isso porque o Minist\u00e9rio P\u00fablico se afigura como protagonista em in\u00fameros debates de relev\u00e2ncia p\u00fablica no pa\u00eds\u201d, ressaltou Cleandro Moura.<\/p>\n<p><img decoding=\"async\" loading=\"lazy\" class=\"alignnone size-full wp-image-88019\" src=\"https:\/\/www.pi.gov.br\/wp-content\/uploads\/2023\/05\/DSC_4256-scaled.jpg\" alt=\"\" width=\"2560\" height=\"1711\" srcset=\"https:\/\/www.pi.gov.br\/wp-content\/uploads\/2023\/05\/DSC_4256-scaled.jpg 2560w, https:\/\/www.pi.gov.br\/wp-content\/uploads\/2023\/05\/DSC_4256-730x488.jpg 730w, https:\/\/www.pi.gov.br\/wp-content\/uploads\/2023\/05\/DSC_4256-1070x715.jpg 1070w, https:\/\/www.pi.gov.br\/wp-content\/uploads\/2023\/05\/DSC_4256-768x513.jpg 768w, https:\/\/www.pi.gov.br\/wp-content\/uploads\/2023\/05\/DSC_4256-391x260.jpg 391w, https:\/\/www.pi.gov.br\/wp-content\/uploads\/2023\/05\/DSC_4256-1536x1027.jpg 1536w, https:\/\/www.pi.gov.br\/wp-content\/uploads\/2023\/05\/DSC_4256-2048x1369.jpg 2048w\" sizes=\"auto, (max-width: 2560px) 100vw, 2560px\"\/><\/p>\n<p>Na noite de abertura do evento ocorreu a palestra \u201ca efetividade dos direitos humanos na constru\u00e7\u00e3o de um futuro sustent\u00e1vel\u201d, proferida pela secret\u00e1ria executiva do Minist\u00e9rio dos Direitos Humanos e Cidadania, Rita Oliveira.<\/p>\n<\/p><\/div>\n<p><script async=\"\" defer=\"\" crossorigin=\"anonymous\" src=\"https:\/\/connect.facebook.net\/pt_BR\/sdk.js#xfbml=1&#038;version=v3.3\"><\/script><br \/>\n<br \/>[ad_2]<\/p>\n","protected":false},"excerpt":{"rendered":"<p>[ad_1] O governador Rafael Fonteles assinou, nessa quarta- feira (10), o Pacto Nacional Pela Consci\u00eancia Vacinal. Com isso, o Piau\u00ed passou a ser o primeiro estado do Nordeste a firmar&hellip; <\/p>\n","protected":false},"author":1,"featured_media":54535,"comment_status":"open","ping_status":"open","sticky":false,"template":"","format":"standard","meta":{"footnotes":""},"categories":[938],"tags":[],"class_list":["post-54534","post","type-post","status-publish","format-standard","has-post-thumbnail","hentry","category-governador"],"_links":{"self":[{"href":"https:\/\/mpiaui.com.br\/antigo\/index.php?rest_route=\/wp\/v2\/posts\/54534","targetHints":{"allow":["GET"]}}],"collection":[{"href":"https:\/\/mpiaui.com.br\/antigo\/index.php?rest_route=\/wp\/v2\/posts"}],"about":[{"href":"https:\/\/mpiaui.com.br\/antigo\/index.php?rest_route=\/wp\/v2\/types\/post"}],"author":[{"embeddable":true,"href":"https:\/\/mpiaui.com.br\/antigo\/index.php?rest_route=\/wp\/v2\/users\/1"}],"replies":[{"embeddable":true,"href":"https:\/\/mpiaui.com.br\/antigo\/index.php?rest_route=%2Fwp%2Fv2%2Fcomments&post=54534"}],"version-history":[{"count":0,"href":"https:\/\/mpiaui.com.br\/antigo\/index.php?rest_route=\/wp\/v2\/posts\/54534\/revisions"}],"wp:featuredmedia":[{"embeddable":true,"href":"https:\/\/mpiaui.com.br\/antigo\/index.php?rest_route=\/wp\/v2\/media\/54535"}],"wp:attachment":[{"href":"https:\/\/mpiaui.com.br\/antigo\/index.php?rest_route=%2Fwp%2Fv2%2Fmedia&parent=54534"}],"wp:term":[{"taxonomy":"category","embeddable":true,"href":"https:\/\/mpiaui.com.br\/antigo\/index.php?rest_route=%2Fwp%2Fv2%2Fcategories&post=54534"},{"taxonomy":"post_tag","embeddable":true,"href":"https:\/\/mpiaui.com.br\/antigo\/index.php?rest_route=%2Fwp%2Fv2%2Ftags&post=54534"}],"curies":[{"name":"wp","href":"https:\/\/api.w.org\/{rel}","templated":true}]}}