{"id":54540,"date":"2023-05-11T09:50:02","date_gmt":"2023-05-11T12:50:02","guid":{"rendered":"https:\/\/mpiaui.com.br\/dia-das-maes-comercio-funcionara-em-horario-especial-no-sabado-13-em-teresina\/"},"modified":"2023-05-11T09:50:02","modified_gmt":"2023-05-11T12:50:02","slug":"dia-das-maes-comercio-funcionara-em-horario-especial-no-sabado-13-em-teresina","status":"publish","type":"post","link":"https:\/\/mpiaui.com.br\/antigo\/?p=54540","title":{"rendered":"Dia das M\u00e3es: com\u00e9rcio funcionar\u00e1 em hor\u00e1rio especial no s\u00e1bado (13) em Teresina"},"content":{"rendered":"<div>\n<p>\n                                                <img decoding=\"async\" src=\"https:\/\/piauihoje.com\/migration\/public_html\/media\/image_bank\/2016\/10\/lojas-lotadas-no-feriado.jpg\" alt=\"Lojas do Centro\" style=\"width: 100% !important;\"\/>\n                                                <\/p>\n<p>\n                                                    <span>Lojas do Centro<\/span><br \/>\n                                                    <span>Foto: Paulo Pincel<\/span>\n                                                <\/p>\n<p>Neste fim de semana do Dia das M\u00e3es o com\u00e9rcio em Teresina estar\u00e1 aberto normalmente na sexta-feira (12) e funcionar\u00e1 em hor\u00e1rio especial no s\u00e1bado (13). Conforme o Sindilojas, no s\u00e1bado as lojas do centro estar\u00e3o abertas at\u00e9 \u00e0s 18 horas.<\/p>\n<p>Ainda de acordo com o Sindicato dos Lojistas do Com\u00e9rcio do Estado do Piau\u00ed, as lojas dos bairros da capital tamb\u00e9m ter\u00e3o o hor\u00e1rio estendido at\u00e9 \u00e0s 18 horas na v\u00e9spera do Dia das M\u00e3es, como forma de auxiliar os compradores de \u00faltima hora.<\/p>\n<p>O com\u00e9rcio espera um aumento nas vendas com o Dia das M\u00e3es deste ano em rela\u00e7\u00e3o ao ano anterior. O presidente do Sindilojas, Tertulino Passos, acredita que a data \u00e9 uma das mais importantes do calend\u00e1rio para o setor varejista e pode apresentar um aumento significativo em rela\u00e7\u00e3o ao mesmo per\u00edodo no ano passado. Segundo ele, as lojas est\u00e3o preparadas para atender a demanda dos consumidores e oferecer promo\u00e7\u00f5es e condi\u00e7\u00f5es especiais de pagamento.<\/p>\n<p>\u201cExiste uma expectativa bastante positiva dos lojistas, principalmente, em rela\u00e7\u00e3o ao crescimento nas vendas, at\u00e9 porque todo um processo j\u00e1 foi realizado durante o in\u00edcio deste ano para que esta data seja bem comemorativa, afinal de contas essa \u00e9 a nossa segunda melhor data em rela\u00e7\u00e3o \u00e0 atividade comercial\u201d, afirma.<\/p>\n<p>O presidente do Sindilojas tamb\u00e9m destaca dados da Confedera\u00e7\u00e3o Nacional do Com\u00e9rcio (CNC) que indicam um aumento nas vendas presenciais, elevando ainda mais as expectativas dos comerciantes quanto \u00e0 recupera\u00e7\u00e3o econ\u00f4mica frente aos desafios dos anos anteriores.<\/p>\n<p>\u201cN\u00f3s temos algumas pesquisas, tanto feitas pela CNC, como pesquisas internas da atividade comercial que indicam um crescimento em torno de 10%, em rela\u00e7\u00e3o ao ano de 2022. \u00c9 um crescimento bastante positivo, mesmo levando em considera\u00e7\u00e3o a infla\u00e7\u00e3o do per\u00edodo, \u00e9 um crescimento bem significativo\u201d destacou.<\/p>\n<\/p><\/div>\n","protected":false},"excerpt":{"rendered":"<p>Lojas do Centro Foto: Paulo Pincel Neste fim de semana do Dia das M\u00e3es o com\u00e9rcio em Teresina estar\u00e1 aberto normalmente na sexta-feira (12) e funcionar\u00e1 em hor\u00e1rio especial no&hellip; <\/p>\n","protected":false},"author":1,"featured_media":54541,"comment_status":"open","ping_status":"open","sticky":false,"template":"","format":"standard","meta":{"footnotes":""},"categories":[78],"tags":[],"class_list":["post-54540","post","type-post","status-publish","format-standard","has-post-thumbnail","hentry","category-teresina"],"_links":{"self":[{"href":"https:\/\/mpiaui.com.br\/antigo\/index.php?rest_route=\/wp\/v2\/posts\/54540","targetHints":{"allow":["GET"]}}],"collection":[{"href":"https:\/\/mpiaui.com.br\/antigo\/index.php?rest_route=\/wp\/v2\/posts"}],"about":[{"href":"https:\/\/mpiaui.com.br\/antigo\/index.php?rest_route=\/wp\/v2\/types\/post"}],"author":[{"embeddable":true,"href":"https:\/\/mpiaui.com.br\/antigo\/index.php?rest_route=\/wp\/v2\/users\/1"}],"replies":[{"embeddable":true,"href":"https:\/\/mpiaui.com.br\/antigo\/index.php?rest_route=%2Fwp%2Fv2%2Fcomments&post=54540"}],"version-history":[{"count":0,"href":"https:\/\/mpiaui.com.br\/antigo\/index.php?rest_route=\/wp\/v2\/posts\/54540\/revisions"}],"wp:featuredmedia":[{"embeddable":true,"href":"https:\/\/mpiaui.com.br\/antigo\/index.php?rest_route=\/wp\/v2\/media\/54541"}],"wp:attachment":[{"href":"https:\/\/mpiaui.com.br\/antigo\/index.php?rest_route=%2Fwp%2Fv2%2Fmedia&parent=54540"}],"wp:term":[{"taxonomy":"category","embeddable":true,"href":"https:\/\/mpiaui.com.br\/antigo\/index.php?rest_route=%2Fwp%2Fv2%2Fcategories&post=54540"},{"taxonomy":"post_tag","embeddable":true,"href":"https:\/\/mpiaui.com.br\/antigo\/index.php?rest_route=%2Fwp%2Fv2%2Ftags&post=54540"}],"curies":[{"name":"wp","href":"https:\/\/api.w.org\/{rel}","templated":true}]}}