{"id":54552,"date":"2023-05-11T11:12:46","date_gmt":"2023-05-11T14:12:46","guid":{"rendered":"https:\/\/mpiaui.com.br\/pt-lamenta-a-morte-de-joao-gualberto-um-dos-fudadores-do-partido-no-piaui\/"},"modified":"2023-05-11T11:12:46","modified_gmt":"2023-05-11T14:12:46","slug":"pt-lamenta-a-morte-de-joao-gualberto-um-dos-fudadores-do-partido-no-piaui","status":"publish","type":"post","link":"https:\/\/mpiaui.com.br\/antigo\/?p=54552","title":{"rendered":"PT lamenta a morte de Jo\u00e3o Gualberto, um dos fudadores do partido no Piau\u00ed"},"content":{"rendered":"<div>\n<p>\n                                                <img decoding=\"async\" src=\"https:\/\/piauihoje.com\/uploads\/imagens\/fv0gelfwiaa9mpt-1683813755.jpg\" alt=\"Jo\u00e3o Gualberto morre aos 78 anos\" style=\"width: 100% !important;\"\/>\n                                                <\/p>\n<p>\n                                                    <span>Jo\u00e3o Gualberto morre aos 78 anos<\/span><br \/>\n                                                    <span>Foto: Reprodu\u00e7\u00e3o<\/span>\n                                                <\/p>\n<p>O <strong>Partido dos Trabalhadores<\/strong> (PT) do Piau\u00ed lamentou, por meio de uma nota de pesar, <a href=\"https:\/\/piauihoje.com\/blogs\/blog-do-brandao\/morre-gualberto-soares-um-dos-fundadores-do-pt-no-piaui-415548.html\">a morte de <strong>Jo\u00e3o Gualberto dos Santos Sorares<\/strong>, aos 78 anos<\/a>. Ele foi um dos fundadores do partido no estado piauiense.<\/p>\n<p>\u201cPara n\u00f3s ficam as boas lembran\u00e7as de um companheiro aguerrido, que tanto contribuiu com a hist\u00f3ria do nosso Partido, nunca fugiu \u00e0 luta e nos deixa um grande legado\u201d, diz um trecho da nota.<\/p>\n<p>Jo\u00e3o Gualberto morreu por volta das 19h30min de quarta-feira (10), no <strong>Hospital S\u00e3o Marcos<\/strong>, em Teresina, onde foi operado e estava internado h\u00e1 quase dois meses. Gualberto foi internado para tratar de um c\u00e2ncer no est\u00f4mago e p\u00e2ncreas.<\/p>\n<p>O vel\u00f3rio do petista est\u00e1 acontecendo nesta quinta-feira (11), na <strong>Pax Uni\u00e3o<\/strong>, na avenida Miguel Rosa desde \u00e0s 8 horas. O sepultamento ser\u00e1 \u00e0s 16 horas, no <strong>Cemit\u00e9rio Santo Ant\u00f4nio<\/strong>, no bairro Buenos Aires.<\/p>\n<p><strong>Rafael Fonteles lamenta a morte do petista<br \/><\/strong><\/p>\n<p>Por meio das suas redes sociais, o governador <strong>Rafael Fonteles<\/strong> disse que recebeu com profunda tristeza a not\u00edcia do falecimento de Jo\u00e3o Gualberto.<\/p>\n<blockquote>\n<p>\u201cRecebi com profunda tristeza a not\u00edcia do falecimento de Jo\u00e3o Gualberto dos Santos Soares, militante hist\u00f3rico e um dos fundadores do PT no Piau\u00ed. Aos 78 anos, deixa um legado de dedica\u00e7\u00e3o ao partido, aos movimentos sindicais e \u00e0s causas sociais. Nossos sentimentos \u00e0 fam\u00edlia e aos companheiros de luta. Que Deus o receba em seu descanso\u201d, escreveu.<\/p>\n<\/blockquote>\n<p><strong>Confira a nota na \u00edntegra<\/strong><\/p>\n<p><img decoding=\"async\" src=\"https:\/\/piauihoje.com\/uploads\/editor\/whatsapp-image-2023-05-11-at-10_43cd1d918c0677fbc69f1d9aea4fdc8bae3abf9d.jpeg\" style=\"width: 800px;\" class=\"fr-fic fr-dib\"\/><\/p>\n<\/p><\/div>\n","protected":false},"excerpt":{"rendered":"<p>Jo\u00e3o Gualberto morre aos 78 anos Foto: Reprodu\u00e7\u00e3o O Partido dos Trabalhadores (PT) do Piau\u00ed lamentou, por meio de uma nota de pesar, a morte de Jo\u00e3o Gualberto dos Santos&hellip; <\/p>\n","protected":false},"author":1,"featured_media":54553,"comment_status":"open","ping_status":"open","sticky":false,"template":"","format":"standard","meta":{"footnotes":""},"categories":[78],"tags":[],"class_list":["post-54552","post","type-post","status-publish","format-standard","has-post-thumbnail","hentry","category-teresina"],"_links":{"self":[{"href":"https:\/\/mpiaui.com.br\/antigo\/index.php?rest_route=\/wp\/v2\/posts\/54552","targetHints":{"allow":["GET"]}}],"collection":[{"href":"https:\/\/mpiaui.com.br\/antigo\/index.php?rest_route=\/wp\/v2\/posts"}],"about":[{"href":"https:\/\/mpiaui.com.br\/antigo\/index.php?rest_route=\/wp\/v2\/types\/post"}],"author":[{"embeddable":true,"href":"https:\/\/mpiaui.com.br\/antigo\/index.php?rest_route=\/wp\/v2\/users\/1"}],"replies":[{"embeddable":true,"href":"https:\/\/mpiaui.com.br\/antigo\/index.php?rest_route=%2Fwp%2Fv2%2Fcomments&post=54552"}],"version-history":[{"count":0,"href":"https:\/\/mpiaui.com.br\/antigo\/index.php?rest_route=\/wp\/v2\/posts\/54552\/revisions"}],"wp:featuredmedia":[{"embeddable":true,"href":"https:\/\/mpiaui.com.br\/antigo\/index.php?rest_route=\/wp\/v2\/media\/54553"}],"wp:attachment":[{"href":"https:\/\/mpiaui.com.br\/antigo\/index.php?rest_route=%2Fwp%2Fv2%2Fmedia&parent=54552"}],"wp:term":[{"taxonomy":"category","embeddable":true,"href":"https:\/\/mpiaui.com.br\/antigo\/index.php?rest_route=%2Fwp%2Fv2%2Fcategories&post=54552"},{"taxonomy":"post_tag","embeddable":true,"href":"https:\/\/mpiaui.com.br\/antigo\/index.php?rest_route=%2Fwp%2Fv2%2Ftags&post=54552"}],"curies":[{"name":"wp","href":"https:\/\/api.w.org\/{rel}","templated":true}]}}