{"id":54558,"date":"2023-05-11T11:53:13","date_gmt":"2023-05-11T14:53:13","guid":{"rendered":"https:\/\/mpiaui.com.br\/piaui-e-o-1o-do-nordeste-a-assinar-o-pacto-nacional-pela-consciencia-vacinal\/"},"modified":"2023-05-11T11:53:13","modified_gmt":"2023-05-11T14:53:13","slug":"piaui-e-o-1o-do-nordeste-a-assinar-o-pacto-nacional-pela-consciencia-vacinal","status":"publish","type":"post","link":"https:\/\/mpiaui.com.br\/antigo\/?p=54558","title":{"rendered":"Piau\u00ed \u00e9 o 1\u00ba do Nordeste a assinar o Pacto Nacional Pela Consci\u00eancia Vacinal"},"content":{"rendered":"<div>\n<p>\n                                                <img decoding=\"async\" src=\"https:\/\/piauihoje.com\/uploads\/imagens\/dsc-4329-1536x1027-1683816058.jpg\" alt=\"Governador Rafael Fonteles assinando o documento\" style=\"width: 100% !important;\"\/>\n                                                <\/p>\n<p>\n                                                    <span>Governador Rafael Fonteles assinando o documento<\/span><br \/>\n                                                    <span>Foto: Divulga\u00e7\u00e3o<\/span>\n                                                <\/p>\n<p>O Piau\u00ed \u00e9 o primeiro estado do Nordeste a assinar o Pacto Nacional Pela Consci\u00eancia Vacinal. Na noite dessa quarta-feira (10), o<span style=\"color: rgb(0, 0, 0); font-family: \" open=\"\" sans=\"\" neue=\"\" helvetica=\"\" arial=\"\" sans-serif=\"\" font-size:=\"\" font-style:=\"\" normal=\"\" font-variant-ligatures:=\"\" font-variant-caps:=\"\" font-weight:=\"\" letter-spacing:=\"\" orphans:=\"\" text-align:=\"\" start=\"\" text-indent:=\"\" text-transform:=\"\" none=\"\" white-space:=\"\" widows:=\"\" word-spacing:=\"\" background-color:=\"\" rgb=\"\" text-decoration-thickness:=\"\" initial=\"\" text-decoration-style:=\"\" text-decoration-color:=\"\" display:=\"\" inline=\"\" float:=\"\">\u00a0governador Rafael Fonteles (PT) assinou o documento que firma\u00a0<\/span>compromisso com o Minist\u00e9rio P\u00fablico nas a\u00e7\u00f5es que ser\u00e3o realizadas para conscientizar a popula\u00e7\u00e3o acerca da import\u00e2ncia do Plano Nacional de Imuniza\u00e7\u00e3o (PNI).\u00a0<\/p>\n<p>A assinatura ocorreu durante a solenidade de abertura das reuni\u00f5es conjuntas do Conselho Nacional de Procuradores-Gerais do Minist\u00e9rio P\u00fablico dos Estados e da Uni\u00e3o (CNPG), do Grupo Nacional de Direitos Humanos (GNDH), do Grupo Nacional de Defesa do Consumidor (GNDC) e do Grupo Nacional de Execu\u00e7\u00e3o Penal (GNEP). O evento coletivo recebeu o nome de \u201cJunt@s \u2013 construindo o futuro e transformando realidades\u201d e est\u00e1 sendo realizado no Sesc Caju\u00edna, em Teresina.<\/p>\n<p><img decoding=\"async\" class=\"fr-dib\" src=\"https:\/\/piauihoje.com\/uploads\/editor\/1683816272082_fb7c6dfbcdca23e64ad8c62ba79355d949c46729.jpg\" style=\"width: 800px;\"\/><\/p>\n<p>O Pacto Nacional pela Consci\u00eancia Vacinal \u00e9 uma iniciativa do Conselho Nacional do Minist\u00e9rio P\u00fablico, por meio da Comiss\u00e3o de Sa\u00fade. O prop\u00f3sito \u00e9 conscientizar a popula\u00e7\u00e3o acerca da import\u00e2ncia da vacina\u00e7\u00e3o prevista no Plano Nacional de Imuniza\u00e7\u00e3o para a preven\u00e7\u00e3o de doen\u00e7as, visando \u00e0 retomada de \u00edndices seguros e homog\u00eaneos de cobertura vacinal em todo o territ\u00f3rio nacional.<\/p>\n<p>O governador destacou a import\u00e2ncia do Piau\u00ed aderir ao pacto. \u201cEssa \u00e9 uma causa que j\u00e1 defendemos e temos muito orgulho de participar dessa uni\u00e3o de esfor\u00e7os. Nossa meta \u00e9 retomar os \u00edndices do Plano Nacional de Imuniza\u00e7\u00e3o e agradecemos a todas as institui\u00e7\u00f5es que se somam para colaborar com esse est\u00edmulo \u00e0 popula\u00e7\u00e3o. Vacinem-se!\u201d, conclamou Rafael Fonteles.<\/p>\n<p>O procurador-geral de Justi\u00e7a do Piau\u00ed, Cleandro Moura, falou da ades\u00e3o do Governo do Estado ao pacto. \u201cSomos o primeiro do Nordeste a assinar e isso n\u00e3o se resume a uma assinatura, mas sim um comprometimento para a volta do Brasil aos altos n\u00edveis de imuniza\u00e7\u00e3o\u201d, disse o procurador.<\/p>\n<p><strong>Sesapi e outras institui\u00e7\u00f5es tamb\u00e9m assinam o pacto<\/strong><\/p>\n<p>O termo de ades\u00e3o ao Pacto Nacional Pela Consci\u00eancia Vacinal tamb\u00e9m foi assinado, em outro momento do evento, nessa quarta-feira (10), em atividade na sede do Minist\u00e9rio P\u00fablico do Piau\u00ed, pela diretora da Vigil\u00e2ncia Sanit\u00e1ria do Piau\u00ed (Divisa), Tatiana Chaves, que na ocasi\u00e3o representou o secret\u00e1rio de Estado da Sa\u00fade, Antonio Luiz.<\/p>\n<p><img decoding=\"async\" class=\"fr-dib\" src=\"https:\/\/piauihoje.com\/uploads\/editor\/1683816312431_635f10182d4e2eac348052c8060f9983231a6d23.jpg\" style=\"width: 800px;\"\/><\/p>\n<p>\u201cAcelerar os \u00edndices de vacina\u00e7\u00e3o no estado e conscientizar a popula\u00e7\u00e3o acerca dos benef\u00edcios da imuniza\u00e7\u00e3o \u00e9 uma prioridade da Sesapi. Com certeza, esta \u00e9 uma iniciativa e mais uma parceria firmada entre Governo do Estado e Minist\u00e9rio P\u00fablico do Piau\u00ed que vai contribuir para as melhorias de sa\u00fade de toda a popula\u00e7\u00e3o\u201d, ressaltou Tatiana Chaves.<\/p>\n<p>A iniciativa vai realizar campanhas de comunica\u00e7\u00e3o sobre a seguran\u00e7a e efic\u00e1cia das vacinas, atividades de car\u00e1ter educacional junto \u00e0s escolas, al\u00e9m de alertar sobre os riscos do retorno de doen\u00e7as j\u00e1 erradicadas no pa\u00eds, como var\u00edola e poliomielite, devido \u00e0 baixa cobertura vacinal.<\/p>\n<p style=\"margin: 0px;\"><em>Fonte: CCOM<\/em><\/p>\n<\/p><\/div>\n","protected":false},"excerpt":{"rendered":"<p>Governador Rafael Fonteles assinando o documento Foto: Divulga\u00e7\u00e3o O Piau\u00ed \u00e9 o primeiro estado do Nordeste a assinar o Pacto Nacional Pela Consci\u00eancia Vacinal. Na noite dessa quarta-feira (10), o\u00a0governador&hellip; <\/p>\n","protected":false},"author":1,"featured_media":54559,"comment_status":"open","ping_status":"open","sticky":false,"template":"","format":"standard","meta":{"footnotes":""},"categories":[78],"tags":[],"class_list":["post-54558","post","type-post","status-publish","format-standard","has-post-thumbnail","hentry","category-teresina"],"_links":{"self":[{"href":"https:\/\/mpiaui.com.br\/antigo\/index.php?rest_route=\/wp\/v2\/posts\/54558","targetHints":{"allow":["GET"]}}],"collection":[{"href":"https:\/\/mpiaui.com.br\/antigo\/index.php?rest_route=\/wp\/v2\/posts"}],"about":[{"href":"https:\/\/mpiaui.com.br\/antigo\/index.php?rest_route=\/wp\/v2\/types\/post"}],"author":[{"embeddable":true,"href":"https:\/\/mpiaui.com.br\/antigo\/index.php?rest_route=\/wp\/v2\/users\/1"}],"replies":[{"embeddable":true,"href":"https:\/\/mpiaui.com.br\/antigo\/index.php?rest_route=%2Fwp%2Fv2%2Fcomments&post=54558"}],"version-history":[{"count":0,"href":"https:\/\/mpiaui.com.br\/antigo\/index.php?rest_route=\/wp\/v2\/posts\/54558\/revisions"}],"wp:featuredmedia":[{"embeddable":true,"href":"https:\/\/mpiaui.com.br\/antigo\/index.php?rest_route=\/wp\/v2\/media\/54559"}],"wp:attachment":[{"href":"https:\/\/mpiaui.com.br\/antigo\/index.php?rest_route=%2Fwp%2Fv2%2Fmedia&parent=54558"}],"wp:term":[{"taxonomy":"category","embeddable":true,"href":"https:\/\/mpiaui.com.br\/antigo\/index.php?rest_route=%2Fwp%2Fv2%2Fcategories&post=54558"},{"taxonomy":"post_tag","embeddable":true,"href":"https:\/\/mpiaui.com.br\/antigo\/index.php?rest_route=%2Fwp%2Fv2%2Ftags&post=54558"}],"curies":[{"name":"wp","href":"https:\/\/api.w.org\/{rel}","templated":true}]}}