{"id":54560,"date":"2023-05-11T12:00:11","date_gmt":"2023-05-11T15:00:11","guid":{"rendered":"https:\/\/mpiaui.com.br\/semarh-apoiara-obras-para-ampliacao-da-cobertura-de-esgoto-em-teresina\/"},"modified":"2023-05-11T12:00:11","modified_gmt":"2023-05-11T15:00:11","slug":"semarh-apoiara-obras-para-ampliacao-da-cobertura-de-esgoto-em-teresina","status":"publish","type":"post","link":"https:\/\/mpiaui.com.br\/antigo\/?p=54560","title":{"rendered":"Semarh apoiar\u00e1 obras para amplia\u00e7\u00e3o da cobertura de esgoto em Teresina"},"content":{"rendered":"<p> [ad_1]<br \/>\n<\/p>\n<div>\n<p style=\"text-align: left;\">A Secretaria de Estado do Meio Ambiente e Recursos H\u00eddrico (Semarh) vai apoiar as novas obras da empresa \u00c1guas Teresina para o avan\u00e7o do esgotamento sanit\u00e1rio na capital piauiense, nos anos de 2023 e 2024. O an\u00fancio dos novos investimentos foi realizado, nessa quarta-feira (10), na Esta\u00e7\u00e3o de Tratamento de Esgoto (ETE Piraj\u00e1), com a presen\u00e7a de diretores da empresa e autoridades. O secret\u00e1rio de Estado do Meio Ambiente e Recursos H\u00eddricos, Daniel Oliveira, tamb\u00e9m esteve presente, al\u00e9m de diretores da pasta.<\/p>\n<p style=\"text-align: left;\">A cidade receber\u00e1 o maior pacote de obras de esgotamento desde o in\u00edcio da subconcess\u00e3o, beneficiando diretamente mais 480 mil teresinenses. Al\u00e9m de garantir mais saneamento b\u00e1sico \u00e0 popula\u00e7\u00e3o de Teresina, as obras ir\u00e3o gerar 525 postos de trabalho, movimentando a economia local.<\/p>\n<p style=\"text-align: left;\">O secret\u00e1rio do Meio Ambiente e Recursos H\u00eddricos destaca que a a\u00e7\u00e3o promove o avan\u00e7o do tratamento correto do esgoto, em respeito ao meio ambiente, com mais sustentabilidade, em benef\u00edcio da natureza e da popula\u00e7\u00e3o.<\/p>\n<div id=\"attachment_88049\" style=\"width: 1034px\" class=\"wp-caption alignnone\"><img decoding=\"async\" aria-describedby=\"caption-attachment-88049\" loading=\"lazy\" class=\"size-full wp-image-88049\" src=\"https:\/\/www.pi.gov.br\/wp-content\/uploads\/2023\/05\/WhatsApp-Image-2023-05-11-at-10.21.37.jpeg\" alt=\"\" width=\"1024\" height=\"818\" srcset=\"https:\/\/www.pi.gov.br\/wp-content\/uploads\/2023\/05\/WhatsApp-Image-2023-05-11-at-10.21.37.jpeg 1024w, https:\/\/www.pi.gov.br\/wp-content\/uploads\/2023\/05\/WhatsApp-Image-2023-05-11-at-10.21.37-730x583.jpeg 730w, https:\/\/www.pi.gov.br\/wp-content\/uploads\/2023\/05\/WhatsApp-Image-2023-05-11-at-10.21.37-768x614.jpeg 768w\" sizes=\"auto, (max-width: 1024px) 100vw, 1024px\"\/><\/p>\n<p id=\"caption-attachment-88049\" class=\"wp-caption-text\">Secret\u00e1rio da Semarh, Daniel Oliveira, e governador do Piau\u00ed, Rafael Fonteles<\/p>\n<\/div>\n<p style=\"text-align: left;\">Por meio dos investimentos, a \u00c1guas Teresina contribuir\u00e1 para o fim dos esgotos a c\u00e9u aberto na cidade, e para a melhoria das condi\u00e7\u00f5es sanit\u00e1rias e de sa\u00fade p\u00fablica na capital. Os rios Poti e Parna\u00edba tamb\u00e9m ser\u00e3o beneficiados, uma vez que as obras favorecem sua preserva\u00e7\u00e3o.<\/p>\n<p style=\"text-align: left;\">\u201cEm 2017, Teresina registrava cobertura de 19% quanto ao acesso ao esgotamento sanit\u00e1rio. Em 2024, chegaremos a 59%\u201d, garante Jacy Prado, diretor-presidente da empresa.<\/p>\n<p><img decoding=\"async\" loading=\"lazy\" class=\"alignnone size-full wp-image-88050\" src=\"https:\/\/www.pi.gov.br\/wp-content\/uploads\/2023\/05\/WhatsApp-Image-2023-05-11-at-10.21.36-2.jpeg\" alt=\"\" width=\"1024\" height=\"576\" srcset=\"https:\/\/www.pi.gov.br\/wp-content\/uploads\/2023\/05\/WhatsApp-Image-2023-05-11-at-10.21.36-2.jpeg 1024w, https:\/\/www.pi.gov.br\/wp-content\/uploads\/2023\/05\/WhatsApp-Image-2023-05-11-at-10.21.36-2-730x411.jpeg 730w, https:\/\/www.pi.gov.br\/wp-content\/uploads\/2023\/05\/WhatsApp-Image-2023-05-11-at-10.21.36-2-768x432.jpeg 768w\" sizes=\"auto, (max-width: 1024px) 100vw, 1024px\"\/><\/p>\n<p style=\"text-align: left;\">Al\u00e9m do secret\u00e1rio da Semarh, participaram do lan\u00e7amento, representando a pasta, o diretor de Regula\u00e7\u00e3o de Recursos H\u00eddricos<strong>, <\/strong>Fanuel Andrade; o diretor de Planejamento e Seguran\u00e7a H\u00eddrica, Igor Klaus; e os auditores fiscais ambientais T\u00e2nia Noleto e Jefferson Sousa.<\/p>\n<div id=\"attachment_88048\" style=\"width: 1034px\" class=\"wp-caption alignnone\"><img decoding=\"async\" aria-describedby=\"caption-attachment-88048\" loading=\"lazy\" class=\"size-full wp-image-88048\" src=\"https:\/\/www.pi.gov.br\/wp-content\/uploads\/2023\/05\/WhatsApp-Image-2023-05-11-at-10.21.36-1.jpeg\" alt=\"\" width=\"1024\" height=\"818\" srcset=\"https:\/\/www.pi.gov.br\/wp-content\/uploads\/2023\/05\/WhatsApp-Image-2023-05-11-at-10.21.36-1.jpeg 1024w, https:\/\/www.pi.gov.br\/wp-content\/uploads\/2023\/05\/WhatsApp-Image-2023-05-11-at-10.21.36-1-730x583.jpeg 730w, https:\/\/www.pi.gov.br\/wp-content\/uploads\/2023\/05\/WhatsApp-Image-2023-05-11-at-10.21.36-1-768x614.jpeg 768w\" sizes=\"auto, (max-width: 1024px) 100vw, 1024px\"\/><\/p>\n<p id=\"caption-attachment-88048\" class=\"wp-caption-text\">Equipe da Semarh, composta pelo secret\u00e1rio, diretores e auditores fiscais, participam do an\u00fancio das novas obras da \u00c1guas Teresina<\/p>\n<\/div><\/div>\n<p><script async=\"\" defer=\"\" crossorigin=\"anonymous\" src=\"https:\/\/connect.facebook.net\/pt_BR\/sdk.js#xfbml=1&#038;version=v3.3\"><\/script><br \/>\n<br \/>[ad_2]<\/p>\n","protected":false},"excerpt":{"rendered":"<p>[ad_1] A Secretaria de Estado do Meio Ambiente e Recursos H\u00eddrico (Semarh) vai apoiar as novas obras da empresa \u00c1guas Teresina para o avan\u00e7o do esgotamento sanit\u00e1rio na capital piauiense,&hellip; <\/p>\n","protected":false},"author":1,"featured_media":54561,"comment_status":"open","ping_status":"open","sticky":false,"template":"","format":"standard","meta":{"footnotes":""},"categories":[938],"tags":[],"class_list":["post-54560","post","type-post","status-publish","format-standard","has-post-thumbnail","hentry","category-governador"],"_links":{"self":[{"href":"https:\/\/mpiaui.com.br\/antigo\/index.php?rest_route=\/wp\/v2\/posts\/54560","targetHints":{"allow":["GET"]}}],"collection":[{"href":"https:\/\/mpiaui.com.br\/antigo\/index.php?rest_route=\/wp\/v2\/posts"}],"about":[{"href":"https:\/\/mpiaui.com.br\/antigo\/index.php?rest_route=\/wp\/v2\/types\/post"}],"author":[{"embeddable":true,"href":"https:\/\/mpiaui.com.br\/antigo\/index.php?rest_route=\/wp\/v2\/users\/1"}],"replies":[{"embeddable":true,"href":"https:\/\/mpiaui.com.br\/antigo\/index.php?rest_route=%2Fwp%2Fv2%2Fcomments&post=54560"}],"version-history":[{"count":0,"href":"https:\/\/mpiaui.com.br\/antigo\/index.php?rest_route=\/wp\/v2\/posts\/54560\/revisions"}],"wp:featuredmedia":[{"embeddable":true,"href":"https:\/\/mpiaui.com.br\/antigo\/index.php?rest_route=\/wp\/v2\/media\/54561"}],"wp:attachment":[{"href":"https:\/\/mpiaui.com.br\/antigo\/index.php?rest_route=%2Fwp%2Fv2%2Fmedia&parent=54560"}],"wp:term":[{"taxonomy":"category","embeddable":true,"href":"https:\/\/mpiaui.com.br\/antigo\/index.php?rest_route=%2Fwp%2Fv2%2Fcategories&post=54560"},{"taxonomy":"post_tag","embeddable":true,"href":"https:\/\/mpiaui.com.br\/antigo\/index.php?rest_route=%2Fwp%2Fv2%2Ftags&post=54560"}],"curies":[{"name":"wp","href":"https:\/\/api.w.org\/{rel}","templated":true}]}}