{"id":54562,"date":"2023-05-11T12:42:37","date_gmt":"2023-05-11T15:42:37","guid":{"rendered":"https:\/\/mpiaui.com.br\/semarh-realiza-evento-em-teresina-e-parnaiba-no-dia-das-maes\/"},"modified":"2023-05-11T12:42:37","modified_gmt":"2023-05-11T15:42:37","slug":"semarh-realiza-evento-em-teresina-e-parnaiba-no-dia-das-maes","status":"publish","type":"post","link":"https:\/\/mpiaui.com.br\/antigo\/?p=54562","title":{"rendered":"Semarh realiza evento em Teresina e Parna\u00edba no Dia das M\u00e3es"},"content":{"rendered":"<p> [ad_1]<br \/>\n<\/p>\n<div>\n<p>O Governo do Estado, por meio da Secretaria de Estado do Meio Ambiente e Recursos H\u00eddricos (Semarh), promover\u00e1 o projeto \u201cM\u00e3es no Parque\u201d, neste domingo (14), Dia das M\u00e3es. Em Teresina, as atividades ser\u00e3o no Parque da Cidadania e no Zoobot\u00e2nico, e em Parna\u00edba, na Lagoa do Portinho. A iniciativa traz a proposta de comemorar a data proporcionando \u00e0s m\u00e3es e a toda a comunidade uma experi\u00eancia \u00fanica de conex\u00e3o com a natureza, por meio de atividades variadas de educa\u00e7\u00e3o ambiental, pr\u00e1ticas sustent\u00e1veis, esporte e lazer, gratuitamente.<\/p>\n<p>Na abertura, haver\u00e1 uma apresenta\u00e7\u00e3o musical com saxofone em homenagem \u00e0s mulheres, que s\u00e3o o p\u00fablico-alvo do projeto, al\u00e9m de oficinas culin\u00e1rias, aulas de dan\u00e7a, palestras sobre as potencialidades da mulher, m\u00e3e e profissional, dentre outras a\u00e7\u00f5es. A programa\u00e7\u00e3o tamb\u00e9m contar\u00e1 com atividades voltadas para as crian\u00e7as, como pinturas de rosto, conta\u00e7\u00e3o de hist\u00f3rias infantis, brincadeiras com palha\u00e7os e animadores, apresenta\u00e7\u00f5es culturais e lanche.<\/p>\n<p><img decoding=\"async\" loading=\"lazy\" class=\"size-full wp-image-1980\" src=\"https:\/\/www.pi.gov.br\/wp-content\/uploads\/2019\/10\/12102019-IMG_1648.jpg\" alt=\"\" width=\"1080\" height=\"720\" srcset=\"https:\/\/www.pi.gov.br\/wp-content\/uploads\/2019\/10\/12102019-IMG_1648.jpg 1080w, https:\/\/www.pi.gov.br\/wp-content\/uploads\/2019\/10\/12102019-IMG_1648-730x487.jpg 730w, https:\/\/www.pi.gov.br\/wp-content\/uploads\/2019\/10\/12102019-IMG_1648-768x512.jpg 768w, https:\/\/www.pi.gov.br\/wp-content\/uploads\/2019\/10\/12102019-IMG_1648-1070x713.jpg 1070w, https:\/\/www.pi.gov.br\/wp-content\/uploads\/2019\/10\/12102019-IMG_1648-391x260.jpg 391w\" sizes=\"auto, (max-width: 1080px) 100vw, 1080px\"\/><\/p>\n<p>Em cada programa\u00e7\u00e3o, as crian\u00e7as ser\u00e3o acompanhadas por monitores, para que as m\u00e3es possam aproveitar o evento da melhor forma poss\u00edvel.<\/p>\n<p>O projeto \u201cM\u00e3es no Parque\u201d ser\u00e1 para toda a fam\u00edlia. Na ocasi\u00e3o, todos poder\u00e3o aproveitar os espa\u00e7os onde o projeto ser\u00e1 levado para realizarem piqueniques e encontros entre amigos. E o melhor: tudo isso em conex\u00e3o com a natureza e com sustentabilidade.<\/p>\n<p>Na capital piauiense, no Zoobot\u00e2nico, o evento ser\u00e1 realizado das 8h \u00e0s 12h; e no Parque da Cidadania, o projeto ser\u00e1 das 16h \u00e0s 19h. No litoral, em Parna\u00edba, a programa\u00e7\u00e3o ser\u00e1 promovida das 8h \u00e0s 12h, na Lagoa do Portinho.<\/p>\n<p>Confira mais detalhes da programa\u00e7\u00e3o por meio do perfil oficial da Semarh no Instagram: @semarhpiauioficial.<\/p>\n<p><img decoding=\"async\" loading=\"lazy\" class=\"size-full wp-image-88057 aligncenter\" src=\"https:\/\/www.pi.gov.br\/wp-content\/uploads\/2023\/05\/BANNER-SEMAH.png\" alt=\"\" width=\"525\" height=\"250\"\/><\/p>\n<\/p><\/div>\n<p><script async=\"\" defer=\"\" crossorigin=\"anonymous\" src=\"https:\/\/connect.facebook.net\/pt_BR\/sdk.js#xfbml=1&#038;version=v3.3\"><\/script><br \/>\n<br \/>[ad_2]<\/p>\n","protected":false},"excerpt":{"rendered":"<p>[ad_1] O Governo do Estado, por meio da Secretaria de Estado do Meio Ambiente e Recursos H\u00eddricos (Semarh), promover\u00e1 o projeto \u201cM\u00e3es no Parque\u201d, neste domingo (14), Dia das M\u00e3es.&hellip; <\/p>\n","protected":false},"author":1,"featured_media":54563,"comment_status":"open","ping_status":"open","sticky":false,"template":"","format":"standard","meta":{"footnotes":""},"categories":[938],"tags":[],"class_list":["post-54562","post","type-post","status-publish","format-standard","has-post-thumbnail","hentry","category-governador"],"_links":{"self":[{"href":"https:\/\/mpiaui.com.br\/antigo\/index.php?rest_route=\/wp\/v2\/posts\/54562","targetHints":{"allow":["GET"]}}],"collection":[{"href":"https:\/\/mpiaui.com.br\/antigo\/index.php?rest_route=\/wp\/v2\/posts"}],"about":[{"href":"https:\/\/mpiaui.com.br\/antigo\/index.php?rest_route=\/wp\/v2\/types\/post"}],"author":[{"embeddable":true,"href":"https:\/\/mpiaui.com.br\/antigo\/index.php?rest_route=\/wp\/v2\/users\/1"}],"replies":[{"embeddable":true,"href":"https:\/\/mpiaui.com.br\/antigo\/index.php?rest_route=%2Fwp%2Fv2%2Fcomments&post=54562"}],"version-history":[{"count":0,"href":"https:\/\/mpiaui.com.br\/antigo\/index.php?rest_route=\/wp\/v2\/posts\/54562\/revisions"}],"wp:featuredmedia":[{"embeddable":true,"href":"https:\/\/mpiaui.com.br\/antigo\/index.php?rest_route=\/wp\/v2\/media\/54563"}],"wp:attachment":[{"href":"https:\/\/mpiaui.com.br\/antigo\/index.php?rest_route=%2Fwp%2Fv2%2Fmedia&parent=54562"}],"wp:term":[{"taxonomy":"category","embeddable":true,"href":"https:\/\/mpiaui.com.br\/antigo\/index.php?rest_route=%2Fwp%2Fv2%2Fcategories&post=54562"},{"taxonomy":"post_tag","embeddable":true,"href":"https:\/\/mpiaui.com.br\/antigo\/index.php?rest_route=%2Fwp%2Fv2%2Ftags&post=54562"}],"curies":[{"name":"wp","href":"https:\/\/api.w.org\/{rel}","templated":true}]}}