{"id":54564,"date":"2023-05-11T13:03:23","date_gmt":"2023-05-11T16:03:23","guid":{"rendered":"https:\/\/mpiaui.com.br\/semarh-quer-tornar-nucleo-de-pesquisa-referencia-no-combate-a-degradacao-de-solos\/"},"modified":"2023-05-11T13:03:23","modified_gmt":"2023-05-11T16:03:23","slug":"semarh-quer-tornar-nucleo-de-pesquisa-referencia-no-combate-a-degradacao-de-solos","status":"publish","type":"post","link":"https:\/\/mpiaui.com.br\/antigo\/?p=54564","title":{"rendered":"Semarh quer tornar n\u00facleo de pesquisa refer\u00eancia no combate \u00e0 degrada\u00e7\u00e3o de solos"},"content":{"rendered":"<p> [ad_1]<br \/>\n<\/p>\n<div>\n<p>A Secretaria de Estado do Meio Ambiente e Recursos H\u00eddricos (Semarh) realizou, na ter\u00e7a-feira (9), mais uma visita t\u00e9cnica ao N\u00facleo de Pesquisa para Recupera\u00e7\u00e3o de \u00c1reas Degradadas (Nuperade), no munic\u00edpio de Gilbu\u00e9s.<\/p>\n<p>A atividade, conduzida pela auditora fiscal ambiental Aline Ara\u00fajo teve o objetivo de realizar parcerias na revitaliza\u00e7\u00e3o do n\u00facleo. Dessa vez, a visita ocorreu em conjunto com a Funda\u00e7\u00e3o Cultural e de Fomento \u00e0 Pesquisa, Ensino, Extens\u00e3o e Inova\u00e7\u00e3o (Fadex), que congrega, dentre outras as institui\u00e7\u00f5es, a Universidade Federal do Piau\u00ed (UFPI), o Instituto Federal do Piau\u00ed (IFPI) e a Universidade Federal do Delta do Parna\u00edba (UFDPar).<\/p>\n<p>Durante a visita t\u00e9cnica, auditores fiscais da Semarh avaliaram a situa\u00e7\u00e3o atual das estruturas ainda existentes e monitoraram, com o uso de drone, toda a \u00e1rea do Nuperade, que compreende cerca de 54 hectares, para fins de avalia\u00e7\u00e3o, mapeamento e aerolevantamento. Esse segundo trabalho foi executado pelo t\u00e9cnico de Geoprocessamento Marco Aur\u00e9lio Lira, do Centro de Geotecnologias (CGeo\/Semarh).<\/p>\n<p><img decoding=\"async\" loading=\"lazy\" class=\"alignnone size-full wp-image-88055\" src=\"https:\/\/www.pi.gov.br\/wp-content\/uploads\/2023\/05\/WhatsApp-Image-2023-05-10-at-12.24.12.jpeg\" alt=\"\" width=\"1600\" height=\"1200\" srcset=\"https:\/\/www.pi.gov.br\/wp-content\/uploads\/2023\/05\/WhatsApp-Image-2023-05-10-at-12.24.12.jpeg 1600w, https:\/\/www.pi.gov.br\/wp-content\/uploads\/2023\/05\/WhatsApp-Image-2023-05-10-at-12.24.12-730x548.jpeg 730w, https:\/\/www.pi.gov.br\/wp-content\/uploads\/2023\/05\/WhatsApp-Image-2023-05-10-at-12.24.12-1070x803.jpeg 1070w, https:\/\/www.pi.gov.br\/wp-content\/uploads\/2023\/05\/WhatsApp-Image-2023-05-10-at-12.24.12-768x576.jpeg 768w, https:\/\/www.pi.gov.br\/wp-content\/uploads\/2023\/05\/WhatsApp-Image-2023-05-10-at-12.24.12-1536x1152.jpeg 1536w\" sizes=\"auto, (max-width: 1600px) 100vw, 1600px\"\/><\/p>\n<p>Por meio da revitaliza\u00e7\u00e3o do Nuperade, a Semarh busca torn\u00e1-lo uma refer\u00eancia no combate aos efeitos adversos associados \u00e0 explora\u00e7\u00e3o predat\u00f3ria dos solos da regi\u00e3o e de \u00e1reas degradadas de modo geral. Para isso, ser\u00e3o feitas pesquisas no pr\u00f3prio n\u00facleo \u2013 que consiste num laborat\u00f3rio a c\u00e9u aberto \u2013 e pesquisas nos 16 munic\u00edpios identificados como mais suscet\u00edveis a desertifica\u00e7\u00e3o, inseridos na Chapada das Mangabeiras. Desse modo, ser\u00e1 promovida a identifica\u00e7\u00e3o e implementa\u00e7\u00e3o de tecnologias sociais na regi\u00e3o, assim como atividades de extens\u00e3o, por meio da dissemina\u00e7\u00e3o de informa\u00e7\u00e3o, conhecimento e inova\u00e7\u00e3o, como com a oferta de cursos promovidos pelas institui\u00e7\u00f5es parceiras.<\/p>\n<p>Essa a\u00e7\u00e3o da Semarh, assim como a atualiza\u00e7\u00e3o do Plano Estadual de Combate \u00e0 Desertifica\u00e7\u00e3o e \u00c1reas Degradadas, comp\u00f5e a Meta 15, que compete \u00e0 pasta, de acordo com o plano de governo da atual gest\u00e3o do Estado.<\/p>\n<p>O espa\u00e7o do Nuperade \u00e9 localizado estrategicamente entre tr\u00eas unidades de conserva\u00e7\u00e3o: APA das Nascentes do Rio Parna\u00edba (federal), APA dos Altos Cursos dos Rios Gurgu\u00e9ia e Uru\u00e7u\u00ed Vermelho (estadual), e APA das Nascentes do Rio Uru\u00e7u\u00ed Preto (estadual). Por conta disso, o local ser\u00e1 utilizado como base para a\u00e7\u00f5es de fiscaliza\u00e7\u00e3o ambiental na regi\u00e3o.<\/p>\n<\/p><\/div>\n<p><script async=\"\" defer=\"\" crossorigin=\"anonymous\" src=\"https:\/\/connect.facebook.net\/pt_BR\/sdk.js#xfbml=1&#038;version=v3.3\"><\/script><br \/>\n<br \/>[ad_2]<\/p>\n","protected":false},"excerpt":{"rendered":"<p>[ad_1] A Secretaria de Estado do Meio Ambiente e Recursos H\u00eddricos (Semarh) realizou, na ter\u00e7a-feira (9), mais uma visita t\u00e9cnica ao N\u00facleo de Pesquisa para Recupera\u00e7\u00e3o de \u00c1reas Degradadas (Nuperade),&hellip; <\/p>\n","protected":false},"author":1,"featured_media":54565,"comment_status":"open","ping_status":"open","sticky":false,"template":"","format":"standard","meta":{"footnotes":""},"categories":[938],"tags":[],"class_list":["post-54564","post","type-post","status-publish","format-standard","has-post-thumbnail","hentry","category-governador"],"_links":{"self":[{"href":"https:\/\/mpiaui.com.br\/antigo\/index.php?rest_route=\/wp\/v2\/posts\/54564","targetHints":{"allow":["GET"]}}],"collection":[{"href":"https:\/\/mpiaui.com.br\/antigo\/index.php?rest_route=\/wp\/v2\/posts"}],"about":[{"href":"https:\/\/mpiaui.com.br\/antigo\/index.php?rest_route=\/wp\/v2\/types\/post"}],"author":[{"embeddable":true,"href":"https:\/\/mpiaui.com.br\/antigo\/index.php?rest_route=\/wp\/v2\/users\/1"}],"replies":[{"embeddable":true,"href":"https:\/\/mpiaui.com.br\/antigo\/index.php?rest_route=%2Fwp%2Fv2%2Fcomments&post=54564"}],"version-history":[{"count":0,"href":"https:\/\/mpiaui.com.br\/antigo\/index.php?rest_route=\/wp\/v2\/posts\/54564\/revisions"}],"wp:featuredmedia":[{"embeddable":true,"href":"https:\/\/mpiaui.com.br\/antigo\/index.php?rest_route=\/wp\/v2\/media\/54565"}],"wp:attachment":[{"href":"https:\/\/mpiaui.com.br\/antigo\/index.php?rest_route=%2Fwp%2Fv2%2Fmedia&parent=54564"}],"wp:term":[{"taxonomy":"category","embeddable":true,"href":"https:\/\/mpiaui.com.br\/antigo\/index.php?rest_route=%2Fwp%2Fv2%2Fcategories&post=54564"},{"taxonomy":"post_tag","embeddable":true,"href":"https:\/\/mpiaui.com.br\/antigo\/index.php?rest_route=%2Fwp%2Fv2%2Ftags&post=54564"}],"curies":[{"name":"wp","href":"https:\/\/api.w.org\/{rel}","templated":true}]}}