{"id":54566,"date":"2023-05-11T14:09:17","date_gmt":"2023-05-11T17:09:17","guid":{"rendered":"https:\/\/mpiaui.com.br\/projeto-sobre-saude-visual-vai-beneficiar-5-mil-criancas-e-adolescentes-de-teresina\/"},"modified":"2023-05-11T14:09:17","modified_gmt":"2023-05-11T17:09:17","slug":"projeto-sobre-saude-visual-vai-beneficiar-5-mil-criancas-e-adolescentes-de-teresina","status":"publish","type":"post","link":"https:\/\/mpiaui.com.br\/antigo\/?p=54566","title":{"rendered":"Projeto sobre sa\u00fade visual vai beneficiar 5 mil crian\u00e7as e adolescentes de Teresina"},"content":{"rendered":"<p> [ad_1]<br \/>\n<\/p>\n<div>\n<p>A terceira edi\u00e7\u00e3o do Cidade Inclusiva come\u00e7ou nesta quinta-feira (11), com abertura solene que contou com a participa\u00e7\u00e3o de diversas autoridades, como a primeira-dama do Estado, Isabel Fonteles, o presidente da Assembleia Legislativa do Piau\u00ed, Franz\u00e9 Silva, e os deputados estaduais Dr. Vin\u00edcius Nascimento e F\u00e1bio Novo, al\u00e9m de entidades e pessoas com defici\u00eancia. O evento ocorre at\u00e9 esta sexta (12), no CEEP Prefeito Jo\u00e3o Mendes Ol\u00edmpio de Melo \u2013 Premen, na zona norte de Teresina.<\/p>\n<p>Na ocasi\u00e3o, o secret\u00e1rio para Inclus\u00e3o da Pessoa com Defici\u00eancia (Seid), Mauro Eduardo, apresentou o Projeto Viver, que ser\u00e1 executado atrav\u00e9s de uma parceria entre a Seid, a Funda\u00e7\u00e3o Cultural e de Fomento \u00e0 Pesquisa, Ensino, Extens\u00e3o e Inova\u00e7\u00e3o (FADEX) e o deputado Dr. Vin\u00edcius.<\/p>\n<p><img decoding=\"async\" loading=\"lazy\" class=\"size-medium wp-image-88085 aligncenter\" src=\"https:\/\/www.pi.gov.br\/wp-content\/uploads\/2023\/05\/WhatsApp-Image-2023-05-11-at-13.35.44-730x486.jpeg\" alt=\"\" width=\"730\" height=\"486\" srcset=\"https:\/\/www.pi.gov.br\/wp-content\/uploads\/2023\/05\/WhatsApp-Image-2023-05-11-at-13.35.44-730x486.jpeg 730w, https:\/\/www.pi.gov.br\/wp-content\/uploads\/2023\/05\/WhatsApp-Image-2023-05-11-at-13.35.44-1070x713.jpeg 1070w, https:\/\/www.pi.gov.br\/wp-content\/uploads\/2023\/05\/WhatsApp-Image-2023-05-11-at-13.35.44-768x512.jpeg 768w, https:\/\/www.pi.gov.br\/wp-content\/uploads\/2023\/05\/WhatsApp-Image-2023-05-11-at-13.35.44-391x260.jpeg 391w, https:\/\/www.pi.gov.br\/wp-content\/uploads\/2023\/05\/WhatsApp-Image-2023-05-11-at-13.35.44-1536x1023.jpeg 1536w, https:\/\/www.pi.gov.br\/wp-content\/uploads\/2023\/05\/WhatsApp-Image-2023-05-11-at-13.35.44.jpeg 1600w\" sizes=\"auto, (max-width: 730px) 100vw, 730px\"\/><\/p>\n<p>De acordo com o gestor, ser\u00e3o selecionados 5 mil crian\u00e7as e adolescentes em situa\u00e7\u00e3o de vulnerabilidade social, que ser\u00e3o beneficiadas com realiza\u00e7\u00e3o de consultas e exames para avaliar a sa\u00fade visual e identificar poss\u00edveis erros refrativos, permitindo o tratamento adequado e assegurando o bem-estar da crian\u00e7a e do adolescente.<\/p>\n<p>O intuito do projeto \u00e9 contribuir para a conscientiza\u00e7\u00e3o sobre a import\u00e2ncia dos cuidados visuais, promover o diagn\u00f3stico precoce de problemas de vis\u00e3o em crian\u00e7as e adolescentes (como miopia, hipermetropia, astigmatismo, ambliopia e estrabismo), aumentar a ades\u00e3o aos exames oftalmol\u00f3gicos regulares e incentivar o uso correto de \u00f3culos prescritos pelo oftalmologista.<\/p>\n<p>Al\u00e9m da entrega de 2.100 \u00f3rteses e pr\u00f3teses oculares, o projeto realizar\u00e1 palestras e campanhas educativas sobre a import\u00e2ncia dos cuidados visuais e o papel do oftalmologista na sa\u00fade visual das crian\u00e7as e adolescentes.<\/p>\n<div id=\"attachment_88070\" style=\"width: 740px\" class=\"wp-caption aligncenter\"><img decoding=\"async\" aria-describedby=\"caption-attachment-88070\" loading=\"lazy\" class=\"size-medium wp-image-88070\" src=\"https:\/\/www.pi.gov.br\/wp-content\/uploads\/2023\/05\/IMG_7202-730x487.jpg\" alt=\"\" width=\"730\" height=\"487\" srcset=\"https:\/\/www.pi.gov.br\/wp-content\/uploads\/2023\/05\/IMG_7202-730x487.jpg 730w, https:\/\/www.pi.gov.br\/wp-content\/uploads\/2023\/05\/IMG_7202-1070x713.jpg 1070w, https:\/\/www.pi.gov.br\/wp-content\/uploads\/2023\/05\/IMG_7202-768x512.jpg 768w, https:\/\/www.pi.gov.br\/wp-content\/uploads\/2023\/05\/IMG_7202-391x260.jpg 391w, https:\/\/www.pi.gov.br\/wp-content\/uploads\/2023\/05\/IMG_7202-1536x1024.jpg 1536w, https:\/\/www.pi.gov.br\/wp-content\/uploads\/2023\/05\/IMG_7202.jpg 1620w\" sizes=\"auto, (max-width: 730px) 100vw, 730px\"\/><\/p>\n<p id=\"caption-attachment-88070\" class=\"wp-caption-text\">Cidade Inclusiva \u2013 terceira edi\u00e7\u00e3o<\/p>\n<\/div>\n<p>\u00a0<\/p>\n<p><strong>Cidade Inclusiva<\/strong><\/p>\n<p>O evento \u00e9 promovido pelo Governo do Piau\u00ed, por meio da Secretaria para Inclus\u00e3o da Pessoa com Defici\u00eancia (Seid), em parceria com o Conselho Estadual de Defesa dos Direitos das Pessoas com Defici\u00eancia (Conede-PI) e com o Minist\u00e9rio dos Direitos Humanos e da Cidadania.<\/p>\n<p>O projeto Cidade Inclusiva acontece em quatro edi\u00e7\u00f5es na capital, uma em cada regi\u00e3o de Teresina. A programa\u00e7\u00e3o conta com servi\u00e7os, palestras, apresenta\u00e7\u00f5es e exposi\u00e7\u00f5es. O objetivo \u00e9 facilitar a socializa\u00e7\u00e3o das informa\u00e7\u00f5es e o acesso aos servi\u00e7os prestados pelas redes\u00a0p\u00fablica e privada de aten\u00e7\u00e3o \u00e0s pessoas com defici\u00eancia e demais parceiros.<\/p>\n<p>Segundo Mauro Eduardo, o evento vai construir, ao final das quatro edi\u00e7\u00f5es, uma carta compromisso para uma Teresina mais inclusiva. \u201cEstamos colhendo propostas de todos os participantes do Cidade Inclusiva para que, juntos, possamos tornar nossa capital uma cidade para todos, sem deixar ningu\u00e9m para tr\u00e1s\u201c, ressaltou Mauro.<\/p>\n<p>\u00a0<\/p>\n<\/p><\/div>\n<p><script async=\"\" defer=\"\" crossorigin=\"anonymous\" src=\"https:\/\/connect.facebook.net\/pt_BR\/sdk.js#xfbml=1&#038;version=v3.3\"><\/script><br \/>\n<br \/>[ad_2]<\/p>\n","protected":false},"excerpt":{"rendered":"<p>[ad_1] A terceira edi\u00e7\u00e3o do Cidade Inclusiva come\u00e7ou nesta quinta-feira (11), com abertura solene que contou com a participa\u00e7\u00e3o de diversas autoridades, como a primeira-dama do Estado, Isabel Fonteles, o&hellip; <\/p>\n","protected":false},"author":1,"featured_media":54567,"comment_status":"open","ping_status":"open","sticky":false,"template":"","format":"standard","meta":{"footnotes":""},"categories":[938],"tags":[],"class_list":["post-54566","post","type-post","status-publish","format-standard","has-post-thumbnail","hentry","category-governador"],"_links":{"self":[{"href":"https:\/\/mpiaui.com.br\/antigo\/index.php?rest_route=\/wp\/v2\/posts\/54566","targetHints":{"allow":["GET"]}}],"collection":[{"href":"https:\/\/mpiaui.com.br\/antigo\/index.php?rest_route=\/wp\/v2\/posts"}],"about":[{"href":"https:\/\/mpiaui.com.br\/antigo\/index.php?rest_route=\/wp\/v2\/types\/post"}],"author":[{"embeddable":true,"href":"https:\/\/mpiaui.com.br\/antigo\/index.php?rest_route=\/wp\/v2\/users\/1"}],"replies":[{"embeddable":true,"href":"https:\/\/mpiaui.com.br\/antigo\/index.php?rest_route=%2Fwp%2Fv2%2Fcomments&post=54566"}],"version-history":[{"count":0,"href":"https:\/\/mpiaui.com.br\/antigo\/index.php?rest_route=\/wp\/v2\/posts\/54566\/revisions"}],"wp:featuredmedia":[{"embeddable":true,"href":"https:\/\/mpiaui.com.br\/antigo\/index.php?rest_route=\/wp\/v2\/media\/54567"}],"wp:attachment":[{"href":"https:\/\/mpiaui.com.br\/antigo\/index.php?rest_route=%2Fwp%2Fv2%2Fmedia&parent=54566"}],"wp:term":[{"taxonomy":"category","embeddable":true,"href":"https:\/\/mpiaui.com.br\/antigo\/index.php?rest_route=%2Fwp%2Fv2%2Fcategories&post=54566"},{"taxonomy":"post_tag","embeddable":true,"href":"https:\/\/mpiaui.com.br\/antigo\/index.php?rest_route=%2Fwp%2Fv2%2Ftags&post=54566"}],"curies":[{"name":"wp","href":"https:\/\/api.w.org\/{rel}","templated":true}]}}