{"id":54574,"date":"2023-05-11T15:13:31","date_gmt":"2023-05-11T18:13:31","guid":{"rendered":"https:\/\/mpiaui.com.br\/secretarias-celebram-dia-das-maes-no-palacio-de-karnak\/"},"modified":"2023-05-11T15:13:31","modified_gmt":"2023-05-11T18:13:31","slug":"secretarias-celebram-dia-das-maes-no-palacio-de-karnak","status":"publish","type":"post","link":"https:\/\/mpiaui.com.br\/antigo\/?p=54574","title":{"rendered":"Secretarias celebram Dia das M\u00e3es no Pal\u00e1cio de Karnak"},"content":{"rendered":"<p> [ad_1]<br \/>\n<\/p>\n<div>\n<p>As servidoras\u00a0 e m\u00e3es das secretarias de Governo e de Rela\u00e7\u00f5es Sociais, Gabinete da Governadoria, Vice-Governadoria, Gabinete Militar e da Coordenadoria de Comunica\u00e7\u00e3o receberam uma bela homenagem na manh\u00e3 desta quinta-feira (11), no Pal\u00e1cio de Karnak. O evento foi organizado pelo Comit\u00ea de Qualidade de Vida da Secretaria de Governo e reuniu mais de 200 servidoras.<\/p>\n<p>\u201cN\u00e3o h\u00e1 nada que materialize mais o amor de Cristo do que a m\u00e3e. O amor puro que, independente de reciprocidade, \u00e9 gratuito. N\u00e3o h\u00e1 nada mais acolhedor, do que o colo de m\u00e3e. Aproveito aqui para parabenizar todas as servidoras\u201d, disse o secret\u00e1rio de Governo, Marcelo Nolleto.<\/p>\n<p>Na oportunidade a primeira-dama e coordenadora do Pacto pelas Crian\u00e7as do Piau\u00ed, Isabel Fonteles, ressaltou o seu compromisso com as m\u00e3es piauienses.\u201cNosso compromisso \u00e9 com as crian\u00e7as e, tamb\u00e9m, com as m\u00e3es piauienses. Na sa\u00fade, por exemplo, iremos atuar no fortalecimento da rede materno infantil, garantindo um pr\u00e9-natal adequado para as gestantes e consultas pedi\u00e1tricas para as crian\u00e7as, diminuindo, assim, a mortalidade materno-infantil\u201d, declarou a primeira-dama, parabenizando todas as m\u00e3es servidoras do Estado.<\/p>\n<p>Participaram tamb\u00e9m da festa, as m\u00e3es do governador Rafael Fonteles, Nereida Fonteles; do secret\u00e1rio Marcelo Nolleto, Evanilde Nunes; e a esposa do secret\u00e1rio, Rosyane Rocha. Durante a solenidade, quatro m\u00e3es da Secretaria de Governo foram homenageadas: An\u00fazia Pires (diretoria de Atos), Raimunda Oliveira (copeira do Karnak), Discerlene Alves (servi\u00e7os gerais Karnakinho) e Antonia Rocha (m\u00e3e do jardineiro, Pedrinho).<\/p>\n<p>As m\u00e3es foram recepcionadas ao som do saxofonista Darcyel, em seguida, teve a apresenta\u00e7\u00e3o da cantora Soraya Castelo Branco, voz e viol\u00e3o. Um mural com fotos das servidoras com seus filhos foi montado e cada uma recebeu sua foto revelada numa moldura especial.<\/p>\n<\/p><\/div>\n<p><script async=\"\" defer=\"\" crossorigin=\"anonymous\" src=\"https:\/\/connect.facebook.net\/pt_BR\/sdk.js#xfbml=1&#038;version=v3.3\"><\/script><br \/>\n<br \/>[ad_2]<\/p>\n","protected":false},"excerpt":{"rendered":"<p>[ad_1] As servidoras\u00a0 e m\u00e3es das secretarias de Governo e de Rela\u00e7\u00f5es Sociais, Gabinete da Governadoria, Vice-Governadoria, Gabinete Militar e da Coordenadoria de Comunica\u00e7\u00e3o receberam uma bela homenagem na manh\u00e3&hellip; <\/p>\n","protected":false},"author":1,"featured_media":54575,"comment_status":"open","ping_status":"open","sticky":false,"template":"","format":"standard","meta":{"footnotes":""},"categories":[938],"tags":[],"class_list":["post-54574","post","type-post","status-publish","format-standard","has-post-thumbnail","hentry","category-governador"],"_links":{"self":[{"href":"https:\/\/mpiaui.com.br\/antigo\/index.php?rest_route=\/wp\/v2\/posts\/54574","targetHints":{"allow":["GET"]}}],"collection":[{"href":"https:\/\/mpiaui.com.br\/antigo\/index.php?rest_route=\/wp\/v2\/posts"}],"about":[{"href":"https:\/\/mpiaui.com.br\/antigo\/index.php?rest_route=\/wp\/v2\/types\/post"}],"author":[{"embeddable":true,"href":"https:\/\/mpiaui.com.br\/antigo\/index.php?rest_route=\/wp\/v2\/users\/1"}],"replies":[{"embeddable":true,"href":"https:\/\/mpiaui.com.br\/antigo\/index.php?rest_route=%2Fwp%2Fv2%2Fcomments&post=54574"}],"version-history":[{"count":0,"href":"https:\/\/mpiaui.com.br\/antigo\/index.php?rest_route=\/wp\/v2\/posts\/54574\/revisions"}],"wp:featuredmedia":[{"embeddable":true,"href":"https:\/\/mpiaui.com.br\/antigo\/index.php?rest_route=\/wp\/v2\/media\/54575"}],"wp:attachment":[{"href":"https:\/\/mpiaui.com.br\/antigo\/index.php?rest_route=%2Fwp%2Fv2%2Fmedia&parent=54574"}],"wp:term":[{"taxonomy":"category","embeddable":true,"href":"https:\/\/mpiaui.com.br\/antigo\/index.php?rest_route=%2Fwp%2Fv2%2Fcategories&post=54574"},{"taxonomy":"post_tag","embeddable":true,"href":"https:\/\/mpiaui.com.br\/antigo\/index.php?rest_route=%2Fwp%2Fv2%2Ftags&post=54574"}],"curies":[{"name":"wp","href":"https:\/\/api.w.org\/{rel}","templated":true}]}}