{"id":54578,"date":"2023-05-11T15:34:14","date_gmt":"2023-05-11T18:34:14","guid":{"rendered":"https:\/\/mpiaui.com.br\/projeto-da-seduc-promove-discussao-sobre-a-igualdade-racial-e-direitos-humanos\/"},"modified":"2023-05-11T15:34:14","modified_gmt":"2023-05-11T18:34:14","slug":"projeto-da-seduc-promove-discussao-sobre-a-igualdade-racial-e-direitos-humanos","status":"publish","type":"post","link":"https:\/\/mpiaui.com.br\/antigo\/?p=54578","title":{"rendered":"Projeto da Seduc promove discuss\u00e3o sobre a Igualdade Racial e Direitos Humanos"},"content":{"rendered":"<p> [ad_1]<br \/>\n<\/p>\n<div>\n<p style=\"text-align: left;\">O projeto educacional \u201cEstudar Pode Ser Leve\u201d trouxe aos estudantes, professores, gestores e demais profissionais da rede estadual de ensino mais uma palestra do quadro \u201cDia de Papear\u201d, durante a manh\u00e3 dessa quinta-feira (11), abordando o tema \u201cDireitos Humanos e Promo\u00e7\u00e3o da Igualdade Racial\u201d.<\/p>\n<p style=\"text-align: left;\">O bate-papo, transmitido pelo Canal Educa\u00e7\u00e3o, foi mediado pela assistente social da Secretaria de Estado da Educa\u00e7\u00e3o (Seduc), Ana Carolina Dam\u00e1sio, contando como convidada a fundadora do grupo de Cultura Afro Afox\u00e1, mestre em educa\u00e7\u00e3o, especialista em educa\u00e7\u00e3o de G\u00eanero e Afrodescend\u00eancia e licenciada em educa\u00e7\u00e3o art\u00edstica pela Universidade Federal do Piau\u00ed (UFPI), Artenilde Silva.<\/p>\n<p style=\"text-align: left;\">Na ocasi\u00e3o foram discutidas tem\u00e1ticas sobre o sistema de cotas para promo\u00e7\u00e3o da igualdade racial, pr\u00e1ticas de racismo, medidas a serem tomadas para combater o racismo e express\u00f5es racistas utilizadas no vocabul\u00e1rio. Ana Carolina destacou a import\u00e2ncia de conscientizar os estudantes quanto a tem\u00e1ticas como essa. \u201cO foco do nosso bate-papo foi realmente esse trabalho de conscientiza\u00e7\u00e3o da juventude e dos estudantes sobre qual foi \u00e0 caminhada feita para a promo\u00e7\u00e3o da igualdade racial, quais s\u00e3o as a\u00e7\u00f5es atuais e que de fato est\u00e3o ocorrendo para a promo\u00e7\u00e3o da igualdade racial e os seus avan\u00e7os\u201d, declara a assistente social.<\/p>\n<p><img decoding=\"async\" loading=\"lazy\" class=\"size-medium wp-image-88217 aligncenter\" src=\"https:\/\/www.pi.gov.br\/wp-content\/uploads\/2023\/05\/01-2-730x410.jpeg\" alt=\"\" width=\"730\" height=\"410\" srcset=\"https:\/\/www.pi.gov.br\/wp-content\/uploads\/2023\/05\/01-2-730x410.jpeg 730w, https:\/\/www.pi.gov.br\/wp-content\/uploads\/2023\/05\/01-2-1070x602.jpeg 1070w, https:\/\/www.pi.gov.br\/wp-content\/uploads\/2023\/05\/01-2-768x432.jpeg 768w, https:\/\/www.pi.gov.br\/wp-content\/uploads\/2023\/05\/01-2-1536x864.jpeg 1536w, https:\/\/www.pi.gov.br\/wp-content\/uploads\/2023\/05\/01-2.jpeg 1599w\" sizes=\"auto, (max-width: 730px) 100vw, 730px\"\/><\/p>\n<p style=\"text-align: left;\">A especialista em educa\u00e7\u00e3o de G\u00eanero e Afrodescend\u00eancia, Artenilde Silva, considera necess\u00e1rio trazer a discuss\u00e3o sobre direitos humanos para as escolas. \u201cAs pessoas continuam sendo colocadas \u00e0 margem por desrespeito a esses direitos, ent\u00e3o \u00e9 necess\u00e1rio um espa\u00e7o de aprender como a escola, o aprender formal. \u00c9 necess\u00e1rio termos essas discuss\u00f5es inclusive para autoidentifica\u00e7\u00e3o. Eu preciso me reconhecer neste lugar quando eu sou pessoa preta, ou LGBTQIAPN+, ind\u00edgena, cigana, para conhecer quais s\u00e3o os meus direitos, exatamente para eu poder me colocar nesse mundo. Ent\u00e3o se faz importante a promo\u00e7\u00e3o da igualdade racial e que ela seja cada dia mais conhecida, defendida e pautada dentro da escola e em todos os lugares\u201d, detalha a educadora.<\/p>\n<p style=\"text-align: left;\">O projeto \u201cEstudar Pode Ser Leve\u201d tem trazido uma s\u00e9rie de bate-papos com profissionais abordando diversos assuntos, como acolhimento e inclus\u00e3o social, viol\u00eancia contra a mulher e empoderamento, abuso e explora\u00e7\u00e3o sexual contra crian\u00e7as e adolescentes, sa\u00fade mental, dentre outros.<\/p>\n<p style=\"text-align: left;\">\n<img decoding=\"async\" loading=\"lazy\" class=\"size-medium wp-image-88216 aligncenter\" src=\"https:\/\/www.pi.gov.br\/wp-content\/uploads\/2023\/05\/02-1-730x410.jpeg\" alt=\"\" width=\"730\" height=\"410\" srcset=\"https:\/\/www.pi.gov.br\/wp-content\/uploads\/2023\/05\/02-1-730x410.jpeg 730w, https:\/\/www.pi.gov.br\/wp-content\/uploads\/2023\/05\/02-1-1070x602.jpeg 1070w, https:\/\/www.pi.gov.br\/wp-content\/uploads\/2023\/05\/02-1-768x432.jpeg 768w, https:\/\/www.pi.gov.br\/wp-content\/uploads\/2023\/05\/02-1-1536x864.jpeg 1536w, https:\/\/www.pi.gov.br\/wp-content\/uploads\/2023\/05\/02-1.jpeg 1599w\" sizes=\"auto, (max-width: 730px) 100vw, 730px\"\/><\/p>\n<\/p><\/div>\n<p><script async=\"\" defer=\"\" crossorigin=\"anonymous\" src=\"https:\/\/connect.facebook.net\/pt_BR\/sdk.js#xfbml=1&#038;version=v3.3\"><\/script><br \/>\n<br \/>[ad_2]<\/p>\n","protected":false},"excerpt":{"rendered":"<p>[ad_1] O projeto educacional \u201cEstudar Pode Ser Leve\u201d trouxe aos estudantes, professores, gestores e demais profissionais da rede estadual de ensino mais uma palestra do quadro \u201cDia de Papear\u201d, durante&hellip; <\/p>\n","protected":false},"author":1,"featured_media":54579,"comment_status":"open","ping_status":"open","sticky":false,"template":"","format":"standard","meta":{"footnotes":""},"categories":[938],"tags":[],"class_list":["post-54578","post","type-post","status-publish","format-standard","has-post-thumbnail","hentry","category-governador"],"_links":{"self":[{"href":"https:\/\/mpiaui.com.br\/antigo\/index.php?rest_route=\/wp\/v2\/posts\/54578","targetHints":{"allow":["GET"]}}],"collection":[{"href":"https:\/\/mpiaui.com.br\/antigo\/index.php?rest_route=\/wp\/v2\/posts"}],"about":[{"href":"https:\/\/mpiaui.com.br\/antigo\/index.php?rest_route=\/wp\/v2\/types\/post"}],"author":[{"embeddable":true,"href":"https:\/\/mpiaui.com.br\/antigo\/index.php?rest_route=\/wp\/v2\/users\/1"}],"replies":[{"embeddable":true,"href":"https:\/\/mpiaui.com.br\/antigo\/index.php?rest_route=%2Fwp%2Fv2%2Fcomments&post=54578"}],"version-history":[{"count":0,"href":"https:\/\/mpiaui.com.br\/antigo\/index.php?rest_route=\/wp\/v2\/posts\/54578\/revisions"}],"wp:featuredmedia":[{"embeddable":true,"href":"https:\/\/mpiaui.com.br\/antigo\/index.php?rest_route=\/wp\/v2\/media\/54579"}],"wp:attachment":[{"href":"https:\/\/mpiaui.com.br\/antigo\/index.php?rest_route=%2Fwp%2Fv2%2Fmedia&parent=54578"}],"wp:term":[{"taxonomy":"category","embeddable":true,"href":"https:\/\/mpiaui.com.br\/antigo\/index.php?rest_route=%2Fwp%2Fv2%2Fcategories&post=54578"},{"taxonomy":"post_tag","embeddable":true,"href":"https:\/\/mpiaui.com.br\/antigo\/index.php?rest_route=%2Fwp%2Fv2%2Ftags&post=54578"}],"curies":[{"name":"wp","href":"https:\/\/api.w.org\/{rel}","templated":true}]}}