{"id":54580,"date":"2023-05-11T15:55:15","date_gmt":"2023-05-11T18:55:15","guid":{"rendered":"https:\/\/mpiaui.com.br\/sasc-realiza-seminario-para-apresentar-mudancas-nos-programas-federais\/"},"modified":"2023-05-11T15:55:15","modified_gmt":"2023-05-11T18:55:15","slug":"sasc-realiza-seminario-para-apresentar-mudancas-nos-programas-federais","status":"publish","type":"post","link":"https:\/\/mpiaui.com.br\/antigo\/?p=54580","title":{"rendered":"Sasc realiza semin\u00e1rio para apresentar mudan\u00e7as nos programas federais"},"content":{"rendered":"<p> [ad_1]<br \/>\n<\/p>\n<div>\n<p>O Semin\u00e1rio Estadual da Assist\u00eancia Social: o Cadastro \u00danico e as Pol\u00edticas Sociais come\u00e7ou nesta quinta-feira (11). O evento, realizado no Differencial Buffet, \u00e9 uma realiza\u00e7\u00e3o da Secretaria Estadual da Assist\u00eancia Social, Trabalho e Direitos Humanos (Sasc), conta com a participa\u00e7\u00e3o de representantes do Minist\u00e9rio do Desenvolvimento e Assist\u00eancia Social, Fam\u00edlia e Combate \u00e0 Fome.<\/p>\n<p><img decoding=\"async\" loading=\"lazy\" class=\"alignnone size-medium wp-image-88071\" src=\"https:\/\/www.pi.gov.br\/wp-content\/uploads\/2023\/05\/SA11_7e7f6a0e84-730x486.jpeg\" alt=\"\" width=\"730\" height=\"486\" srcset=\"https:\/\/www.pi.gov.br\/wp-content\/uploads\/2023\/05\/SA11_7e7f6a0e84-730x486.jpeg 730w, https:\/\/www.pi.gov.br\/wp-content\/uploads\/2023\/05\/SA11_7e7f6a0e84-768x511.jpeg 768w, https:\/\/www.pi.gov.br\/wp-content\/uploads\/2023\/05\/SA11_7e7f6a0e84-391x260.jpeg 391w, https:\/\/www.pi.gov.br\/wp-content\/uploads\/2023\/05\/SA11_7e7f6a0e84.jpeg 902w\" sizes=\"auto, (max-width: 730px) 100vw, 730px\"\/><\/p>\n<p>Fizeram parte da mesa de honra a secret\u00e1ria Regina Sousa, a superintendente da Assist\u00eancia Social, Janaina Mapurunga, a superintendente de promo\u00e7\u00e3o da igualdade Racial e Povos Origin\u00e1rios da Sasc, Assun\u00e7\u00e3o Aguiar, a Superintendente de Planejamento e Gest\u00e3o da Sasc, Gisele Ara\u00fajo, a diretora da Unidade de Prote\u00e7\u00e3o B\u00e1sica da Sasc, Iraydes Campelo, a Secret\u00e1ria Nacional de Avalia\u00e7\u00e3o, Gest\u00e3o da Informa\u00e7\u00e3o e Cadastro \u00danico, Leticia Bartholo, a diretora do Departamento de\u00a0 Benef\u00edcios, da Secretaria Nacional de Renda de Cidadania, Caroline Paranayba, o secret\u00e1rio de Assist\u00eancia Social de Teresina, Alan Cavalcante, os prefeitos de Jurema, Kailane Oliveira, e de An\u00edsio de Abreu,\u00a0 Raimundo Ney, o Defensor P\u00fablico, Igor Castelo Branco, representando o Conselho Estadual de Assist\u00eancia Social- Ceas, o conselheiro Gustavo Sousa e o representando o\u00a0 Conselho Estadual de Gestores Municipais de Assist\u00eancia Social do Estado -Coegemas, o prefeito Juca Cavalcante.<\/p>\n<p><img decoding=\"async\" loading=\"lazy\" class=\"alignnone size-medium wp-image-88073\" src=\"https:\/\/www.pi.gov.br\/wp-content\/uploads\/2023\/05\/SA11_ed5b9e6888-730x486.jpeg\" alt=\"\" width=\"730\" height=\"486\" srcset=\"https:\/\/www.pi.gov.br\/wp-content\/uploads\/2023\/05\/SA11_ed5b9e6888-730x486.jpeg 730w, https:\/\/www.pi.gov.br\/wp-content\/uploads\/2023\/05\/SA11_ed5b9e6888-768x511.jpeg 768w, https:\/\/www.pi.gov.br\/wp-content\/uploads\/2023\/05\/SA11_ed5b9e6888-391x260.jpeg 391w, https:\/\/www.pi.gov.br\/wp-content\/uploads\/2023\/05\/SA11_ed5b9e6888.jpeg 902w\" sizes=\"auto, (max-width: 730px) 100vw, 730px\"\/><\/p>\n<p>O Semin\u00e1rio tem como principal objetivo capacitar os secret\u00e1rios municipais da Assist\u00eancia Social, t\u00e9cnicos dos Centros de Refer\u00eancia da Assist\u00eancia Social e de programas sociais, como o Crian\u00e7a Feliz e Bolsa Fam\u00edlia, mediante as v\u00e1rias mudan\u00e7as e adequa\u00e7\u00f5es que v\u00eam ocorrendo propostas pelo Governo Federal. Sobre a import\u00e2ncia do evento, vale destacar que o Bolsa Fam\u00edlia beneficia hoje mais de 620 mil fam\u00edlias s\u00f3 no Piau\u00ed.<\/p>\n<p><img decoding=\"async\" loading=\"lazy\" class=\"alignnone size-medium wp-image-88074\" src=\"https:\/\/www.pi.gov.br\/wp-content\/uploads\/2023\/05\/SA11_4d6e60b96f-730x486.jpeg\" alt=\"\" width=\"730\" height=\"486\" srcset=\"https:\/\/www.pi.gov.br\/wp-content\/uploads\/2023\/05\/SA11_4d6e60b96f-730x486.jpeg 730w, https:\/\/www.pi.gov.br\/wp-content\/uploads\/2023\/05\/SA11_4d6e60b96f-768x511.jpeg 768w, https:\/\/www.pi.gov.br\/wp-content\/uploads\/2023\/05\/SA11_4d6e60b96f-391x260.jpeg 391w, https:\/\/www.pi.gov.br\/wp-content\/uploads\/2023\/05\/SA11_4d6e60b96f.jpeg 902w\" sizes=\"auto, (max-width: 730px) 100vw, 730px\"\/><\/p>\n<p>Em sua fala, Regina Sousa fez quest\u00e3o de destacar a import\u00e2ncia da participa\u00e7\u00e3o dos representantes municipais na capacita\u00e7\u00e3o para melhor atender ao p\u00fablico que mais precisa da Assist\u00eancia Social, que por muito tempo permaneceram invis\u00edveis para as gest\u00f5es. \u201c\u00c9 preciso conhecer o nosso p\u00fablico principal, preencher corretamente o cadastro para que essas pessoas que passam invis\u00edveis a muitos olhares possam ter seus dados colocados corretamente e terem acesso aos programas federais\u201d, aponta a secret\u00e1ria.<\/p>\n<p><img decoding=\"async\" loading=\"lazy\" class=\"alignnone size-medium wp-image-88075\" src=\"https:\/\/www.pi.gov.br\/wp-content\/uploads\/2023\/05\/SA11_fc76dc9b44-730x486.jpeg\" alt=\"\" width=\"730\" height=\"486\" srcset=\"https:\/\/www.pi.gov.br\/wp-content\/uploads\/2023\/05\/SA11_fc76dc9b44-730x486.jpeg 730w, https:\/\/www.pi.gov.br\/wp-content\/uploads\/2023\/05\/SA11_fc76dc9b44-768x511.jpeg 768w, https:\/\/www.pi.gov.br\/wp-content\/uploads\/2023\/05\/SA11_fc76dc9b44-391x260.jpeg 391w, https:\/\/www.pi.gov.br\/wp-content\/uploads\/2023\/05\/SA11_fc76dc9b44.jpeg 902w\" sizes=\"auto, (max-width: 730px) 100vw, 730px\"\/><\/p>\n<p>A programa\u00e7\u00e3o do evento \u00e9 bem extensa, iniciando com a palestra \u201cA import\u00e2ncia do Cadastro \u00danico como instrumento de formula\u00e7\u00e3o das pol\u00edticas p\u00fablicas (PROCAD-SUS)\u201d, ministrada pela secret\u00e1ria da Avalia\u00e7\u00e3o, Gest\u00e3o da Informa\u00e7\u00e3o e Cadastro \u00danico, do Minist\u00e9rio do Desenvolvimento Social Let\u00edcia Bartholo.<\/p>\n<p><img decoding=\"async\" loading=\"lazy\" class=\"alignnone size-medium wp-image-88076\" src=\"https:\/\/www.pi.gov.br\/wp-content\/uploads\/2023\/05\/SA11_8bf685bc83-730x486.jpeg\" alt=\"\" width=\"730\" height=\"486\" srcset=\"https:\/\/www.pi.gov.br\/wp-content\/uploads\/2023\/05\/SA11_8bf685bc83-730x486.jpeg 730w, https:\/\/www.pi.gov.br\/wp-content\/uploads\/2023\/05\/SA11_8bf685bc83-768x511.jpeg 768w, https:\/\/www.pi.gov.br\/wp-content\/uploads\/2023\/05\/SA11_8bf685bc83-391x260.jpeg 391w, https:\/\/www.pi.gov.br\/wp-content\/uploads\/2023\/05\/SA11_8bf685bc83.jpeg 902w\" sizes=\"auto, (max-width: 730px) 100vw, 730px\"\/><\/p>\n<p>No turno da tarde, a partir das 13h30, iniciou a palestra \u201cConhecendo o novo Bolsa Fam\u00edlia: Regras gerais dos benef\u00edcios, estrutura dos benef\u00edcios, busca ativa e condicionalidades\u201d apresentada pela diretora de Departamento de Benef\u00edcios da Secretaria Nacional de Renda e Cidadania, Caroline Paranayba.<\/p>\n<p>Outro tema em destaque no primeiro dia de evento \u00e9 o Co-financiamento Estadual: Normativas e Atualiza\u00e7\u00f5es. O Co-financiamento, que \u00e9 o repasse de recursos do Estado para os Munic\u00edpios efetuarem o pagamento de benef\u00edcios eventuais, como o Servi\u00e7o de Prote\u00e7\u00e3o e Atendimento Integral \u00e0 Fam\u00edlia, o PAIF. Participam dos debates e discuss\u00f5es, no primeiro dia de evento, cerca de 450 representantes municipais.<\/p>\n<p><img decoding=\"async\" loading=\"lazy\" class=\"alignnone size-medium wp-image-88077\" src=\"https:\/\/www.pi.gov.br\/wp-content\/uploads\/2023\/05\/SA11_337699dfdb-730x486.jpeg\" alt=\"\" width=\"730\" height=\"486\" srcset=\"https:\/\/www.pi.gov.br\/wp-content\/uploads\/2023\/05\/SA11_337699dfdb-730x486.jpeg 730w, https:\/\/www.pi.gov.br\/wp-content\/uploads\/2023\/05\/SA11_337699dfdb-768x511.jpeg 768w, https:\/\/www.pi.gov.br\/wp-content\/uploads\/2023\/05\/SA11_337699dfdb-391x260.jpeg 391w, https:\/\/www.pi.gov.br\/wp-content\/uploads\/2023\/05\/SA11_337699dfdb.jpeg 902w\" sizes=\"auto, (max-width: 730px) 100vw, 730px\"\/><\/p>\n<p>Na sexta-feira a programa\u00e7\u00e3o ser\u00e1 retomada \u00e0s 9h, com a mesa-redonda para discutir os programas e a\u00e7\u00f5es voltadas para crian\u00e7as e adolescentes: Primeira Inf\u00e2ncia, Piau\u00ed Acolhe e Servi\u00e7o de Conviv\u00eancia. A mesa ter\u00e1 como coordenadora a diretora da Prote\u00e7\u00e3o Social B\u00e1sica da Sasc, Irayldes Marques Campelo, e participa\u00e7\u00e3o da gerente da Primeira Inf\u00e2ncia, Francimeire Marques, da gerente de Servi\u00e7os e Programas Socioassistenciais, Silvana Ramos, e da t\u00e9cnica de Refer\u00eancia do Piau\u00ed Acolhe, Iralda Fabiane.<\/p>\n<p><img decoding=\"async\" loading=\"lazy\" class=\"alignnone size-medium wp-image-88078\" src=\"https:\/\/www.pi.gov.br\/wp-content\/uploads\/2023\/05\/SA11_350f6c79f6-730x486.jpeg\" alt=\"\" width=\"730\" height=\"486\" srcset=\"https:\/\/www.pi.gov.br\/wp-content\/uploads\/2023\/05\/SA11_350f6c79f6-730x486.jpeg 730w, https:\/\/www.pi.gov.br\/wp-content\/uploads\/2023\/05\/SA11_350f6c79f6-768x511.jpeg 768w, https:\/\/www.pi.gov.br\/wp-content\/uploads\/2023\/05\/SA11_350f6c79f6-391x260.jpeg 391w, https:\/\/www.pi.gov.br\/wp-content\/uploads\/2023\/05\/SA11_350f6c79f6.jpeg 902w\" sizes=\"auto, (max-width: 730px) 100vw, 730px\"\/><\/p>\n<p>Fonte: SASC<\/p>\n<\/p><\/div>\n<p><script async=\"\" defer=\"\" crossorigin=\"anonymous\" src=\"https:\/\/connect.facebook.net\/pt_BR\/sdk.js#xfbml=1&#038;version=v3.3\"><\/script><br \/>\n<br \/>[ad_2]<\/p>\n","protected":false},"excerpt":{"rendered":"<p>[ad_1] O Semin\u00e1rio Estadual da Assist\u00eancia Social: o Cadastro \u00danico e as Pol\u00edticas Sociais come\u00e7ou nesta quinta-feira (11). O evento, realizado no Differencial Buffet, \u00e9 uma realiza\u00e7\u00e3o da Secretaria Estadual&hellip; <\/p>\n","protected":false},"author":1,"featured_media":54581,"comment_status":"open","ping_status":"open","sticky":false,"template":"","format":"standard","meta":{"footnotes":""},"categories":[938],"tags":[],"class_list":["post-54580","post","type-post","status-publish","format-standard","has-post-thumbnail","hentry","category-governador"],"_links":{"self":[{"href":"https:\/\/mpiaui.com.br\/antigo\/index.php?rest_route=\/wp\/v2\/posts\/54580","targetHints":{"allow":["GET"]}}],"collection":[{"href":"https:\/\/mpiaui.com.br\/antigo\/index.php?rest_route=\/wp\/v2\/posts"}],"about":[{"href":"https:\/\/mpiaui.com.br\/antigo\/index.php?rest_route=\/wp\/v2\/types\/post"}],"author":[{"embeddable":true,"href":"https:\/\/mpiaui.com.br\/antigo\/index.php?rest_route=\/wp\/v2\/users\/1"}],"replies":[{"embeddable":true,"href":"https:\/\/mpiaui.com.br\/antigo\/index.php?rest_route=%2Fwp%2Fv2%2Fcomments&post=54580"}],"version-history":[{"count":0,"href":"https:\/\/mpiaui.com.br\/antigo\/index.php?rest_route=\/wp\/v2\/posts\/54580\/revisions"}],"wp:featuredmedia":[{"embeddable":true,"href":"https:\/\/mpiaui.com.br\/antigo\/index.php?rest_route=\/wp\/v2\/media\/54581"}],"wp:attachment":[{"href":"https:\/\/mpiaui.com.br\/antigo\/index.php?rest_route=%2Fwp%2Fv2%2Fmedia&parent=54580"}],"wp:term":[{"taxonomy":"category","embeddable":true,"href":"https:\/\/mpiaui.com.br\/antigo\/index.php?rest_route=%2Fwp%2Fv2%2Fcategories&post=54580"},{"taxonomy":"post_tag","embeddable":true,"href":"https:\/\/mpiaui.com.br\/antigo\/index.php?rest_route=%2Fwp%2Fv2%2Ftags&post=54580"}],"curies":[{"name":"wp","href":"https:\/\/api.w.org\/{rel}","templated":true}]}}