{"id":54584,"date":"2023-05-11T17:00:38","date_gmt":"2023-05-11T20:00:38","guid":{"rendered":"https:\/\/mpiaui.com.br\/morre-em-teresina-o-jornalista-e-escritor-kenard-kruel\/"},"modified":"2023-05-11T17:00:38","modified_gmt":"2023-05-11T20:00:38","slug":"morre-em-teresina-o-jornalista-e-escritor-kenard-kruel","status":"publish","type":"post","link":"https:\/\/mpiaui.com.br\/antigo\/?p=54584","title":{"rendered":"Morre em Teresina o jornalista e escritor Kenard Kruel"},"content":{"rendered":"<div>\n<p>\n                                                <img decoding=\"async\" src=\"https:\/\/piauihoje.com\/uploads\/imagens\/sem-titulo-1683725547.png\" alt=\"Kenard Kruel\" style=\"width: 100% !important;\"\/>\n                                                <\/p>\n<p>\n                                                    <span>Kenard Kruel<\/span><br \/>\n                                                    <span>Foto: Arquivo pessoal<\/span>\n                                                <\/p>\n<p><span style=\"color: rgb(0, 0, 0); font-family: \" open=\"\" sans=\"\" neue=\"\" helvetica=\"\" arial=\"\" sans-serif=\"\" font-size:=\"\" font-style:=\"\" normal=\"\" font-variant-ligatures:=\"\" font-variant-caps:=\"\" font-weight:=\"\" letter-spacing:=\"\" orphans:=\"\" text-align:=\"\" start=\"\" text-indent:=\"\" text-transform:=\"\" none=\"\" white-space:=\"\" widows:=\"\" word-spacing:=\"\" background-color:=\"\" rgb=\"\" text-decoration-thickness:=\"\" initial=\"\" text-decoration-style:=\"\" text-decoration-color:=\"\" display:=\"\" inline=\"\" float:=\"\">O poeta, escritor, jornalista e influencer Kenard Kruel faleceu, na tarde desta quinta-feira, 11, no Hospital S\u00e3o Marcos, em Teresina. Kenard lutou por cinco anos contra um<span style=\"color: rgb(0, 0, 0); font-family: \" open=\"\" sans=\"\" neue=\"\" helvetica=\"\" arial=\"\" sans-serif=\"\" font-size:=\"\" font-style:=\"\" normal=\"\" font-variant-ligatures:=\"\" font-variant-caps:=\"\" font-weight:=\"\" letter-spacing:=\"\" orphans:=\"\" text-align:=\"\" start=\"\" text-indent:=\"\" text-transform:=\"\" none=\"\" white-space:=\"\" widows:=\"\" word-spacing:=\"\" background-color:=\"\" rgb=\"\" text-decoration-thickness:=\"\" initial=\"\" text-decoration-style:=\"\" text-decoration-color:=\"\" display:=\"\" inline=\"\" float:=\"\">\u00a0c\u00e2ncer e estava em tratamento contra a doen\u00e7a. A informa\u00e7\u00e3o foi confirmada pelo filho Rafael Cavalcanti.<\/span><\/span><\/p>\n<p><span style=\"color: rgb(0, 0, 0); font-family: \" open=\"\" sans=\"\" neue=\"\" helvetica=\"\" arial=\"\" sans-serif=\"\" font-size:=\"\" font-style:=\"\" normal=\"\" font-variant-ligatures:=\"\" font-variant-caps:=\"\" font-weight:=\"\" letter-spacing:=\"\" orphans:=\"\" text-align:=\"\" start=\"\" text-indent:=\"\" text-transform:=\"\" none=\"\" white-space:=\"\" widows:=\"\" word-spacing:=\"\" background-color:=\"\" rgb=\"\" text-decoration-thickness:=\"\" initial=\"\" text-decoration-style:=\"\" text-decoration-color:=\"\" display:=\"\" inline=\"\" float:=\"\">Ele nasceu no Maranh\u00e3o, em 1959 e passou sua adolesc\u00eancia em Parna\u00edba, litoral do Piau\u00ed. Vindo para Teresina nos anos de 1980.\u00a0<\/span><span style=\"color: rgb(0, 0, 0); font-family: \" open=\"\" sans=\"\" neue=\"\" helvetica=\"\" arial=\"\" sans-serif=\"\" font-size:=\"\" font-style:=\"\" normal=\"\" font-variant-ligatures:=\"\" font-variant-caps:=\"\" font-weight:=\"\" letter-spacing:=\"\" orphans:=\"\" text-align:=\"\" start=\"\" text-indent:=\"\" text-transform:=\"\" none=\"\" white-space:=\"\" widows:=\"\" word-spacing:=\"\" background-color:=\"\" rgb=\"\" text-decoration-thickness:=\"\" initial=\"\" text-decoration-style:=\"\" text-decoration-color:=\"\" display:=\"\" inline=\"\" float:=\"\">Deixa cinco filhos.<\/span><\/p>\n<p>Kenard foi presidente do Sindicato dos Jornalistas do Piau\u00ed. \u00c9 bacharel em Direito, Licenciado em Letras Portugu\u00eas e Ingl\u00eas.<\/p>\n<p style=\"box-sizing: border-box; margin: 0px 0px 10px;\">Kenard tem um grande trabalho na imprensa e na cultura piauiense. Ele \u00e9 coautor dos livros \u201cGenu Moraes, a Mulher e o Tempo\u201d e \u201cEur\u00edpedes de Aguiar, Escritos Insurgentes\u201d, entre outros. \u00a0Tamb\u00e9m \u00e9 autor dos livros Torquato Neto ou a Carne seca \u00e9 Servida (2001), Gon\u00e7alo Cavalcanti &#8211; o intelectual e sua \u00e9poca (2005), Djalma Veloso &#8211; o pol\u00edtico e sua \u00e9poca (2006) e O. G. R\u00eago de Carvalho &#8211; Fortuna Cr\u00edtica (2007).\u00a0<\/p>\n<p><strong>Segue a nota enviada pela fam\u00edlia:<\/strong><\/p>\n<p><em>\u00c9 com profunda tristeza que informamos que o poeta, escritor, jornalista e influencer Kenard Kruel acaba de falecer.<br \/>Kenard lutou contra o c\u00e2ncer por 5 anos e resistiu at\u00e9 \u00e0s suas \u00faltimas for\u00e7as. Nasceu no Maranh\u00e3o em 1959 e passou sua adolesc\u00eancia em Parna\u00edba. Vindo para Teresina nos anos de 1980.<br \/>Deixa 5 filhos.<br \/><\/em><\/p>\n<div class=\"sobre_colunista\" style=\"display: flex; align-items: center; margin-top: 30px;background: #f7f7f7; padding: 15px; border-radius: 15px;\">\n<div class=\"tab-profile\" style=\"margin-right: 15px;\">\n                                                        <img decoding=\"async\" src=\"https:\/\/piauihoje.com\/timthumb.php?src=\/uploads\/secoes\/cintia|1608060869.jpg&amp;w=180&amp;h=180&amp;a=t\" alt=\"Cintia Lucas\" style=\"border-radius: 50%;\"\/>\n                                                <\/div>\n<p><h4 style=\"margin: 10px 0;\">\n                                                        <b>Cintia Lucas<\/b><br \/>\n                                                    <\/h4>\n<p>                                                    Cintia Lucas \u00e9 jornalista formada pela Universidade Federal do Piau\u00ed e mestra em Comunica\u00e7\u00e3o pela mesma institui\u00e7\u00e3o. A coluna vai abordar os bastidores da not\u00edcia, com foco em temas de interesse p\u00fablico.&#13;<br \/>\n&#13;<br \/>\nContato: cintialuc1@hotmail.com\n                                                <\/p>\n<\/p><\/div>\n<\/p><\/div>\n","protected":false},"excerpt":{"rendered":"<p>Kenard Kruel Foto: Arquivo pessoal O poeta, escritor, jornalista e influencer Kenard Kruel faleceu, na tarde desta quinta-feira, 11, no Hospital S\u00e3o Marcos, em Teresina. Kenard lutou por cinco anos&hellip; <\/p>\n","protected":false},"author":1,"featured_media":54585,"comment_status":"open","ping_status":"open","sticky":false,"template":"","format":"standard","meta":{"footnotes":""},"categories":[78],"tags":[],"class_list":["post-54584","post","type-post","status-publish","format-standard","has-post-thumbnail","hentry","category-teresina"],"_links":{"self":[{"href":"https:\/\/mpiaui.com.br\/antigo\/index.php?rest_route=\/wp\/v2\/posts\/54584","targetHints":{"allow":["GET"]}}],"collection":[{"href":"https:\/\/mpiaui.com.br\/antigo\/index.php?rest_route=\/wp\/v2\/posts"}],"about":[{"href":"https:\/\/mpiaui.com.br\/antigo\/index.php?rest_route=\/wp\/v2\/types\/post"}],"author":[{"embeddable":true,"href":"https:\/\/mpiaui.com.br\/antigo\/index.php?rest_route=\/wp\/v2\/users\/1"}],"replies":[{"embeddable":true,"href":"https:\/\/mpiaui.com.br\/antigo\/index.php?rest_route=%2Fwp%2Fv2%2Fcomments&post=54584"}],"version-history":[{"count":0,"href":"https:\/\/mpiaui.com.br\/antigo\/index.php?rest_route=\/wp\/v2\/posts\/54584\/revisions"}],"wp:featuredmedia":[{"embeddable":true,"href":"https:\/\/mpiaui.com.br\/antigo\/index.php?rest_route=\/wp\/v2\/media\/54585"}],"wp:attachment":[{"href":"https:\/\/mpiaui.com.br\/antigo\/index.php?rest_route=%2Fwp%2Fv2%2Fmedia&parent=54584"}],"wp:term":[{"taxonomy":"category","embeddable":true,"href":"https:\/\/mpiaui.com.br\/antigo\/index.php?rest_route=%2Fwp%2Fv2%2Fcategories&post=54584"},{"taxonomy":"post_tag","embeddable":true,"href":"https:\/\/mpiaui.com.br\/antigo\/index.php?rest_route=%2Fwp%2Fv2%2Ftags&post=54584"}],"curies":[{"name":"wp","href":"https:\/\/api.w.org\/{rel}","templated":true}]}}