{"id":54596,"date":"2023-05-11T19:16:22","date_gmt":"2023-05-11T22:16:22","guid":{"rendered":"https:\/\/mpiaui.com.br\/governo-cria-instituto-de-identificacao-digital-felix-pacheco\/"},"modified":"2023-05-11T19:16:22","modified_gmt":"2023-05-11T22:16:22","slug":"governo-cria-instituto-de-identificacao-digital-felix-pacheco","status":"publish","type":"post","link":"https:\/\/mpiaui.com.br\/antigo\/?p=54596","title":{"rendered":"Governo cria Instituto de Identifica\u00e7\u00e3o Digital \u201cF\u00e9lix Pacheco\u201d"},"content":{"rendered":"<div>\n<p>\n                                                <img decoding=\"async\" src=\"https:\/\/piauihoje.com\/uploads\/imagens\/whatsapp-image-2023-01-26-at-19-16-50-1-1674819781.jpeg\" alt=\"Governador Rafael Fonteles\" style=\"width: 100% !important;\"\/>\n                                                <\/p>\n<p>\n                                                    <span>Governador Rafael Fonteles<\/span><br \/>\n                                                    <span>Foto: Ascom<\/span>\n                                                <\/p>\n<p>Em decreto assinado pelo Governador do Piau\u00ed, Rafael Fonteles, na \u00faltima quarta-feira (10), foi determinada a cria\u00e7\u00e3o e regulamenta\u00e7\u00e3o do Instituto de Identifica\u00e7\u00e3o Digital \u201cF\u00e9lix Pacheco\u201d. O \u00f3rg\u00e3o, de compet\u00eancia da Secretaria de Seguran\u00e7a P\u00fablica do Estado, carrega o nome de um teresinense que foi pioneiro em inserir a t\u00e9cnica de identifica\u00e7\u00e3o atrav\u00e9s de impress\u00f5es digitais no Brasil.<\/p>\n<p>O Instituto ser\u00e1 respons\u00e1vel pela realiza\u00e7\u00e3o de diversas atividades. Al\u00e9m da emiss\u00e3o de documentos de car\u00e1ter civil, como documento de identidade (RG), certid\u00e3o de profiss\u00e3o declarada, certificados digitais e outros, tamb\u00e9m ser\u00e3o desenvolvidos estudos e pesquisas para aperfei\u00e7oar o processo da identifica\u00e7\u00e3o civil humana atrav\u00e9s da parceria institucional e profissional com organiza\u00e7\u00f5es cong\u00eaneres nacionais e internacionais.<\/p>\n<p>\u201cAl\u00e9m das atividades de emiss\u00e3o de documentos, trabalharemos com const\u00e2ncia nos projetos sociais de atendimento \u00e0 comunidade. \u00c9 necess\u00e1rio assegurar o exerc\u00edcio pleno da cidadania atrav\u00e9s da promo\u00e7\u00e3o de identifica\u00e7\u00e3o civil para toda a sociedade, afastando qualquer fator excludente\u201d, frisou Marcelo Mascarenhas, Diretor do Instituto de Identifica\u00e7\u00e3o Digital F\u00e9lix Pacheco.<\/p>\n<p><strong>Piau\u00ed ganhar\u00e1 instituto especializado em biometria forense<br \/><\/strong><br \/>O Instituto de Identifica\u00e7\u00e3o \u201cJo\u00e3o de Deus Martins\u201d, localizado na pra\u00e7a Saraiva, Centro de Teresina, a partir de agora ser\u00e1 denominado como Instituto de Biometria Forense \u201cJo\u00e3o de Deus Martins\u201d. A determina\u00e7\u00e3o do Governador Rafael Fonteles institui que o \u00f3rg\u00e3o, antes respons\u00e1vel pela emiss\u00e3o de documentos de natureza civil e criminal, passa a ser somente um instituto para identifica\u00e7\u00f5es periciais. Os processos ser\u00e3o supervisionados pelo departamento de Pol\u00edcia Cient\u00edfica do Piau\u00ed.<\/p>\n<p>Alguns dos trabalhos realizados em um Instituto de Biometria Forense s\u00e3o processos biom\u00e9tricos (papilosc\u00f3pico, facial entre outros atributos f\u00edsicos ou comportamentais), compreendendo o processamento e an\u00e1lise de vest\u00edgios papilosc\u00f3picos bem como o gerenciamento de dados oriundos de Identifica\u00e7\u00e3o Criminal, obedecendo ao sistema regulamentado pelo Governo Federal por meio do Instituto Nacional de Identifica\u00e7\u00e3o \u2013 INI.<\/p>\n<p>\u201cO que aconteceu foi um desmembramento do antigo Instituto de Identifica\u00e7\u00e3o \u2018Jo\u00e3o de Deus Martins\u2019, que avaliamos de forma positiva. A biometria \u00e9 uma tecnologia que garante essa precis\u00e3o e veracidade no reconhecimento e na identifica\u00e7\u00e3o de indiv\u00edduos que tenham associa\u00e7\u00e3o ao crime. Esse \u00e9 um trabalho que j\u00e1 fazemos e que agora, de maneira concentrada, ser\u00e1 intensificado\u201d, afirmou o Diretor do Instituto de Biometria Forense Jo\u00e3o de Deus Martins, Juarez Gon\u00e7alves.<\/p>\n<p>De acordo com o Secret\u00e1rio de Seguran\u00e7a, Chico Lucas, a mudan\u00e7a ser\u00e1 ben\u00e9fica. \u201cA identifica\u00e7\u00e3o civil deve ser tratada como servi\u00e7o de pol\u00edticas p\u00fablicas oferecidas pelo estado. Priorizar esse tipo de atendimento em um local diferente das identifica\u00e7\u00f5es criminais ajudar\u00e1 nos processos internos de organiza\u00e7\u00e3o e possibilitar\u00e1 ainda mais agilidade na emiss\u00e3o desses documentos\u201d, explicou o Secret\u00e1rio.<\/p>\n<\/p><\/div>\n","protected":false},"excerpt":{"rendered":"<p>Governador Rafael Fonteles Foto: Ascom Em decreto assinado pelo Governador do Piau\u00ed, Rafael Fonteles, na \u00faltima quarta-feira (10), foi determinada a cria\u00e7\u00e3o e regulamenta\u00e7\u00e3o do Instituto de Identifica\u00e7\u00e3o Digital \u201cF\u00e9lix&hellip; <\/p>\n","protected":false},"author":1,"featured_media":54597,"comment_status":"open","ping_status":"open","sticky":false,"template":"","format":"standard","meta":{"footnotes":""},"categories":[78],"tags":[],"class_list":["post-54596","post","type-post","status-publish","format-standard","has-post-thumbnail","hentry","category-teresina"],"_links":{"self":[{"href":"https:\/\/mpiaui.com.br\/antigo\/index.php?rest_route=\/wp\/v2\/posts\/54596","targetHints":{"allow":["GET"]}}],"collection":[{"href":"https:\/\/mpiaui.com.br\/antigo\/index.php?rest_route=\/wp\/v2\/posts"}],"about":[{"href":"https:\/\/mpiaui.com.br\/antigo\/index.php?rest_route=\/wp\/v2\/types\/post"}],"author":[{"embeddable":true,"href":"https:\/\/mpiaui.com.br\/antigo\/index.php?rest_route=\/wp\/v2\/users\/1"}],"replies":[{"embeddable":true,"href":"https:\/\/mpiaui.com.br\/antigo\/index.php?rest_route=%2Fwp%2Fv2%2Fcomments&post=54596"}],"version-history":[{"count":0,"href":"https:\/\/mpiaui.com.br\/antigo\/index.php?rest_route=\/wp\/v2\/posts\/54596\/revisions"}],"wp:featuredmedia":[{"embeddable":true,"href":"https:\/\/mpiaui.com.br\/antigo\/index.php?rest_route=\/wp\/v2\/media\/54597"}],"wp:attachment":[{"href":"https:\/\/mpiaui.com.br\/antigo\/index.php?rest_route=%2Fwp%2Fv2%2Fmedia&parent=54596"}],"wp:term":[{"taxonomy":"category","embeddable":true,"href":"https:\/\/mpiaui.com.br\/antigo\/index.php?rest_route=%2Fwp%2Fv2%2Fcategories&post=54596"},{"taxonomy":"post_tag","embeddable":true,"href":"https:\/\/mpiaui.com.br\/antigo\/index.php?rest_route=%2Fwp%2Fv2%2Ftags&post=54596"}],"curies":[{"name":"wp","href":"https:\/\/api.w.org\/{rel}","templated":true}]}}