{"id":54600,"date":"2023-05-11T21:37:25","date_gmt":"2023-05-12T00:37:25","guid":{"rendered":"https:\/\/mpiaui.com.br\/governador-anuncia-retomada-de-obra-em-estrada-para-escoamento-de-graos-em-urucui\/"},"modified":"2023-05-11T21:37:25","modified_gmt":"2023-05-12T00:37:25","slug":"governador-anuncia-retomada-de-obra-em-estrada-para-escoamento-de-graos-em-urucui","status":"publish","type":"post","link":"https:\/\/mpiaui.com.br\/antigo\/?p=54600","title":{"rendered":"Governador anuncia retomada de obra em estrada para escoamento de gr\u00e3os em Uru\u00e7u\u00ed"},"content":{"rendered":"<p> [ad_1]<br \/>\n<\/p>\n<div>\n<p>O governador Rafael Fonteles visitou nesta quinta-feira (11), uma importante obra de infraestrutura vi\u00e1ria para escoamento da produ\u00e7\u00e3o agr\u00edcola dos cerrados piauienses. A estrada que liga a PI-397 em Uru\u00e7u\u00ed a Nova Santa Rosa, um trecho de 27 quil\u00f4metros, alcan\u00e7ou o \u00edndice de 36% de execu\u00e7\u00e3o, est\u00e1 com a terraplanagem pronta e ser\u00e1 retomada com o fim do per\u00edodo chuvoso. De acordo com a previs\u00e3o da empresa respons\u00e1vel, a obra pode ser conclu\u00edda at\u00e9 dezembro.<\/p>\n<p>\u201cAgora a gente vai retomar nesse per\u00edodo sem chuva at\u00e9 concluir a obra. Se sair uma m\u00e1quina daqui \u00e9 pra me contactar pra gente alinhar com o secret\u00e1rio (da Seagro) e n\u00e3o ter mais paralisa\u00e7\u00f5es at\u00e9 o pr\u00f3ximo per\u00edodo chuvoso. \u00c9 compromisso nosso com esta comunidade e com o munic\u00edpio de Uru\u00e7u\u00ed, para que aumente cada vez mais a produ\u00e7\u00e3o e a produtividade do cerrado piauiense\u201d afirmou Fonteles.<\/p>\n<div id=\"attachment_88338\" style=\"width: 740px\" class=\"wp-caption alignnone\"><img decoding=\"async\" aria-describedby=\"caption-attachment-88338\" loading=\"lazy\" class=\"size-medium wp-image-88338\" src=\"https:\/\/www.pi.gov.br\/wp-content\/uploads\/2023\/05\/WhatsApp-Image-2023-05-11-at-20.18.07-1-730x486.jpeg\" alt=\"\" width=\"730\" height=\"486\" srcset=\"https:\/\/www.pi.gov.br\/wp-content\/uploads\/2023\/05\/WhatsApp-Image-2023-05-11-at-20.18.07-1-730x486.jpeg 730w, https:\/\/www.pi.gov.br\/wp-content\/uploads\/2023\/05\/WhatsApp-Image-2023-05-11-at-20.18.07-1-1070x713.jpeg 1070w, https:\/\/www.pi.gov.br\/wp-content\/uploads\/2023\/05\/WhatsApp-Image-2023-05-11-at-20.18.07-1-768x512.jpeg 768w, https:\/\/www.pi.gov.br\/wp-content\/uploads\/2023\/05\/WhatsApp-Image-2023-05-11-at-20.18.07-1-391x260.jpeg 391w, https:\/\/www.pi.gov.br\/wp-content\/uploads\/2023\/05\/WhatsApp-Image-2023-05-11-at-20.18.07-1.jpeg 1280w\" sizes=\"auto, (max-width: 730px) 100vw, 730px\"\/><\/p>\n<p id=\"caption-attachment-88338\" class=\"wp-caption-text\">Estrada deve ficar pronta at\u00e9 dezembro. Fotos: Jorge Bastos e Allysson Dinis<\/p>\n<\/div>\n<p>O Governo do Estado, atrav\u00e9s da Secretaria do Agroneg\u00f3cio e Empreendedorismo Rural (Seagro), investe mais de R$ 30 milh\u00f5es na estrada Uru\u00e7u\u00ed-Nova Santa Rosa. A regi\u00e3o \u00e9 grande produtora de milho e soja e depende da via para tirar os gr\u00e3os das fazendas e entregar aos compradores com mais agilidade e seguran\u00e7a. \u201cA ordem do governador \u00e9 que trabalhemos com toda velocidade, para que este povo alcance as melhorias que precisam na sua infraestrutura, no que se refere a estradas, energia e tantas outras obras quantas forem necess\u00e1rias para desenvolver o Piau\u00ed\u201d acrescentou o secret\u00e1rio do Agroneg\u00f3cio, F\u00e1bio Xavier.<\/p>\n<p>O Distrito de Nova Santa Rosa re\u00fane cerca de 150 fam\u00edlias, a maioria oriunda do sul do pa\u00eds, que foram se instalando na regi\u00e3o a partir da d\u00e9cada de 1990, por reconhecer o enorme potencial do cerrado piauiense. Na \u00e1rea s\u00e3o 82 mil hectares plantados com o sistema de lavoura integrado \u00e0 pecu\u00e1ria.<\/p>\n<p>\u201cEstamos sempre confiantes, governador. O que mais o agricultor e as comunidades esperam \u00e9 estrada, energia, infraestrutura por parte dos governantes. Sua presen\u00e7a aqui nos deixa mais confiantes\u201d declarou Celso Werner, presidente da Associa\u00e7\u00e3o dos Produtores de Nova Santa Rosa.<\/p>\n<div id=\"attachment_88350\" style=\"width: 740px\" class=\"wp-caption alignnone\"><img decoding=\"async\" aria-describedby=\"caption-attachment-88350\" loading=\"lazy\" class=\"size-medium wp-image-88350\" src=\"https:\/\/www.pi.gov.br\/wp-content\/uploads\/2023\/05\/WhatsApp-Image-2023-05-11-at-20.18.25-730x486.jpeg\" alt=\"\" width=\"730\" height=\"486\" srcset=\"https:\/\/www.pi.gov.br\/wp-content\/uploads\/2023\/05\/WhatsApp-Image-2023-05-11-at-20.18.25-730x486.jpeg 730w, https:\/\/www.pi.gov.br\/wp-content\/uploads\/2023\/05\/WhatsApp-Image-2023-05-11-at-20.18.25-1070x713.jpeg 1070w, https:\/\/www.pi.gov.br\/wp-content\/uploads\/2023\/05\/WhatsApp-Image-2023-05-11-at-20.18.25-768x512.jpeg 768w, https:\/\/www.pi.gov.br\/wp-content\/uploads\/2023\/05\/WhatsApp-Image-2023-05-11-at-20.18.25-391x260.jpeg 391w, https:\/\/www.pi.gov.br\/wp-content\/uploads\/2023\/05\/WhatsApp-Image-2023-05-11-at-20.18.25.jpeg 1280w\" sizes=\"auto, (max-width: 730px) 100vw, 730px\"\/><\/p>\n<p id=\"caption-attachment-88350\" class=\"wp-caption-text\">Estrada \u00e9 a principal reivindica\u00e7\u00e3o dos produtores. Fotos: Jorge Bastos e Allysson Dinis<\/p>\n<\/div>\n<p>Rafael destacou o compromisso firmado com os produtores quanto \u00e0 exporta\u00e7\u00e3o dos gr\u00e3os. Ficou estabelecido que, quando estiver pronto, o Porto de Lu\u00eds Correia, ser\u00e1 usado para transportar a produ\u00e7\u00e3o dos cerrados piauienses para o exterior. \u201cFazer a integra\u00e7\u00e3o do sul com o norte do Piau\u00ed, para que esta riqueza que temos aqui no sul percorra o estado inteiro, gerando mais desenvolvimento e mais riqueza\u201d acrescentou o governador.<\/p>\n<p>\u00c0 convite dos produtores Rafael Fonteles visitou a 14\u00aa edi\u00e7\u00e3o da Exposoja, que acontece no Distrito de Nova Santa Rosa. O evento pioneiro re\u00fane agricultores e empres\u00e1rios de toda a regi\u00e3o do Matopiba \u2013 Maranh\u00e3o, Tocantins, Piau\u00ed e Bahia. S\u00e3o mais de 100 expositores dos mais diversos segmentos do agroneg\u00f3cio, apresentando m\u00e1quinas agr\u00edcolas, implementos, sementes, insumos, alternativas de energias renov\u00e1veis, tudo que h\u00e1 de mais moderno \u00e0 disposi\u00e7\u00e3o no setor. A Exposoja movimentou mais de R$ 500 milh\u00f5es em sua \u00faltima edi\u00e7\u00e3o.<\/p>\n<div id=\"attachment_88353\" style=\"width: 740px\" class=\"wp-caption alignnone\"><img decoding=\"async\" aria-describedby=\"caption-attachment-88353\" loading=\"lazy\" class=\"size-medium wp-image-88353\" src=\"https:\/\/www.pi.gov.br\/wp-content\/uploads\/2023\/05\/WhatsApp-Image-2023-05-11-at-20.18.25-3-730x486.jpeg\" alt=\"\" width=\"730\" height=\"486\" srcset=\"https:\/\/www.pi.gov.br\/wp-content\/uploads\/2023\/05\/WhatsApp-Image-2023-05-11-at-20.18.25-3-730x486.jpeg 730w, https:\/\/www.pi.gov.br\/wp-content\/uploads\/2023\/05\/WhatsApp-Image-2023-05-11-at-20.18.25-3-1070x713.jpeg 1070w, https:\/\/www.pi.gov.br\/wp-content\/uploads\/2023\/05\/WhatsApp-Image-2023-05-11-at-20.18.25-3-768x512.jpeg 768w, https:\/\/www.pi.gov.br\/wp-content\/uploads\/2023\/05\/WhatsApp-Image-2023-05-11-at-20.18.25-3-391x260.jpeg 391w, https:\/\/www.pi.gov.br\/wp-content\/uploads\/2023\/05\/WhatsApp-Image-2023-05-11-at-20.18.25-3.jpeg 1280w\" sizes=\"auto, (max-width: 730px) 100vw, 730px\"\/><\/p>\n<p id=\"caption-attachment-88353\" class=\"wp-caption-text\">Feira movimenta o mundo agro no Matopiba. Fotos: Jorge Bastos e Allysson Dinis<\/p>\n<\/div>\n<p>\u201cImportante ter empreendedores que topem o risco para gerar emprego e renda. Neste ponto estamos totalmente alinhados. O interesse do governo \u00e9 gerar emprego. A gente t\u00e1 numa negocia\u00e7\u00e3o muito avan\u00e7ada pra trazer um frigor\u00edfico de aves para o nosso estado, para Uru\u00e7u\u00ed, que impulsionar\u00e1 ainda mais a gera\u00e7\u00e3o de trabalho\u201d complementou Rafael.<\/p>\n<p>No evento, Rafael Fonteles entregou 5 t\u00edtulos de terras a produtores rurais da Nova Santa Rosa, abrangendo cerca de 4 mil hectares. O governador anunciou ainda a autoriza\u00e7\u00e3o para constru\u00e7\u00e3o da UTI do hospital de Uru\u00e7u\u00ed.<\/p>\n<div id=\"attachment_88355\" style=\"width: 740px\" class=\"wp-caption alignnone\"><img decoding=\"async\" aria-describedby=\"caption-attachment-88355\" loading=\"lazy\" class=\"size-medium wp-image-88355\" src=\"https:\/\/www.pi.gov.br\/wp-content\/uploads\/2023\/05\/WhatsApp-Image-2023-05-11-at-20.18.25-1-730x486.jpeg\" alt=\"\" width=\"730\" height=\"486\" srcset=\"https:\/\/www.pi.gov.br\/wp-content\/uploads\/2023\/05\/WhatsApp-Image-2023-05-11-at-20.18.25-1-730x486.jpeg 730w, https:\/\/www.pi.gov.br\/wp-content\/uploads\/2023\/05\/WhatsApp-Image-2023-05-11-at-20.18.25-1-1070x713.jpeg 1070w, https:\/\/www.pi.gov.br\/wp-content\/uploads\/2023\/05\/WhatsApp-Image-2023-05-11-at-20.18.25-1-768x512.jpeg 768w, https:\/\/www.pi.gov.br\/wp-content\/uploads\/2023\/05\/WhatsApp-Image-2023-05-11-at-20.18.25-1-391x260.jpeg 391w, https:\/\/www.pi.gov.br\/wp-content\/uploads\/2023\/05\/WhatsApp-Image-2023-05-11-at-20.18.25-1.jpeg 1280w\" sizes=\"auto, (max-width: 730px) 100vw, 730px\"\/><\/p>\n<p id=\"caption-attachment-88355\" class=\"wp-caption-text\">T\u00edtulo de Terra garante seguran\u00e7a de propriedade aos produtores. Fotos: Jorge Bastos e Allysson Dinis<\/p>\n<\/div>\n<p><strong>Aer\u00f3dromo em Santa Filomena<\/strong><\/p>\n<p>Ap\u00f3s a agenda em Uru\u00e7u\u00ed, o governador Rafael Fonteles foi para Santa Filomena, onde inaugurou o aer\u00f3dromo da cidade. A pista de pouso e decolagem de aeronaves possui 1.200 metros de extens\u00e3o, 20 metros de largura e custou R$ 3 milh\u00f5es. A obra \u00e9 de responsabilidade da Secretaria dos Transportes (Setrans).<\/p>\n<div id=\"attachment_88289\" style=\"width: 740px\" class=\"wp-caption alignnone\"><img decoding=\"async\" aria-describedby=\"caption-attachment-88289\" loading=\"lazy\" class=\"size-medium wp-image-88289\" src=\"https:\/\/www.pi.gov.br\/wp-content\/uploads\/2023\/05\/WhatsApp-Image-2023-05-11-at-20.16.13-1-730x487.jpeg\" alt=\"\" width=\"730\" height=\"487\" srcset=\"https:\/\/www.pi.gov.br\/wp-content\/uploads\/2023\/05\/WhatsApp-Image-2023-05-11-at-20.16.13-1-730x487.jpeg 730w, https:\/\/www.pi.gov.br\/wp-content\/uploads\/2023\/05\/WhatsApp-Image-2023-05-11-at-20.16.13-1-768x512.jpeg 768w, https:\/\/www.pi.gov.br\/wp-content\/uploads\/2023\/05\/WhatsApp-Image-2023-05-11-at-20.16.13-1-391x260.jpeg 391w, https:\/\/www.pi.gov.br\/wp-content\/uploads\/2023\/05\/WhatsApp-Image-2023-05-11-at-20.16.13-1.jpeg 1024w\" sizes=\"auto, (max-width: 730px) 100vw, 730px\"\/><\/p>\n<p id=\"caption-attachment-88289\" class=\"wp-caption-text\">Aeronave pousa na nova pista. Fotos: Jorge Bastos e Allysson Dinis<\/p>\n<\/div>\n<div data-animation=\"slide\" data-duration=\"500\" data-infinite=\"1\" class=\"slider-conteudo w-slider\">\n<div class=\"w-slider-mask\">\n<div class=\"w-slide\">\n              <img decoding=\"async\" src=\"https:\/\/www.pi.gov.br\/wp-content\/uploads\/2023\/05\/WhatsApp-Image-2023-05-11-at-20.18.26-4-730x411.jpeg\"\/><\/p><\/div>\n<div class=\"w-slide\">\n              <img decoding=\"async\" src=\"https:\/\/www.pi.gov.br\/wp-content\/uploads\/2023\/05\/WhatsApp-Image-2023-05-11-at-20.18.24-5-730x486.jpeg\"\/><\/p><\/div>\n<div class=\"w-slide\">\n              <img decoding=\"async\" src=\"https:\/\/www.pi.gov.br\/wp-content\/uploads\/2023\/05\/WhatsApp-Image-2023-05-11-at-20.18.24-730x486.jpeg\"\/><\/p><\/div>\n<div class=\"w-slide\">\n              <img decoding=\"async\" src=\"https:\/\/www.pi.gov.br\/wp-content\/uploads\/2023\/05\/WhatsApp-Image-2023-05-11-at-20.18.25-1-730x486.jpeg\"\/><\/p>\n<p>T\u00edtulo de Terra garante seguran\u00e7a de propriedade aos produtores. Fotos: Jorge Bastos e Allysson Dinis<\/p>\n<\/p><\/div>\n<div class=\"w-slide\">\n              <img decoding=\"async\" src=\"https:\/\/www.pi.gov.br\/wp-content\/uploads\/2023\/05\/WhatsApp-Image-2023-05-11-at-20.18.25-2-730x486.jpeg\"\/><\/p><\/div>\n<div class=\"w-slide\">\n              <img decoding=\"async\" src=\"https:\/\/www.pi.gov.br\/wp-content\/uploads\/2023\/05\/WhatsApp-Image-2023-05-11-at-20.18.25-3-730x486.jpeg\"\/><\/p>\n<p>Feira movimenta o mundo agro no Matopiba. Fotos: Jorge Bastos e Allysson Dinis<\/p>\n<\/p><\/div>\n<div class=\"w-slide\">\n              <img decoding=\"async\" src=\"https:\/\/www.pi.gov.br\/wp-content\/uploads\/2023\/05\/WhatsApp-Image-2023-05-11-at-20.18.25-4-730x486.jpeg\"\/><\/p><\/div>\n<div class=\"w-slide\">\n              <img decoding=\"async\" src=\"https:\/\/www.pi.gov.br\/wp-content\/uploads\/2023\/05\/WhatsApp-Image-2023-05-11-at-20.18.25-5-730x411.jpeg\"\/><\/p><\/div>\n<div class=\"w-slide\">\n              <img decoding=\"async\" src=\"https:\/\/www.pi.gov.br\/wp-content\/uploads\/2023\/05\/WhatsApp-Image-2023-05-11-at-20.18.26-6-730x486.jpeg\"\/><\/p><\/div>\n<div class=\"w-slide\">\n              <img decoding=\"async\" src=\"https:\/\/www.pi.gov.br\/wp-content\/uploads\/2023\/05\/WhatsApp-Image-2023-05-11-at-20.18.26-5-730x486.jpeg\"\/><\/p><\/div>\n<div class=\"w-slide\">\n              <img decoding=\"async\" src=\"https:\/\/www.pi.gov.br\/wp-content\/uploads\/2023\/05\/WhatsApp-Image-2023-05-11-at-20.18.26-3-730x494.jpeg\"\/><\/p><\/div>\n<div class=\"w-slide\">\n              <img decoding=\"async\" src=\"https:\/\/www.pi.gov.br\/wp-content\/uploads\/2023\/05\/WhatsApp-Image-2023-05-11-at-20.18.26-2-730x486.jpeg\"\/><\/p><\/div>\n<div class=\"w-slide\">\n              <img decoding=\"async\" src=\"https:\/\/www.pi.gov.br\/wp-content\/uploads\/2023\/05\/WhatsApp-Image-2023-05-11-at-20.18.26-1-730x1095.jpeg\"\/><\/p><\/div>\n<div class=\"w-slide\">\n              <img decoding=\"async\" src=\"https:\/\/www.pi.gov.br\/wp-content\/uploads\/2023\/05\/WhatsApp-Image-2023-05-11-at-20.18.25-730x486.jpeg\"\/><\/p>\n<p>Estrada \u00e9 a principal reivindica\u00e7\u00e3o dos produtores. Fotos: Jorge Bastos e Allysson Dinis<\/p>\n<\/p><\/div>\n<div class=\"w-slide\">\n              <img decoding=\"async\" src=\"https:\/\/www.pi.gov.br\/wp-content\/uploads\/2023\/05\/WhatsApp-Image-2023-05-11-at-20.18.26-730x486.jpeg\"\/><\/p><\/div>\n<div class=\"w-slide\">\n              <img decoding=\"async\" src=\"https:\/\/www.pi.gov.br\/wp-content\/uploads\/2023\/05\/WhatsApp-Image-2023-05-11-at-20.18.27-1-730x486.jpeg\"\/><\/p><\/div>\n<div class=\"w-slide\">\n              <img decoding=\"async\" src=\"https:\/\/www.pi.gov.br\/wp-content\/uploads\/2023\/05\/WhatsApp-Image-2023-05-11-at-20.18.27-2-730x469.jpeg\"\/><\/p><\/div>\n<div class=\"w-slide\">\n              <img decoding=\"async\" src=\"https:\/\/www.pi.gov.br\/wp-content\/uploads\/2023\/05\/WhatsApp-Image-2023-05-11-at-20.18.27-3-730x486.jpeg\"\/><\/p><\/div>\n<div class=\"w-slide\">\n              <img decoding=\"async\" src=\"https:\/\/www.pi.gov.br\/wp-content\/uploads\/2023\/05\/WhatsApp-Image-2023-05-11-at-20.18.27-730x486.jpeg\"\/><\/p><\/div>\n<div class=\"w-slide\">\n              <img decoding=\"async\" src=\"https:\/\/www.pi.gov.br\/wp-content\/uploads\/2023\/05\/WhatsApp-Image-2023-05-11-at-20.18.07-1-730x486.jpeg\"\/><\/p>\n<p>Estrada deve ficar pronta at\u00e9 dezembro. Fotos: Jorge Bastos e Allysson Dinis<\/p>\n<\/p><\/div>\n<div class=\"w-slide\">\n              <img decoding=\"async\" src=\"https:\/\/www.pi.gov.br\/wp-content\/uploads\/2023\/05\/WhatsApp-Image-2023-05-11-at-20.18.07-2-730x486.jpeg\"\/><\/p><\/div>\n<div class=\"w-slide\">\n              <img decoding=\"async\" src=\"https:\/\/www.pi.gov.br\/wp-content\/uploads\/2023\/05\/WhatsApp-Image-2023-05-11-at-20.18.07-730x486.jpeg\"\/><\/p><\/div>\n<div class=\"w-slide\">\n              <img decoding=\"async\" src=\"https:\/\/www.pi.gov.br\/wp-content\/uploads\/2023\/05\/WhatsApp-Image-2023-05-11-at-20.18.08-1-730x486.jpeg\"\/><\/p><\/div>\n<div class=\"w-slide\">\n              <img decoding=\"async\" src=\"https:\/\/www.pi.gov.br\/wp-content\/uploads\/2023\/05\/WhatsApp-Image-2023-05-11-at-20.18.08-2-730x486.jpeg\"\/><\/p><\/div>\n<div class=\"w-slide\">\n              <img decoding=\"async\" src=\"https:\/\/www.pi.gov.br\/wp-content\/uploads\/2023\/05\/WhatsApp-Image-2023-05-11-at-20.18.08-730x486.jpeg\"\/><\/p><\/div>\n<div class=\"w-slide\">\n              <img decoding=\"async\" src=\"https:\/\/www.pi.gov.br\/wp-content\/uploads\/2023\/05\/WhatsApp-Image-2023-05-11-at-20.18.08-3-730x487.jpeg\"\/><\/p><\/div>\n<\/p><\/div>\n<\/p><\/div>\n<\/p><\/div>\n<p><script async=\"\" defer=\"\" crossorigin=\"anonymous\" src=\"https:\/\/connect.facebook.net\/pt_BR\/sdk.js#xfbml=1&#038;version=v3.3\"><\/script><br \/>\n<br \/>[ad_2]<\/p>\n","protected":false},"excerpt":{"rendered":"<p>[ad_1] O governador Rafael Fonteles visitou nesta quinta-feira (11), uma importante obra de infraestrutura vi\u00e1ria para escoamento da produ\u00e7\u00e3o agr\u00edcola dos cerrados piauienses. A estrada que liga a PI-397 em&hellip; <\/p>\n","protected":false},"author":1,"featured_media":54601,"comment_status":"open","ping_status":"open","sticky":false,"template":"","format":"standard","meta":{"footnotes":""},"categories":[938],"tags":[],"class_list":["post-54600","post","type-post","status-publish","format-standard","has-post-thumbnail","hentry","category-governador"],"_links":{"self":[{"href":"https:\/\/mpiaui.com.br\/antigo\/index.php?rest_route=\/wp\/v2\/posts\/54600","targetHints":{"allow":["GET"]}}],"collection":[{"href":"https:\/\/mpiaui.com.br\/antigo\/index.php?rest_route=\/wp\/v2\/posts"}],"about":[{"href":"https:\/\/mpiaui.com.br\/antigo\/index.php?rest_route=\/wp\/v2\/types\/post"}],"author":[{"embeddable":true,"href":"https:\/\/mpiaui.com.br\/antigo\/index.php?rest_route=\/wp\/v2\/users\/1"}],"replies":[{"embeddable":true,"href":"https:\/\/mpiaui.com.br\/antigo\/index.php?rest_route=%2Fwp%2Fv2%2Fcomments&post=54600"}],"version-history":[{"count":0,"href":"https:\/\/mpiaui.com.br\/antigo\/index.php?rest_route=\/wp\/v2\/posts\/54600\/revisions"}],"wp:featuredmedia":[{"embeddable":true,"href":"https:\/\/mpiaui.com.br\/antigo\/index.php?rest_route=\/wp\/v2\/media\/54601"}],"wp:attachment":[{"href":"https:\/\/mpiaui.com.br\/antigo\/index.php?rest_route=%2Fwp%2Fv2%2Fmedia&parent=54600"}],"wp:term":[{"taxonomy":"category","embeddable":true,"href":"https:\/\/mpiaui.com.br\/antigo\/index.php?rest_route=%2Fwp%2Fv2%2Fcategories&post=54600"},{"taxonomy":"post_tag","embeddable":true,"href":"https:\/\/mpiaui.com.br\/antigo\/index.php?rest_route=%2Fwp%2Fv2%2Ftags&post=54600"}],"curies":[{"name":"wp","href":"https:\/\/api.w.org\/{rel}","templated":true}]}}