{"id":54606,"date":"2023-05-11T22:07:11","date_gmt":"2023-05-12T01:07:11","guid":{"rendered":"https:\/\/mpiaui.com.br\/forca-tatica-prende-homem-acusado-de-assalto-apos-rastreamento-de-celular-roubado-em-parnaiba\/"},"modified":"2023-05-11T22:07:11","modified_gmt":"2023-05-12T01:07:11","slug":"forca-tatica-prende-homem-acusado-de-assalto-apos-rastreamento-de-celular-roubado-em-parnaiba","status":"publish","type":"post","link":"https:\/\/mpiaui.com.br\/antigo\/?p=54606","title":{"rendered":"For\u00e7a T\u00e1tica prende homem acusado de assalto ap\u00f3s rastreamento de celular roubado em Parna\u00edba"},"content":{"rendered":"<p><\/p>\n<div id=\"post-body-8415077381617988528\" itemprop=\"description articleBody\">\n<\/p>\n<div class=\"separator\" style=\"clear: both; text-align: center;\">\n<div class=\"separator\" style=\"clear: both; text-align: center;\"><a href=\"https:\/\/blogger.googleusercontent.com\/img\/b\/R29vZ2xl\/AVvXsEiLDTZs9gfsguPESY61LW2bxRWYUpZO6hjcIynRdb_Xs5YSJrPsG9X7IidS34_1cnIh7SYXYBlAN1Vnlv0BwF6iUIL0qJx8wyEd7jK0T4q2cHboIr_lgEXhAjpyElkkh3DxY2DgEULNSL2M6eDfA94mopgcjLTd-wKDJy3RSWZVLzUURsf3jNGQJHD8\/s1554\/cats.jpg\" imageanchor=\"1\" style=\"margin-left: 1em; margin-right: 1em;\"><img loading=\"lazy\" decoding=\"async\" border=\"0\" data-original-height=\"1166\" data-original-width=\"1554\" height=\"480\" src=\"https:\/\/blogger.googleusercontent.com\/img\/b\/R29vZ2xl\/AVvXsEiLDTZs9gfsguPESY61LW2bxRWYUpZO6hjcIynRdb_Xs5YSJrPsG9X7IidS34_1cnIh7SYXYBlAN1Vnlv0BwF6iUIL0qJx8wyEd7jK0T4q2cHboIr_lgEXhAjpyElkkh3DxY2DgEULNSL2M6eDfA94mopgcjLTd-wKDJy3RSWZVLzUURsf3jNGQJHD8\/w640-h480\/cats.jpg\" width=\"640\"\/><\/a><\/div>\n<\/div>\n<p><span style=\"font-family: verdana;\">A Pol\u00edcia Militar prendeu Willian de Ara\u00fajo Carvalho, 23 anos, por volta das 20h de quarta-feira (10\/05) no Bairro Dirceu Arcoverde, em Parna\u00edba (PI). Ele foi preso depois de roubar uma motocicleta Honda Bros, um aparelho celular, documentos e dinheiro por volta das 18h30 no Bairro Jo\u00e3o XXIII. O rastreamento do celular foi crucial para encontrar o acusado que foi preso pela For\u00e7a T\u00e1tica. Em desfavor de Willian Carvalho havia um mandado de pris\u00e3o em aberto por fuga da Penitenci\u00e1ria Mista de Parna\u00edba, no dia 31 de dezembro de 2022.<\/span><\/p>\n<p><span style=\"font-family: verdana;\"><b>Fonte: Portal Costa Norte<\/b><\/span><\/p>\n<\/div>\n","protected":false},"excerpt":{"rendered":"<p>A Pol\u00edcia Militar prendeu Willian de Ara\u00fajo Carvalho, 23 anos, por volta das 20h de quarta-feira (10\/05) no Bairro Dirceu Arcoverde, em Parna\u00edba (PI). Ele foi preso depois de roubar&hellip; <\/p>\n","protected":false},"author":1,"featured_media":54607,"comment_status":"open","ping_status":"open","sticky":false,"template":"","format":"standard","meta":{"footnotes":""},"categories":[57],"tags":[],"class_list":["post-54606","post","type-post","status-publish","format-standard","has-post-thumbnail","hentry","category-parnaiba"],"_links":{"self":[{"href":"https:\/\/mpiaui.com.br\/antigo\/index.php?rest_route=\/wp\/v2\/posts\/54606","targetHints":{"allow":["GET"]}}],"collection":[{"href":"https:\/\/mpiaui.com.br\/antigo\/index.php?rest_route=\/wp\/v2\/posts"}],"about":[{"href":"https:\/\/mpiaui.com.br\/antigo\/index.php?rest_route=\/wp\/v2\/types\/post"}],"author":[{"embeddable":true,"href":"https:\/\/mpiaui.com.br\/antigo\/index.php?rest_route=\/wp\/v2\/users\/1"}],"replies":[{"embeddable":true,"href":"https:\/\/mpiaui.com.br\/antigo\/index.php?rest_route=%2Fwp%2Fv2%2Fcomments&post=54606"}],"version-history":[{"count":0,"href":"https:\/\/mpiaui.com.br\/antigo\/index.php?rest_route=\/wp\/v2\/posts\/54606\/revisions"}],"wp:featuredmedia":[{"embeddable":true,"href":"https:\/\/mpiaui.com.br\/antigo\/index.php?rest_route=\/wp\/v2\/media\/54607"}],"wp:attachment":[{"href":"https:\/\/mpiaui.com.br\/antigo\/index.php?rest_route=%2Fwp%2Fv2%2Fmedia&parent=54606"}],"wp:term":[{"taxonomy":"category","embeddable":true,"href":"https:\/\/mpiaui.com.br\/antigo\/index.php?rest_route=%2Fwp%2Fv2%2Fcategories&post=54606"},{"taxonomy":"post_tag","embeddable":true,"href":"https:\/\/mpiaui.com.br\/antigo\/index.php?rest_route=%2Fwp%2Fv2%2Ftags&post=54606"}],"curies":[{"name":"wp","href":"https:\/\/api.w.org\/{rel}","templated":true}]}}