{"id":54608,"date":"2023-05-11T22:28:10","date_gmt":"2023-05-12T01:28:10","guid":{"rendered":"https:\/\/mpiaui.com.br\/dias-das-maes-prefeitura-ja-iniciou-a-limpeza-dos-cemiterios-de-luis-correia\/"},"modified":"2023-05-11T22:28:10","modified_gmt":"2023-05-12T01:28:10","slug":"dias-das-maes-prefeitura-ja-iniciou-a-limpeza-dos-cemiterios-de-luis-correia","status":"publish","type":"post","link":"https:\/\/mpiaui.com.br\/antigo\/?p=54608","title":{"rendered":"Dias das M\u00e3es: prefeitura j\u00e1 iniciou a limpeza dos cemit\u00e9rios de Lu\u00eds Correia"},"content":{"rendered":"<p><\/p>\n<div id=\"post-body-6530545682551698982\" itemprop=\"description articleBody\">\n<div style=\"text-align: justify;\">\n<div class=\"separator\" style=\"clear: both; text-align: center;\"><a href=\"https:\/\/blogger.googleusercontent.com\/img\/b\/R29vZ2xl\/AVvXsEirV1_YO-uprPEvj-gT6wYoFUc55llNBYfqW2QFp8DXcj0LYRt123BefA6PSMU-oTZGxnVOQNqP-Hb6hcvov_bjPjQJWthMX_uJIs_SFsbluUPRJ50Nlx7KPtkGNbEZ7Tmw1MM4HA8YLczZGt5pOM6FiUEihV7JlhAt5TxYlh0AtIo71LBxeIhJ4u7p\/s2408\/Sem%20t%C3%ADtulo.jpg\" imageanchor=\"1\" style=\"margin-left: 1em; margin-right: 1em;\"><img loading=\"lazy\" decoding=\"async\" border=\"0\" data-original-height=\"1500\" data-original-width=\"2408\" height=\"398\" src=\"https:\/\/blogger.googleusercontent.com\/img\/b\/R29vZ2xl\/AVvXsEirV1_YO-uprPEvj-gT6wYoFUc55llNBYfqW2QFp8DXcj0LYRt123BefA6PSMU-oTZGxnVOQNqP-Hb6hcvov_bjPjQJWthMX_uJIs_SFsbluUPRJ50Nlx7KPtkGNbEZ7Tmw1MM4HA8YLczZGt5pOM6FiUEihV7JlhAt5TxYlh0AtIo71LBxeIhJ4u7p\/w640-h398\/Sem%20t%C3%ADtulo.jpg\" width=\"640\"\/><\/a><\/div>\n<p><span style=\"font-family: verdana;\">Para receber o p\u00fablico no dia das m\u00e3es, a prefeita Maninha Fontenele solicitou que a  secretaria municipal de obras realizasse a  limpeza e manuten\u00e7\u00e3o dos cemit\u00e9rios  de Lu\u00eds Correia e da zona rural, envolvendo ro\u00e7agem, capina, varri\u00e7\u00e3o e remo\u00e7\u00e3o de algum entulho.<\/span><\/div>\n<div style=\"text-align: justify;\">\n<div class=\"separator\" style=\"clear: both; text-align: center;\"><a href=\"https:\/\/blogger.googleusercontent.com\/img\/b\/R29vZ2xl\/AVvXsEiv5jCvggEycTwYUrWmGviA5NwRxgylIaN3hvFY6vgZTgBHlKUYRMvGtZ1yGPabFQbJQmr3xqZ-YaU2Uf0alE2U-b47MvC5mWfiVurmVY_z3_wteKBdPED4Hwi0AxdOE7t3zCP-0ctSosoq2JMDE-JA5TWWPBWwWO9bFF-NiG0MEQraAiXvI7ZNuXal\/s1200\/cats02.jpg\" imageanchor=\"1\" style=\"margin-left: 1em; margin-right: 1em;\"><img loading=\"lazy\" decoding=\"async\" border=\"0\" data-original-height=\"773\" data-original-width=\"1200\" height=\"412\" src=\"https:\/\/blogger.googleusercontent.com\/img\/b\/R29vZ2xl\/AVvXsEiv5jCvggEycTwYUrWmGviA5NwRxgylIaN3hvFY6vgZTgBHlKUYRMvGtZ1yGPabFQbJQmr3xqZ-YaU2Uf0alE2U-b47MvC5mWfiVurmVY_z3_wteKBdPED4Hwi0AxdOE7t3zCP-0ctSosoq2JMDE-JA5TWWPBWwWO9bFF-NiG0MEQraAiXvI7ZNuXal\/w640-h412\/cats02.jpg\" width=\"640\"\/><\/a><\/div>\n<\/div>\n<p><span style=\"font-family: verdana;\">A equipe est\u00e1 sendo comandada por Pedro Bahia e sua turma do bairro Coqueiro, que vem intensificando os servi\u00e7os, e preparando um ambiente limpo para receber as pessoas que v\u00e3o visitar os t\u00famulos das suas m\u00e3ezinhas que est\u00e3o agora no c\u00e9u.<\/span><\/p>\n<div style=\"text-align: justify;\">\n<div class=\"separator\" style=\"clear: both; text-align: center;\"><a href=\"https:\/\/blogger.googleusercontent.com\/img\/b\/R29vZ2xl\/AVvXsEjo5HQTk7Z7atJkIC83RyFLaILlvPUqJCgc7xCai1jIijo7o2tIu-_KxPR2JiSm5aNw-StlDhRczJrcC_FLVh_vmMgZXxH8TCsIWYxfFOry5tYA-5Qo3p1PUGIVfj9FKF2nrXOBW5tG1o-LqBeGqbX1LmUTM2N7oMCRMPiaZw4D2vOpI7WLN1FDQ09U\/s2238\/Sem%20t%C3%ADtulo.jpg\" imageanchor=\"1\" style=\"margin-left: 1em; margin-right: 1em;\"><img loading=\"lazy\" decoding=\"async\" border=\"0\" data-original-height=\"1500\" data-original-width=\"2238\" height=\"428\" src=\"https:\/\/blogger.googleusercontent.com\/img\/b\/R29vZ2xl\/AVvXsEjo5HQTk7Z7atJkIC83RyFLaILlvPUqJCgc7xCai1jIijo7o2tIu-_KxPR2JiSm5aNw-StlDhRczJrcC_FLVh_vmMgZXxH8TCsIWYxfFOry5tYA-5Qo3p1PUGIVfj9FKF2nrXOBW5tG1o-LqBeGqbX1LmUTM2N7oMCRMPiaZw4D2vOpI7WLN1FDQ09U\/w640-h428\/Sem%20t%C3%ADtulo.jpg\" width=\"640\"\/><\/a><\/div>\n<\/div>\n<p><span style=\"font-family: verdana;\">A prefeita falou que o intuito \u00e9 manter as \u00e1reas de visita\u00e7\u00e3o acess\u00edveis o ano inteiro, por\u00e9m em datas espec\u00edficas, como o dia das m\u00e3es, por exemplo. \u201cA a\u00e7\u00e3o tem como objetivo eliminar tamb\u00e9m criadouros do mosquito e orientar os funcion\u00e1rios do cemit\u00e9rios sobre como prevenir  a prolifera\u00e7\u00e3o do Aedes aegypti. Ent\u00e3o, domingo tudo vai estar preparado para as visita\u00e7\u00f5es\u201d, pontuou a Maninha.<\/span><\/p>\n<\/div>\n","protected":false},"excerpt":{"rendered":"<p>Para receber o p\u00fablico no dia das m\u00e3es, a prefeita Maninha Fontenele solicitou que a secretaria municipal de obras realizasse a limpeza e manuten\u00e7\u00e3o dos cemit\u00e9rios de Lu\u00eds Correia e&hellip; <\/p>\n","protected":false},"author":1,"featured_media":54609,"comment_status":"open","ping_status":"open","sticky":false,"template":"","format":"standard","meta":{"footnotes":""},"categories":[57],"tags":[],"class_list":["post-54608","post","type-post","status-publish","format-standard","has-post-thumbnail","hentry","category-parnaiba"],"_links":{"self":[{"href":"https:\/\/mpiaui.com.br\/antigo\/index.php?rest_route=\/wp\/v2\/posts\/54608","targetHints":{"allow":["GET"]}}],"collection":[{"href":"https:\/\/mpiaui.com.br\/antigo\/index.php?rest_route=\/wp\/v2\/posts"}],"about":[{"href":"https:\/\/mpiaui.com.br\/antigo\/index.php?rest_route=\/wp\/v2\/types\/post"}],"author":[{"embeddable":true,"href":"https:\/\/mpiaui.com.br\/antigo\/index.php?rest_route=\/wp\/v2\/users\/1"}],"replies":[{"embeddable":true,"href":"https:\/\/mpiaui.com.br\/antigo\/index.php?rest_route=%2Fwp%2Fv2%2Fcomments&post=54608"}],"version-history":[{"count":0,"href":"https:\/\/mpiaui.com.br\/antigo\/index.php?rest_route=\/wp\/v2\/posts\/54608\/revisions"}],"wp:featuredmedia":[{"embeddable":true,"href":"https:\/\/mpiaui.com.br\/antigo\/index.php?rest_route=\/wp\/v2\/media\/54609"}],"wp:attachment":[{"href":"https:\/\/mpiaui.com.br\/antigo\/index.php?rest_route=%2Fwp%2Fv2%2Fmedia&parent=54608"}],"wp:term":[{"taxonomy":"category","embeddable":true,"href":"https:\/\/mpiaui.com.br\/antigo\/index.php?rest_route=%2Fwp%2Fv2%2Fcategories&post=54608"},{"taxonomy":"post_tag","embeddable":true,"href":"https:\/\/mpiaui.com.br\/antigo\/index.php?rest_route=%2Fwp%2Fv2%2Ftags&post=54608"}],"curies":[{"name":"wp","href":"https:\/\/api.w.org\/{rel}","templated":true}]}}