{"id":54610,"date":"2023-05-11T22:49:10","date_gmt":"2023-05-12T01:49:10","guid":{"rendered":"https:\/\/mpiaui.com.br\/bom-principio-do-piaui-e-destaque-no-sistema-de-avaliacao-de-ensino-do-piaui-saepi-2022\/"},"modified":"2023-05-11T22:49:10","modified_gmt":"2023-05-12T01:49:10","slug":"bom-principio-do-piaui-e-destaque-no-sistema-de-avaliacao-de-ensino-do-piaui-saepi-2022","status":"publish","type":"post","link":"https:\/\/mpiaui.com.br\/antigo\/?p=54610","title":{"rendered":"Bom Princ\u00edpio do Piau\u00ed \u00e9 destaque no sistema de avalia\u00e7\u00e3o de ensino do Piau\u00ed &#8211; SAEPI 2022"},"content":{"rendered":"<p><\/p>\n<div id=\"post-body-3730368401015975466\" itemprop=\"description articleBody\">\n<div class=\"separator\" style=\"clear: both; text-align: center;\"><span style=\"font-family: verdana; margin-left: 1em; margin-right: 1em;\"><img decoding=\"async\" border=\"0\" src=\"https:\/\/blogger.googleusercontent.com\/img\/b\/R29vZ2xl\/AVvXsEgv6IBrmeMVP-nzFdYXGl_dRDvlipD9SapOAhMJ9BUdUTdYwSyAsSvRI9UPXm42fK6059t-D6PGRP0FV52UZ1_MItQxFCpVjSQQQqm6nkmvdHokb-ILJzsLLugMsHezFxfr3mh-zhICraJeZxmOFOby-EwZ4BpSla1J3W5Oa38BXPB88XBREurQ7Go\/w610-h640\/CAPA.jpg\"\/><\/span><\/div>\n<p><span style=\"font-family: verdana;\">Bom Princ\u00edpio do Piau\u00ed tem muito a comemorar em rela\u00e7\u00e3o \u00e0 educa\u00e7\u00e3o! Isso porque o munic\u00edpio se destacou no Sistema de Avalia\u00e7\u00e3o de Ensino do Piau\u00ed (SAEPI) 2022, que avaliou a profici\u00eancia dos alunos em l\u00edngua portuguesa e matem\u00e1tica. Entre todos os munic\u00edpios geridos pela 1\u00aa Ger\u00eancia Regional de Educa\u00e7\u00e3o (GRE), o munic\u00edpio de Bom Princ\u00edpio do Piau\u00ed est\u00e1 em primeiro lugar, com uma Profici\u00eancia M\u00e9dia Padronizada considerada avan\u00e7ada. Esse \u00e9 um resultado not\u00e1vel, especialmente porque Bom Princ\u00edpio do Piau\u00ed \u00e9 o \u00fanico munic\u00edpio da plan\u00edcie litor\u00e2nea do estado a alcan\u00e7ar tal desempenho. Esses dados refletem diretamente na gest\u00e3o do excelent\u00edssimo prefeito Lucas Moraes, que tem trabalhado para investir em pol\u00edticas p\u00fablicas voltadas para a educa\u00e7\u00e3o e garantir uma melhor forma\u00e7\u00e3o dos alunos.<\/span><\/p>\n<p><span style=\"font-family: verdana;\">As turmas de 2\u00b0, 5 \u00b0 e 9\u00b0 ano das escolas; U. E. Virg\u00edlio Alves Cardoso, U. E. Felipe Conduru, U. E. Sebasti\u00e3o Bezerra, U. E. L\u00edvio Ribeiro dos Santos, U. E. Joaquim Alves Moraes, U. E. Presidente Get\u00falio Vargas e Gin\u00e1sio Teresinha de Jesus Marques Rabelo realizaram a avalia\u00e7\u00e3o externa do SAEPI com os componentes curriculares Matem\u00e1tica e Portugu\u00eas, sendo as turmas do 2\u00b0 Ano o maior destaque da avalia\u00e7\u00e3o conquistando em L\u00edngua Portuguesa 84% do percentual avan\u00e7ado e Matem\u00e1tica 81%.<\/span><\/p>\n<p><span style=\"font-family: verdana;\">A Secret\u00e1ria Municipal de Educa\u00e7\u00e3o Jacyrema Gouv\u00eaa afirmou que o resultado \u00e9 consequ\u00eancia de um trabalho di\u00e1rio de sua competente equipe de Coordenadores; Aurineide Dionisio, Maria Jos\u00e9 Pereira, Maria de Jesus Albuquerque, Luiz Carlos Brito e Maria Gorete Galeno e de todos os Professores do Ciclo de Alfabetiza\u00e7\u00e3o e Anos Iniciais do Ensino Fundamental que se dedicam diariamente ao seu trabalho, participando de forma\u00e7\u00f5es, sempre em busca de qualifica\u00e7\u00e3o, assim como tamb\u00e9m, os nossos alunos e seus familiares, pois sem eles n\u00e3o ter\u00edamos essa grande vit\u00f3ria.<\/span><\/p>\n<p><span style=\"font-family: verdana;\">&#8220;Tenho muito orgulho de gerir a Secretaria de Educa\u00e7\u00e3o de Bom Princ\u00edpio do Piau\u00ed e poder apresentar ao nosso maior incentivador, o prefeito Lucas Moraes, excelentes resultados.&#8221;<\/span><\/p>\n<p><span style=\"font-family: verdana;\">A secret\u00e1ria ainda reafirmou que o trabalho continua para elevar ainda mais a educa\u00e7\u00e3o de Bom Princ\u00edpio e anunciou que para o segundo semestre tem muitas novidades como o PR\u00c9-BOM que \u00e9 um preparat\u00f3rio para SAEB, SAEPI e para as provas do IFPI.<\/span><\/p>\n<div class=\"separator\" style=\"clear: both; text-align: center;\"><span style=\"font-family: verdana; margin-left: 1em; margin-right: 1em;\"><img decoding=\"async\" border=\"0\" src=\"https:\/\/blogger.googleusercontent.com\/img\/b\/R29vZ2xl\/AVvXsEhWPrB0K4HmPlSexFSpJFOUJOIR9j-tRJBSsQuS_PuQst5S2HxaQavmdpMKIUOdaDnL8G7ehBcFu3-Mk-uKMaoxIgmv1uv_a-gtJ42uJoKIBzci-HvjxKRfLC0qnRVpIcF9haPvqjrySoI2-KYHm2opvbufd8An5eVsWHUDj06QrW3Bc1Df-40cTO4\/w512-h640\/SAEPI%202022PORTU_1.jpg\"\/><\/span><\/div>\n<div class=\"separator\" style=\"clear: both; text-align: center;\"><span style=\"font-family: verdana; margin-left: 1em; margin-right: 1em;\"><img decoding=\"async\" border=\"0\" src=\"https:\/\/blogger.googleusercontent.com\/img\/b\/R29vZ2xl\/AVvXsEgFrqkoYC5QYVfqS7vqool0SDVVUStDejqkN_GgWljqbAG7RLqNRT5cgAbI_RQUP9kJJOSj96KkmrGJGJEOBq4gB9UCc9LXW3uU2QWEskK-YQiT7PRNwElY-HwOz2CJZ5-sk4dx54kVm3dosJejGqQhku0X_hDhUwxxIOYu-5XJDCn2pBd3j1gbIi4\/w512-h640\/SAEPI%202022PORTU_2.jpg\"\/><\/span><\/div>\n<div class=\"separator\" style=\"clear: both; text-align: center;\"><span style=\"font-family: verdana; margin-left: 1em; margin-right: 1em;\"><img decoding=\"async\" border=\"0\" src=\"https:\/\/blogger.googleusercontent.com\/img\/b\/R29vZ2xl\/AVvXsEiV27C0l7w3D38xXNMkw7iS-XMGBzziu5Ktpi1BogyZsvlfQD4p4-ty6WSOwO0S6I41ZVTR6sbhPvwSW-7Ox5mRd9B2e5YkHp-f1KCutGNFegueW4NY7sUb18Cw3O6yTcQyECeD32JpwZ23qbYn-HNmRenL1f4zsn0a-C_m0nrBb97FFqEfIK72rvE\/w512-h640\/SAEPI%202022MATE_1.jpg\"\/><\/span><\/div>\n<div class=\"separator\" style=\"clear: both; text-align: center;\"><span style=\"font-family: verdana; margin-left: 1em; margin-right: 1em;\"><img decoding=\"async\" border=\"0\" src=\"https:\/\/blogger.googleusercontent.com\/img\/b\/R29vZ2xl\/AVvXsEgkB3xGWIN6rB3LU31tjEBvgUfnlvV0oCzAd8MOOoPylNtFSR8O4KSOLYkfJyhRoMAckxSRCPBUB2S3iHzEOBMAKbXSSEfhSEoJSFEjxhu53znFA6kwLZ2GFVVjJWKftYHPDa9nNUrSZOITA8IDOBxD-VN6SaUbQ8OAOqGGtcoM9XIszGX_zoRu20A\/w512-h640\/SAEPI%202022MATE_2.jpg\"\/>\u00a0<\/span><\/div>\n<p><span style=\"font-family: verdana;\">\u00a0 \u00a0 \u00a0 \u00a0 \u00a0 \u00a0 FONTE: SECOM &#8211; PMBPP<\/span><\/p>\n<\/div>\n","protected":false},"excerpt":{"rendered":"<p>Bom Princ\u00edpio do Piau\u00ed tem muito a comemorar em rela\u00e7\u00e3o \u00e0 educa\u00e7\u00e3o! Isso porque o munic\u00edpio se destacou no Sistema de Avalia\u00e7\u00e3o de Ensino do Piau\u00ed (SAEPI) 2022, que avaliou&hellip; <\/p>\n","protected":false},"author":1,"featured_media":54611,"comment_status":"open","ping_status":"open","sticky":false,"template":"","format":"standard","meta":{"footnotes":""},"categories":[57],"tags":[],"class_list":["post-54610","post","type-post","status-publish","format-standard","has-post-thumbnail","hentry","category-parnaiba"],"_links":{"self":[{"href":"https:\/\/mpiaui.com.br\/antigo\/index.php?rest_route=\/wp\/v2\/posts\/54610","targetHints":{"allow":["GET"]}}],"collection":[{"href":"https:\/\/mpiaui.com.br\/antigo\/index.php?rest_route=\/wp\/v2\/posts"}],"about":[{"href":"https:\/\/mpiaui.com.br\/antigo\/index.php?rest_route=\/wp\/v2\/types\/post"}],"author":[{"embeddable":true,"href":"https:\/\/mpiaui.com.br\/antigo\/index.php?rest_route=\/wp\/v2\/users\/1"}],"replies":[{"embeddable":true,"href":"https:\/\/mpiaui.com.br\/antigo\/index.php?rest_route=%2Fwp%2Fv2%2Fcomments&post=54610"}],"version-history":[{"count":0,"href":"https:\/\/mpiaui.com.br\/antigo\/index.php?rest_route=\/wp\/v2\/posts\/54610\/revisions"}],"wp:featuredmedia":[{"embeddable":true,"href":"https:\/\/mpiaui.com.br\/antigo\/index.php?rest_route=\/wp\/v2\/media\/54611"}],"wp:attachment":[{"href":"https:\/\/mpiaui.com.br\/antigo\/index.php?rest_route=%2Fwp%2Fv2%2Fmedia&parent=54610"}],"wp:term":[{"taxonomy":"category","embeddable":true,"href":"https:\/\/mpiaui.com.br\/antigo\/index.php?rest_route=%2Fwp%2Fv2%2Fcategories&post=54610"},{"taxonomy":"post_tag","embeddable":true,"href":"https:\/\/mpiaui.com.br\/antigo\/index.php?rest_route=%2Fwp%2Fv2%2Ftags&post=54610"}],"curies":[{"name":"wp","href":"https:\/\/api.w.org\/{rel}","templated":true}]}}