{"id":54613,"date":"2023-05-11T23:11:27","date_gmt":"2023-05-12T02:11:27","guid":{"rendered":"https:\/\/mpiaui.com.br\/tribunal-do-juri-de-buriti-dos-lopes-absolve-reu-acusado-de-atira-e-matar-vitima-com-tiro-na-garganta-video\/"},"modified":"2023-05-11T23:11:27","modified_gmt":"2023-05-12T02:11:27","slug":"tribunal-do-juri-de-buriti-dos-lopes-absolve-reu-acusado-de-atira-e-matar-vitima-com-tiro-na-garganta-video","status":"publish","type":"post","link":"https:\/\/mpiaui.com.br\/antigo\/?p=54613","title":{"rendered":"Tribunal do J\u00fari de Buriti dos Lopes, absolve r\u00e9u acusado de atira e matar v\u00edtima com tiro na garganta; V\u00cdDEO"},"content":{"rendered":"<p><\/p>\n<div id=\"post-body-8819421928213956024\" itemprop=\"description articleBody\">\n<div class=\"separator\" style=\"clear: both; text-align: center;\"><span style=\"font-family: verdana; margin-left: 1em; margin-right: 1em;\"><img loading=\"lazy\" decoding=\"async\" border=\"0\" height=\"355\" src=\"https:\/\/blogger.googleusercontent.com\/img\/b\/R29vZ2xl\/AVvXsEjutoud16OfOjg6AxFtZHZgy9xBCiH6-XL2GrQEFLqZY5CFi85P4e2MWSq4zWNznKLVBhhpKM1TEOi8fduMY-JtGl_g6l281ryb8r4qlvNZPDhYWy16TAB7qehN37KICJJxzCaOTW0UYLAxbFOCKSgiRQCH2rTfdT8aqJuJywUmaN8NgoeHItzIhcuI5w\/w640-h355\/Screenshot_20230511-201253_1.jpg\" width=\"640\"\/><\/span><\/div>\n<p><span style=\"font-family: verdana;\">Nesta segunda-feira, dia 9 de maio de 2023, foi realizado no Plen\u00e1rio da C\u00e2mara Municipal de Buriti dos Lopes, o j\u00fari popular que julgou o ent\u00e3o r\u00e9u, Francisco das Chagas dos Santos, 44 anos, vulgo Laruda, acusado de efetuar um disparo de arma de fogo na garganta e matar a v\u00edtima, Gilvan Ferreira Versoza, 29 anos &#8211; o conselho de senten\u00e7a reconheceu que o r\u00e9u n\u00e3o teve intens\u00e3o de matar a v\u00edtima.<\/span><\/p>\n<div class=\"separator\" style=\"clear: both; text-align: center;\"><span style=\"font-family: verdana; margin-left: 1em; margin-right: 1em;\"><img loading=\"lazy\" decoding=\"async\" border=\"0\" height=\"359\" src=\"https:\/\/blogger.googleusercontent.com\/img\/b\/R29vZ2xl\/AVvXsEgE_oYmbPHovyJLmZqeLVhfNsPsxf_raA0HWbfy71VZYIbtdclo9qwZaGe92Q7Ak_gTuUXnXvCzTpOUXLvqpNvyVLERzQ8HPA6-Hi3lWp39bxd6Oh7-ZKgyJZZjF3UTVToUPaRFwSuwGHH5ae0oTTaL-irrinHciek-cWPypdCvntJOFsU9ZziJPJZaVQ\/w640-h359\/Screenshot_20230511-201500_1.jpg\" width=\"640\"\/><\/span><\/div>\n<p><span style=\"font-family: verdana;\">A Promotora de Justi\u00e7a, defendeu arduamente os interesses da v\u00edtima apresentando provas robustas contra o acusado. Ap\u00f3s ouvir as testemunhas e debates de teses, o j\u00fari entendeu por absolver o r\u00e9u do homic\u00eddio consumado, entendendo que apesar de efetuar o tiro na regi\u00e3o da garganta, o r\u00e9u n\u00e3o tinha inten\u00e7\u00e3o de matar. <b>VEJA O V\u00cdDEO:<\/b><\/span><\/p>\n<p><span style=\"font-family: verdana;\"><span style=\"font-family: verdana; margin-left: 1em; margin-right: 1em;\"><iframe loading=\"lazy\" title=\"1\u00b0 Parte - J\u00fari Popular em Buriti dos Lopes PI - homem que matou, saiu pela porta da frente\" width=\"1110\" height=\"624\" src=\"https:\/\/www.youtube.com\/embed\/oJtPxnfU9s8?feature=oembed\" frameborder=\"0\" allow=\"accelerometer; autoplay; clipboard-write; encrypted-media; gyroscope; picture-in-picture; web-share\" allowfullscreen><\/iframe><\/span><\/span><\/p>\n<p><span style=\"font-family: verdana;\">Lament\u00e1vel, estamos vivermos uma crise moral instalada em nossos sentimentos que nem o choro dos parentes e desmaio dos familiares no momento da leitura da senten\u00e7a foi capaz de emocionar os jurados. \u201cA responsabilidade de assumir tal ocupa\u00e7\u00e3o tempor\u00e1ria, exige sensatez e coer\u00eancia, o que n\u00e3o houve no j\u00fari\u201d. Diz a Promotora Francineide.<\/span><\/p>\n<p><span style=\"font-family: verdana;\">No momento do j\u00fari, o advogado em defesa do homicida tentou descontruir as teses do Minist\u00e9rio P\u00fablico afirmando que \u201cO tiro efetuado no pesco\u00e7o da v\u00edtima n\u00e3o era para matar\u201d.<\/span><\/p>\n<p><span style=\"font-family: verdana;\">Lamentavelmente, o sentimento de impunidade bate \u00e0 porta dos filhos e familiares desolados e desesperados com uma verdadeira injusti\u00e7a distribu\u00edda no j\u00fari popular de Buriti dos Lopes \u2013 PI. Juntamente com isso, o r\u00e9u saiu sorridente pela porta da frente da C\u00e2mara Municipal na certeza que o crime compensa e a justi\u00e7a buritiense \u00e9 falha, um verdadeiro deboche com a justi\u00e7a brasileira.<\/span><\/p>\n<p><span style=\"font-family: verdana;\">No final, o R\u00e9u foi condenado simbolicamente no artigo 129, \u00a73\u00ba do c\u00f3digo penal (les\u00e3o corporal seguida de morte) com pena a ser cumprida no total de 5 anos 9 meses e 15 dias no regime semiaberto. Pasmem meus amigos, foi concedido ao R\u00e9u o direito de recorrer em liberdade.<\/span><\/p>\n<p><span style=\"font-family: verdana;\">(In) Justi\u00e7a, antes de ontem Buriti dos Lopes, foi testemunha de um dos atos mais desumanos que ocorreu em nossa hist\u00f3ria jur\u00eddica. Nossa equipe de reportagem, procurou a Promotora de Justi\u00e7a Dra. Francineide, no qual afirmou com indigna\u00e7\u00e3o: \u201cS\u00f3 nos resta esperar a aplica\u00e7\u00e3o da justi\u00e7a divina nesse momento de extrema tristeza dos familiares\u201d e por derradeiro clamou a fam\u00edlia e a sociedade \u201cn\u00e3o fa\u00e7am justi\u00e7a com as pr\u00f3prias m\u00e3os\u201d.<\/span><\/p>\n<p><span style=\"font-family: verdana;\"><b>Por Rurik Ara\u00fajo (Portal do Rurik)<\/b><\/span><\/p>\n<\/div>\n","protected":false},"excerpt":{"rendered":"<p>Nesta segunda-feira, dia 9 de maio de 2023, foi realizado no Plen\u00e1rio da C\u00e2mara Municipal de Buriti dos Lopes, o j\u00fari popular que julgou o ent\u00e3o r\u00e9u, Francisco das Chagas&hellip; <\/p>\n","protected":false},"author":1,"featured_media":54614,"comment_status":"open","ping_status":"open","sticky":false,"template":"","format":"standard","meta":{"footnotes":""},"categories":[57],"tags":[],"class_list":["post-54613","post","type-post","status-publish","format-standard","has-post-thumbnail","hentry","category-parnaiba"],"_links":{"self":[{"href":"https:\/\/mpiaui.com.br\/antigo\/index.php?rest_route=\/wp\/v2\/posts\/54613","targetHints":{"allow":["GET"]}}],"collection":[{"href":"https:\/\/mpiaui.com.br\/antigo\/index.php?rest_route=\/wp\/v2\/posts"}],"about":[{"href":"https:\/\/mpiaui.com.br\/antigo\/index.php?rest_route=\/wp\/v2\/types\/post"}],"author":[{"embeddable":true,"href":"https:\/\/mpiaui.com.br\/antigo\/index.php?rest_route=\/wp\/v2\/users\/1"}],"replies":[{"embeddable":true,"href":"https:\/\/mpiaui.com.br\/antigo\/index.php?rest_route=%2Fwp%2Fv2%2Fcomments&post=54613"}],"version-history":[{"count":0,"href":"https:\/\/mpiaui.com.br\/antigo\/index.php?rest_route=\/wp\/v2\/posts\/54613\/revisions"}],"wp:featuredmedia":[{"embeddable":true,"href":"https:\/\/mpiaui.com.br\/antigo\/index.php?rest_route=\/wp\/v2\/media\/54614"}],"wp:attachment":[{"href":"https:\/\/mpiaui.com.br\/antigo\/index.php?rest_route=%2Fwp%2Fv2%2Fmedia&parent=54613"}],"wp:term":[{"taxonomy":"category","embeddable":true,"href":"https:\/\/mpiaui.com.br\/antigo\/index.php?rest_route=%2Fwp%2Fv2%2Fcategories&post=54613"},{"taxonomy":"post_tag","embeddable":true,"href":"https:\/\/mpiaui.com.br\/antigo\/index.php?rest_route=%2Fwp%2Fv2%2Ftags&post=54613"}],"curies":[{"name":"wp","href":"https:\/\/api.w.org\/{rel}","templated":true}]}}