{"id":54615,"date":"2023-05-12T04:14:45","date_gmt":"2023-05-12T07:14:45","guid":{"rendered":"https:\/\/mpiaui.com.br\/disney-confirma-sexta-feira-muito-louca-2-com-lindsay-lohan-e-jamie-lee-curtis\/"},"modified":"2023-05-12T04:14:45","modified_gmt":"2023-05-12T07:14:45","slug":"disney-confirma-sexta-feira-muito-louca-2-com-lindsay-lohan-e-jamie-lee-curtis","status":"publish","type":"post","link":"https:\/\/mpiaui.com.br\/antigo\/?p=54615","title":{"rendered":"Disney confirma \u201cSexta-Feira Muito Louca 2\u201c com Lindsay Lohan e Jamie Lee Curtis"},"content":{"rendered":"<p> [ad_1]<br \/>\n<\/p>\n<div>\n<p>Vinte anos ap\u00f3s o lan\u00e7amento de \u201cSexta-Feira Muito Louca\u201d (ou \u201cFreaky Friday\u201d, em ingl\u00eas), de 2003, as estrelas<a href=\"https:\/\/www.cnnbrasil.com.br\/tudo-sobre\/lindsay-lohan\/\"> Lindsay Lohan<\/a> e <a href=\"https:\/\/www.cnnbrasil.com.br\/tudo-sobre\/jamie-lee-curtis\/\">Jamie Lee Curtis<\/a> est\u00e3o prontas para retornar em uma sequ\u00eancia.<\/p>\n<p>Em uma entrevista ao The New York Times sobre o 20\u00ba anivers\u00e1rio do longa, as atrizes confirmaram que est\u00e3o bem interessadas na continua\u00e7\u00e3o: \u201cEnquanto eu viajava pelo mundo com \u201cHalloween Ends\u201d (filme de 2022), as pessoas queriam saber se haveria um \u201cSexta-Feira Muito Louca 2\u201d, contou Curtis.<\/p>\n<p>\u201cAlgo nisso me sensibilizou. Quando voltei [para casa], liguei para meus amigos da <a href=\"https:\/\/www.cnnbrasil.com.br\/tudo-sobre\/disney\/\">Disney<\/a> e disse: \u2018Parece que h\u00e1 um filme a ser feito&#8221;\u201d.<a href=\"https:\/\/www.cnnbrasil.com.br\/entretenimento\/lindsay-lohan-estrela-de-meninas-malvadas-anuncia-gravidez-de-seu-primeiro-filho\/#:~:text=A%20atriz%20Lindsay%20Lohan%20anunciou,escreveu%20a%20atriz%20no%20post.\"> Lindsay Lohan, gr\u00e1vida de seu primeiro filho<\/a>, tamb\u00e9m se mostrou empolgada: \u201cJamie e eu estamos abertas a isso, estamos deixando nas m\u00e3os de quem estiver interessado\u201d, disse. \u201cSeria apenas fazer algo que as pessoas adorariam.\u201d<\/p>\n<aside class=\"read__too\">   <\/aside>\n<p>\u201cSexta-Feira Muito Louca\u201d \u00e9 baseado em uma com\u00e9dia de 1972, que em portugu\u00eas leva o nome de \u201cUm Dia Muito Louco\u201d.<\/p>\n<p>A produ\u00e7\u00e3o foi um grande sucesso e uma das mais amadas com Lindsay Lohan no elenco \u2013 os anos 2000 foram marcados por trabalhos da atriz, uma das queridinhas dos millenials. Ela interpreta a adolescente Anna Coleman, que troca de corpo com sua m\u00e3e, Tess Coleman, interpretada por Curtis.<\/p>\n<p>Assim como o p\u00fablico deu boas risadas com o filme, a dupla tamb\u00e9m se divertiu durante as filmagens. No papo com o The New York Times, Curtis revelou que a rela\u00e7\u00e3o entre as atrizes sempre foi muito f\u00e1cil. \u201cLindsay era fluida\u2026 Se voc\u00ea assiste a \u2018Opera\u00e7\u00e3o Cupido\u2019, consegue ver a facilidade dela como atriz, \u00e9 realmente impressionante. Era um trabalho grande, uma produ\u00e7\u00e3o grande e a nossa rela\u00e7\u00e3o foi bem tranquila\u201d, disse.<\/p>\n<p>Lohan tamb\u00e9m n\u00e3o poupou elogios \u00e0 m\u00e3e fict\u00edcia. \u201cEla apareceu com essa personalidade contagiante que d\u00e1 o tom do dia inteiro. Me colocou debaixo dos bra\u00e7os imediatamente. Eu estava t\u00e3o nervosa de fazer o meu primeiro beijo na frente das c\u00e2meras e ela veio falar comigo no trailer, fez isso ser algo engra\u00e7ado.\u201d<\/p>\n<p>\u201cMinha mem\u00f3ria mais forte \u00e9 a cena em que n\u00f3s duas est\u00e1vamos no carro comendo batatas fritas\u201d, disse Curtis. \u201cSe eu receber uma mensagem do nada dizendo \u2018Ei Jamie, \u00e9 a Linds\u2019, eu respondo: \u2018Prove. Qual era m\u00fasica que est\u00e1vamos tentando aprender durante \u2018Sexta-Feira Muito Louca\u2019?\u2019. Se a pessoa responder \u2018Like I Love You\u2019 de <a href=\"https:\/\/www.cnnbrasil.com.br\/tudo-sobre\/justin-timberlake\/\">Justin Timberlake<\/a>, ent\u00e3o sei que \u00e9 Lindsay Lohan\u201d.<\/p>\n<p>A Disney confirmou que a sequ\u00eancia est\u00e1 em fase de desenvolvimento e que Elyse Hollander est\u00e1 escrevendo o roteiro. As atrizes em fase de negocia\u00e7\u00e3o com a produtora.<\/p>\n<div class=\"translated_stamp\"><a href=\"https:\/\/www.cnn.com\/2023\/05\/11\/entertainment\/freaky-friday-sequel?cid=external-feeds_iluminar_cnn-brasil\" title=\"ingl\u00eas\" alt=\"ingl\u00eas\" rel=\"nofollow noopener\" target=\"_blank\"><\/p>\n<p class=\"translated_stamp_text\">Este conte\u00fado foi criado originalmente em ingl\u00eas.<\/p>\n<div class=\"translated_stamp_right\">\n<figure class=\"translated_logo\"><img decoding=\"async\" src=\"https:\/\/www.cnnbrasil.com.br\/wp-content\/uploads\/sites\/12\/2021\/12\/CNN-Logo.png?w=75\" alt=\"ingl\u00eas\"\/><\/figure>\n<p class=\"translated_stamp_subtext\">vers\u00e3o original<\/p>\n<p><svg xmlns=\"http:\/\/www.w3.org\/2000\/svg\" width=\"7\" height=\"16\" viewbox=\"0 0 7 16\" fill=\"none\"><path d=\"M1 1.46338L5.81891 6.88465C6.49248 7.64242 6.49248 8.78433 5.81891 9.54211L1 14.9634\" stroke=\"#A81D1D\" stroke-linecap=\"round\" stroke-linejoin=\"round\"\/><\/svg><\/div>\n<\/div>\n<section class=\"bottom__share\">\n<p> Compartilhe:<\/p>\n<\/section>\n<aside> <\/aside>\n<\/p><\/div>\n","protected":false},"excerpt":{"rendered":"<p>[ad_1] Vinte anos ap\u00f3s o lan\u00e7amento de \u201cSexta-Feira Muito Louca\u201d (ou \u201cFreaky Friday\u201d, em ingl\u00eas), de 2003, as estrelas Lindsay Lohan e Jamie Lee Curtis est\u00e3o prontas para retornar em&hellip; <\/p>\n","protected":false},"author":1,"featured_media":54616,"comment_status":"open","ping_status":"open","sticky":false,"template":"","format":"standard","meta":{"footnotes":""},"categories":[25],"tags":[],"class_list":["post-54615","post","type-post","status-publish","format-standard","has-post-thumbnail","hentry","category-entretenimento"],"_links":{"self":[{"href":"https:\/\/mpiaui.com.br\/antigo\/index.php?rest_route=\/wp\/v2\/posts\/54615","targetHints":{"allow":["GET"]}}],"collection":[{"href":"https:\/\/mpiaui.com.br\/antigo\/index.php?rest_route=\/wp\/v2\/posts"}],"about":[{"href":"https:\/\/mpiaui.com.br\/antigo\/index.php?rest_route=\/wp\/v2\/types\/post"}],"author":[{"embeddable":true,"href":"https:\/\/mpiaui.com.br\/antigo\/index.php?rest_route=\/wp\/v2\/users\/1"}],"replies":[{"embeddable":true,"href":"https:\/\/mpiaui.com.br\/antigo\/index.php?rest_route=%2Fwp%2Fv2%2Fcomments&post=54615"}],"version-history":[{"count":0,"href":"https:\/\/mpiaui.com.br\/antigo\/index.php?rest_route=\/wp\/v2\/posts\/54615\/revisions"}],"wp:featuredmedia":[{"embeddable":true,"href":"https:\/\/mpiaui.com.br\/antigo\/index.php?rest_route=\/wp\/v2\/media\/54616"}],"wp:attachment":[{"href":"https:\/\/mpiaui.com.br\/antigo\/index.php?rest_route=%2Fwp%2Fv2%2Fmedia&parent=54615"}],"wp:term":[{"taxonomy":"category","embeddable":true,"href":"https:\/\/mpiaui.com.br\/antigo\/index.php?rest_route=%2Fwp%2Fv2%2Fcategories&post=54615"},{"taxonomy":"post_tag","embeddable":true,"href":"https:\/\/mpiaui.com.br\/antigo\/index.php?rest_route=%2Fwp%2Fv2%2Ftags&post=54615"}],"curies":[{"name":"wp","href":"https:\/\/api.w.org\/{rel}","templated":true}]}}