{"id":54617,"date":"2023-05-12T06:39:21","date_gmt":"2023-05-12T09:39:21","guid":{"rendered":"https:\/\/mpiaui.com.br\/deputado-rafael-anuncia-entrega-da-sede-da-apac-de-timon\/"},"modified":"2023-05-12T06:39:21","modified_gmt":"2023-05-12T09:39:21","slug":"deputado-rafael-anuncia-entrega-da-sede-da-apac-de-timon","status":"publish","type":"post","link":"https:\/\/mpiaui.com.br\/antigo\/?p=54617","title":{"rendered":"Deputado Rafael anuncia entrega da sede da APAC de Timon"},"content":{"rendered":"<p><\/p>\n<div>\n<p><em><strong><img loading=\"lazy\" data-attachment-id=\"41448\" data-permalink=\"https:\/\/vejatimon.com\/geral\/deputado-rafael-anuncia-entrega-da-sede-da-apac-de-timon\/attachment\/img-20230512-wa0009\/\" data-orig-file=\"https:\/\/vejatimon.com\/wp-content\/uploads\/2023\/05\/IMG-20230512-WA0009.jpg\" data-orig-size=\"683,610\" data-comments-opened=\"1\" data-image-meta=\"{&quot;aperture&quot;:&quot;0&quot;,&quot;credit&quot;:&quot;&quot;,&quot;camera&quot;:&quot;&quot;,&quot;caption&quot;:&quot;&quot;,&quot;created_timestamp&quot;:&quot;0&quot;,&quot;copyright&quot;:&quot;&quot;,&quot;focal_length&quot;:&quot;0&quot;,&quot;iso&quot;:&quot;0&quot;,&quot;shutter_speed&quot;:&quot;0&quot;,&quot;title&quot;:&quot;&quot;,&quot;orientation&quot;:&quot;0&quot;}\" data-image-title=\"IMG-20230512-WA0009\" data-image-description=\"\" data-image-caption=\"\" data-medium-file=\"https:\/\/vejatimon.com\/wp-content\/uploads\/2023\/05\/IMG-20230512-WA0009-300x268.jpg\" data-large-file=\"https:\/\/vejatimon.com\/wp-content\/uploads\/2023\/05\/IMG-20230512-WA0009.jpg\" decoding=\"async\" class=\"alignnone size-full wp-image-41448\" src=\"https:\/\/vejatimon.com\/wp-content\/uploads\/2023\/05\/IMG-20230512-WA0009.jpg\" alt=\"\" width=\"683\" height=\"610\" srcset=\"https:\/\/vejatimon.com\/wp-content\/uploads\/2023\/05\/IMG-20230512-WA0009.jpg 683w, https:\/\/vejatimon.com\/wp-content\/uploads\/2023\/05\/xIMG-20230512-WA0009-300x268.jpg.pagespeed.ic.PE1K0UNmrt.jpg 300w\" sizes=\"auto, (max-width: 683px) 100vw, 683px\" data-pagespeed-url-hash=\"1656207813\" onload=\"pagespeed.CriticalImages.checkImageForCriticality(this);\"\/>Destacou ainda a parceria, com Brand\u00e3o, o ministro Dino e governo Lula para o avan\u00e7o nas pol\u00edticas p\u00fablicas do sistema penitenci\u00e1rio<\/strong><\/em><\/p>\n<p>O deputado Rafael, em seu discurso na Sess\u00e3o desta quinta-feira (11), na Assembleia Legislativa, falou sobre os \u00eaxitos no Sistema Penitenci\u00e1rio do Maranh\u00e3o. Na ocasi\u00e3o, anunciou que a APAC de Timon ser\u00e1 entregue, nos pr\u00f3ximos dias. Obra com recursos 100 % do DEPEN, o Departamento do Sistema Penitenci\u00e1rio Nacional.<\/p>\n<p>Ainda sobre o Sistema penitenci\u00e1rio, o deputado repercutiu a ida de policiais penais da Academia de Gest\u00e3o Penitenci\u00e1ria do Maranh\u00e3o ao Equador para ministrar o primeiro curso de unidades penitenci\u00e1rias especiais na cidade de Baeza. \u201cO Governador Carlos Brand\u00e3o tem o maior apre\u00e7o a essa pol\u00edtica e faz hoje o que era inimagin\u00e1vel anos atr\u00e1s para o estado do Maranh\u00e3o, que \u00e9 exportar capital intelectual para outros pa\u00edses no que diz respeito \u00e0 gest\u00e3o do Sistema Penitenci\u00e1rio do nosso estado\u201d, ressaltou Rafael.<\/p>\n<p>O parlamentar complementou que a fase de decapita\u00e7\u00e3o e de abandono, hoje, no Maranh\u00e3o, n\u00e3o existe mais. \u201cHoje, temos um trabalho eficiente em nosso Sistema de Seguran\u00e7a, que ressocializa de verdade os apenados. Ter hoje o Senador Fl\u00e1vio Dino na posi\u00e7\u00e3o de Ministro da Justi\u00e7a faz ainda mais essas pol\u00edticas terem efici\u00eancia\u201d, finalizou.<\/p>\n<p><em><strong>APAC<\/strong><\/em><\/p>\n<p>A Associa\u00e7\u00e3o de Prote\u00e7\u00e3o e Assist\u00eancia aos Condenados (APAC) tem o diferencial de que os pr\u00f3prios internos colaboram com a administra\u00e7\u00e3o da institui\u00e7\u00e3o. Respons\u00e1veis pela unidade e s\u00e3o orientados a seguir uma vida pautada no trabalho e no estudo<\/p>\n<p>Tamb\u00e9m s\u00e3o realizadas atividades de socializa\u00e7\u00e3o, cursos profissionalizantes, atendimento m\u00e9dico, odontol\u00f3gico, servi\u00e7o social, assist\u00eancia jur\u00eddica, dentre outros servi\u00e7os.<\/p>\n<p><img data-attachment-id=\"41449\" data-permalink=\"https:\/\/vejatimon.com\/geral\/deputado-rafael-anuncia-entrega-da-sede-da-apac-de-timon\/attachment\/img-20230512-wa0010\/\" data-orig-file=\"https:\/\/vejatimon.com\/wp-content\/uploads\/2023\/05\/IMG-20230512-WA0010.jpg\" data-orig-size=\"1600,900\" data-comments-opened=\"1\" data-image-meta=\"{&quot;aperture&quot;:&quot;0&quot;,&quot;credit&quot;:&quot;&quot;,&quot;camera&quot;:&quot;&quot;,&quot;caption&quot;:&quot;&quot;,&quot;created_timestamp&quot;:&quot;0&quot;,&quot;copyright&quot;:&quot;&quot;,&quot;focal_length&quot;:&quot;0&quot;,&quot;iso&quot;:&quot;0&quot;,&quot;shutter_speed&quot;:&quot;0&quot;,&quot;title&quot;:&quot;&quot;,&quot;orientation&quot;:&quot;0&quot;}\" data-image-title=\"IMG-20230512-WA0010\" data-image-description=\"\" data-image-caption=\"\" data-medium-file=\"https:\/\/vejatimon.com\/wp-content\/uploads\/2023\/05\/IMG-20230512-WA0010-300x169.jpg\" data-large-file=\"https:\/\/vejatimon.com\/wp-content\/uploads\/2023\/05\/IMG-20230512-WA0010-1024x576.jpg\" decoding=\"async\" loading=\"lazy\" class=\"alignnone size-full wp-image-41449\" src=\"https:\/\/vejatimon.com\/wp-content\/uploads\/2023\/05\/xIMG-20230512-WA0010.jpg.pagespeed.ic.SlbtKqlzxC.jpg\" alt=\"\" width=\"1600\" height=\"900\" srcset=\"https:\/\/vejatimon.com\/wp-content\/uploads\/2023\/05\/xIMG-20230512-WA0010.jpg.pagespeed.ic.SlbtKqlzxC.jpg 1600w, https:\/\/vejatimon.com\/wp-content\/uploads\/2023\/05\/xIMG-20230512-WA0010-300x169.jpg.pagespeed.ic.qLhWoJyGVz.jpg 300w, https:\/\/vejatimon.com\/wp-content\/uploads\/2023\/05\/IMG-20230512-WA0010-1024x576.jpg 1024w, https:\/\/vejatimon.com\/wp-content\/uploads\/2023\/05\/IMG-20230512-WA0010-768x432.jpg 768w, https:\/\/vejatimon.com\/wp-content\/uploads\/2023\/05\/IMG-20230512-WA0010-1536x864.jpg 1536w, https:\/\/vejatimon.com\/wp-content\/uploads\/2023\/05\/IMG-20230512-WA0010-696x392.jpg 696w, https:\/\/vejatimon.com\/wp-content\/uploads\/2023\/05\/IMG-20230512-WA0010-1068x601.jpg 1068w\" sizes=\"auto, (max-width: 1600px) 100vw, 1600px\" data-pagespeed-url-hash=\"3225459807\" onload=\"pagespeed.CriticalImages.checkImageForCriticality(this);\"\/>Em 2021, o deputado Rafael visitou a sede da APAC em Timon.<\/p>\n<p><img data-attachment-id=\"41450\" data-permalink=\"https:\/\/vejatimon.com\/geral\/deputado-rafael-anuncia-entrega-da-sede-da-apac-de-timon\/attachment\/img-20230512-wa0011\/\" data-orig-file=\"https:\/\/vejatimon.com\/wp-content\/uploads\/2023\/05\/IMG-20230512-WA0011.jpg\" data-orig-size=\"1600,900\" data-comments-opened=\"1\" data-image-meta=\"{&quot;aperture&quot;:&quot;0&quot;,&quot;credit&quot;:&quot;&quot;,&quot;camera&quot;:&quot;&quot;,&quot;caption&quot;:&quot;&quot;,&quot;created_timestamp&quot;:&quot;0&quot;,&quot;copyright&quot;:&quot;&quot;,&quot;focal_length&quot;:&quot;0&quot;,&quot;iso&quot;:&quot;0&quot;,&quot;shutter_speed&quot;:&quot;0&quot;,&quot;title&quot;:&quot;&quot;,&quot;orientation&quot;:&quot;0&quot;}\" data-image-title=\"IMG-20230512-WA0011\" data-image-description=\"\" data-image-caption=\"\" data-medium-file=\"https:\/\/vejatimon.com\/wp-content\/uploads\/2023\/05\/IMG-20230512-WA0011-300x169.jpg\" data-large-file=\"https:\/\/vejatimon.com\/wp-content\/uploads\/2023\/05\/IMG-20230512-WA0011-1024x576.jpg\" decoding=\"async\" loading=\"lazy\" class=\"alignnone size-full wp-image-41450\" src=\"https:\/\/vejatimon.com\/wp-content\/uploads\/2023\/05\/xIMG-20230512-WA0011.jpg.pagespeed.ic.6V-G6PnGrw.jpg\" alt=\"\" width=\"1600\" height=\"900\" srcset=\"https:\/\/vejatimon.com\/wp-content\/uploads\/2023\/05\/xIMG-20230512-WA0011.jpg.pagespeed.ic.6V-G6PnGrw.jpg 1600w, https:\/\/vejatimon.com\/wp-content\/uploads\/2023\/05\/xIMG-20230512-WA0011-300x169.jpg.pagespeed.ic.zYoWW_gtTf.jpg 300w, https:\/\/vejatimon.com\/wp-content\/uploads\/2023\/05\/IMG-20230512-WA0011-1024x576.jpg 1024w, https:\/\/vejatimon.com\/wp-content\/uploads\/2023\/05\/IMG-20230512-WA0011-768x432.jpg 768w, https:\/\/vejatimon.com\/wp-content\/uploads\/2023\/05\/IMG-20230512-WA0011-1536x864.jpg 1536w, https:\/\/vejatimon.com\/wp-content\/uploads\/2023\/05\/IMG-20230512-WA0011-696x392.jpg 696w, https:\/\/vejatimon.com\/wp-content\/uploads\/2023\/05\/IMG-20230512-WA0011-1068x601.jpg 1068w\" sizes=\"auto, (max-width: 1600px) 100vw, 1600px\" data-pagespeed-url-hash=\"3519959728\" onload=\"pagespeed.CriticalImages.checkImageForCriticality(this);\"\/>Os apenados produzem mais de 2.000 blocos de concretos por dia. Isso \u00e9 fruto dos projetos Trabalho com Dignidade e Ruas Dignas, ambos do governo do estado. Em 2021 e 2022, o deputado Rafael destinou Emendas Parlamentares para cal\u00e7amento de ruas com bloquetes produzidos pela APAC. Fonte\/assessoria.\n<\/p>\n<p><h3 class=\"jp-relatedposts-headline\"><em>Relacionado<\/em><\/h3>\n<\/p>\n<\/div>\n","protected":false},"excerpt":{"rendered":"<p>Destacou ainda a parceria, com Brand\u00e3o, o ministro Dino e governo Lula para o avan\u00e7o nas pol\u00edticas p\u00fablicas do sistema penitenci\u00e1rio O deputado Rafael, em seu discurso na Sess\u00e3o desta&hellip; <\/p>\n","protected":false},"author":1,"featured_media":54618,"comment_status":"open","ping_status":"open","sticky":false,"template":"","format":"standard","meta":{"footnotes":""},"categories":[534],"tags":[],"class_list":["post-54617","post","type-post","status-publish","format-standard","has-post-thumbnail","hentry","category-timon-ma"],"_links":{"self":[{"href":"https:\/\/mpiaui.com.br\/antigo\/index.php?rest_route=\/wp\/v2\/posts\/54617","targetHints":{"allow":["GET"]}}],"collection":[{"href":"https:\/\/mpiaui.com.br\/antigo\/index.php?rest_route=\/wp\/v2\/posts"}],"about":[{"href":"https:\/\/mpiaui.com.br\/antigo\/index.php?rest_route=\/wp\/v2\/types\/post"}],"author":[{"embeddable":true,"href":"https:\/\/mpiaui.com.br\/antigo\/index.php?rest_route=\/wp\/v2\/users\/1"}],"replies":[{"embeddable":true,"href":"https:\/\/mpiaui.com.br\/antigo\/index.php?rest_route=%2Fwp%2Fv2%2Fcomments&post=54617"}],"version-history":[{"count":0,"href":"https:\/\/mpiaui.com.br\/antigo\/index.php?rest_route=\/wp\/v2\/posts\/54617\/revisions"}],"wp:featuredmedia":[{"embeddable":true,"href":"https:\/\/mpiaui.com.br\/antigo\/index.php?rest_route=\/wp\/v2\/media\/54618"}],"wp:attachment":[{"href":"https:\/\/mpiaui.com.br\/antigo\/index.php?rest_route=%2Fwp%2Fv2%2Fmedia&parent=54617"}],"wp:term":[{"taxonomy":"category","embeddable":true,"href":"https:\/\/mpiaui.com.br\/antigo\/index.php?rest_route=%2Fwp%2Fv2%2Fcategories&post=54617"},{"taxonomy":"post_tag","embeddable":true,"href":"https:\/\/mpiaui.com.br\/antigo\/index.php?rest_route=%2Fwp%2Fv2%2Ftags&post=54617"}],"curies":[{"name":"wp","href":"https:\/\/api.w.org\/{rel}","templated":true}]}}