{"id":54625,"date":"2023-05-12T07:43:13","date_gmt":"2023-05-12T10:43:13","guid":{"rendered":"https:\/\/mpiaui.com.br\/vereador-uilma-resende-quer-saber-por-que-ainda-falta-agua-no-residencial-novo-tempo-em-timon\/"},"modified":"2023-05-12T07:43:13","modified_gmt":"2023-05-12T10:43:13","slug":"vereador-uilma-resende-quer-saber-por-que-ainda-falta-agua-no-residencial-novo-tempo-em-timon","status":"publish","type":"post","link":"https:\/\/mpiaui.com.br\/antigo\/?p=54625","title":{"rendered":"Vereador Uilma Resende quer saber por que ainda falta \u00e1gua no Residencial Novo Tempo, em Timon"},"content":{"rendered":"<p><\/p>\n<div data-td-block-uid=\"tdi_94\">\n<div class=\"tdb-block-inner td-fix-index\">\n<p><em><strong>Uilma Resende protocolou Of\u00edcio na AGERT sobre falta de \u00e1gua no Novo Tempo.<\/strong><\/em><\/p>\n<p>Em busca de solucionar o problema de abastecimento no Residencial Novo Tempo, o vereador Uilma Resende acionou, via Of\u00edcio, a Ag\u00eancia Reguladora de Timon \u2013 AGERT. Moradores do Residencial sofrem constantemente com a falta de \u00e1gua, essencial para o uso dom\u00e9stico, trabalho e limpeza.<\/p>\n<p>Anteriormente, o vereador j\u00e1 havia conseguido melhoria na qualidade da \u00e1gua do Residencial Novo Tempo, comprovada via exame laboratorial, ser de p\u00e9ssima qualidade. Agora, segundo moradores, o problema maior era a falta de abastecimento.<\/p>\n<p>Segundo Uilma Resende, s\u00e3o 2 mil fam\u00edlias prejudicadas diariamente com o abastecimento prec\u00e1rio. \u201cS\u00e3o centenas de fam\u00edlias prejudicadas diariamente com a falta d\u2019\u00e1gua no Novo Tempo. Nosso trabalho na C\u00e2mara tem sido ir nas comunidades ouvir as demandas e buscar solu\u00e7\u00f5es. A \u00c1guas de Timon tem que resolver esse problema. Protocolamos Of\u00edcio na AGERT para que seja resolvido o mais r\u00e1pido poss\u00edvel. A \u00e1gua \u00e9 essencial para toda e qualquer atividade\u201d destacou Uilma Resende.\n<\/p>\n<p><h3 class=\"jp-relatedposts-headline\"><em>Relacionado<\/em><\/h3>\n<\/p>\n<\/div>\n<\/div>\n","protected":false},"excerpt":{"rendered":"<p>Uilma Resende protocolou Of\u00edcio na AGERT sobre falta de \u00e1gua no Novo Tempo. Em busca de solucionar o problema de abastecimento no Residencial Novo Tempo, o vereador Uilma Resende acionou,&hellip; <\/p>\n","protected":false},"author":1,"featured_media":54626,"comment_status":"open","ping_status":"open","sticky":false,"template":"","format":"standard","meta":{"footnotes":""},"categories":[534],"tags":[],"class_list":["post-54625","post","type-post","status-publish","format-standard","has-post-thumbnail","hentry","category-timon-ma"],"_links":{"self":[{"href":"https:\/\/mpiaui.com.br\/antigo\/index.php?rest_route=\/wp\/v2\/posts\/54625","targetHints":{"allow":["GET"]}}],"collection":[{"href":"https:\/\/mpiaui.com.br\/antigo\/index.php?rest_route=\/wp\/v2\/posts"}],"about":[{"href":"https:\/\/mpiaui.com.br\/antigo\/index.php?rest_route=\/wp\/v2\/types\/post"}],"author":[{"embeddable":true,"href":"https:\/\/mpiaui.com.br\/antigo\/index.php?rest_route=\/wp\/v2\/users\/1"}],"replies":[{"embeddable":true,"href":"https:\/\/mpiaui.com.br\/antigo\/index.php?rest_route=%2Fwp%2Fv2%2Fcomments&post=54625"}],"version-history":[{"count":0,"href":"https:\/\/mpiaui.com.br\/antigo\/index.php?rest_route=\/wp\/v2\/posts\/54625\/revisions"}],"wp:featuredmedia":[{"embeddable":true,"href":"https:\/\/mpiaui.com.br\/antigo\/index.php?rest_route=\/wp\/v2\/media\/54626"}],"wp:attachment":[{"href":"https:\/\/mpiaui.com.br\/antigo\/index.php?rest_route=%2Fwp%2Fv2%2Fmedia&parent=54625"}],"wp:term":[{"taxonomy":"category","embeddable":true,"href":"https:\/\/mpiaui.com.br\/antigo\/index.php?rest_route=%2Fwp%2Fv2%2Fcategories&post=54625"},{"taxonomy":"post_tag","embeddable":true,"href":"https:\/\/mpiaui.com.br\/antigo\/index.php?rest_route=%2Fwp%2Fv2%2Ftags&post=54625"}],"curies":[{"name":"wp","href":"https:\/\/api.w.org\/{rel}","templated":true}]}}